{"id":142168,"date":"2026-08-30T17:19:22","date_gmt":"2026-08-30T14:19:22","guid":{"rendered":"https:\/\/mersingazetesi.com\/?p=142168"},"modified":"2026-08-30T17:19:22","modified_gmt":"2026-08-30T14:19:22","slug":"kazazedelerin-yakinlarinin-tasucu-limanindaki-endiseli-bekleyisleri-suruyor","status":"publish","type":"post","link":"https:\/\/mersingazetesi.com\/index.php\/2026\/08\/30\/kazazedelerin-yakinlarinin-tasucu-limanindaki-endiseli-bekleyisleri-suruyor\/","title":{"rendered":"Kazazedelerin yak\u0131nlar\u0131n\u0131n Ta\u015fucu Liman\u0131&#8217;ndaki endi\u015feli bekleyi\u015fleri s\u00fcr\u00fcyor"},"content":{"rendered":"<p>Kuzey K\u0131br\u0131s T\u00fcrk Cumhuriyeti&#8217;nin (KKTC) Girne kenti a\u00e7\u0131klar\u0131nda meydana gelen feribot kazas\u0131n\u0131n ard\u0131ndan\u00a0<strong class=\"searchword\">Mersin<\/strong>&#8216;in Silifke il\u00e7esindeki Ta\u015fucu Liman\u0131&#8217;nda kazazedelerin yak\u0131nlar\u0131n\u0131n endi\u015feli bekleyi\u015fi s\u00fcr\u00fcyor. Yak\u0131nlar\u0131ndan gelecek iyi haberi umutla bekleyen aileler, limandaki yolcu salonu \u00f6n\u00fcnde bir araya gelirken, g\u00f6zler arama kurtarma \u00e7al\u0131\u015fmalar\u0131ndan gelecek haberlere \u00e7evrildi.<br \/>\nGirne a\u00e7\u0131klar\u0131nda meydana gelen kazan\u0131n duyulmas\u0131n\u0131n ard\u0131ndan kazazedelerin yak\u0131nlar\u0131 da Ta\u015fucu Liman\u0131&#8217;na gelmeye ba\u015flad\u0131. Kazadan kurtar\u0131lan yolcular\u0131n limana getirilme ihtimali nedeniyle ailelerin limandaki bekleyi\u015fi devam ederken, yak\u0131nlar\u0131n\u0131n sa\u011fl\u0131k durumlar\u0131 ve ak\u0131betleriyle ilgili bilgi almaya \u00e7al\u0131\u015fan vatanda\u015flar\u0131n b\u00fcy\u00fck bir endi\u015fe i\u00e7erisinde oldu\u011fu g\u00f6r\u00fcld\u00fc.<br \/>\nLimanda bekleyen kazazede yak\u0131nlar\u0131, bir yandan yetkililerden gelecek a\u00e7\u0131klamalar\u0131 takip ederken, di\u011fer yandan telefonlar\u0131ndan b\u00f6lgeden gelecek haberleri bekledi. Saatler ilerledik\u00e7e limandaki bekleyi\u015fin daha da yo\u011funla\u015ft\u0131\u011f\u0131 g\u00f6zlenirken, ailelerin umutlu ancak endi\u015feli halleri dikkat \u00e7ekti.<br \/>\nEkipler teyakkuza ge\u00e7irildi<br \/>\nKazadan kurtar\u0131lan yolcular\u0131n Ta\u015fucu Liman\u0131&#8217;na getirilme ihtimaline kar\u015f\u0131\u00a0<strong class=\"searchword\">Mersin<\/strong>&#8216;de geni\u015f \u00e7apl\u0131 haz\u0131rl\u0131k ba\u015flat\u0131ld\u0131. Limanda ilgili kurum ve ekiplerin haz\u0131r bekletildi\u011fi, muhtemel bir kazazede sevkiyat\u0131nda sa\u011fl\u0131k ve koordinasyon \u00e7al\u0131\u015fmalar\u0131n\u0131n h\u0131zl\u0131 \u015fekilde y\u00fcr\u00fct\u00fclmesi i\u00e7in gerekli tedbirlerin al\u0131nd\u0131\u011f\u0131 bildirildi.<br \/>\nBu kapsamda AFAD ve sa\u011fl\u0131k ekipleri ba\u015fta olmak \u00fczere g\u00f6revli personelin limanda haz\u0131r bekletildi\u011fi \u00f6\u011frenildi. Kazazedelerin\u00a0<strong class=\"searchword\">Mersin<\/strong>&#8216;e getirilmesi durumunda ilk m\u00fcdahale, sa\u011fl\u0131k kontrolleri ve gerekli sevk i\u015flemlerinin koordinasyon i\u00e7erisinde ger\u00e7ekle\u015ftirilmesi i\u00e7in haz\u0131rl\u0131klar\u0131n s\u00fcrd\u00fc\u011f\u00fc belirtildi.<br \/>\nGirne k\u0131y\u0131s\u0131ndan yakla\u015f\u0131k 2,5 kilometre a\u00e7\u0131kta meydana gelen olayda, Filo Denizcili\u011fe ait katamaran tipi yolcu gemisinin su alarak batt\u0131\u011f\u0131 belirtildi. Gemide toplam 279 ki\u015finin bulundu\u011fu, olay\u0131n ard\u0131ndan b\u00f6lgede geni\u015f \u00e7apl\u0131 arama ve kurtarma \u00e7al\u0131\u015fmalar\u0131n\u0131n ba\u015flat\u0131ld\u0131\u011f\u0131 \u00f6\u011frenildi.<br \/>\nKazan\u0131n ard\u0131ndan hem denizde y\u00fcr\u00fct\u00fclen arama kurtarma faaliyetleri hem de\u00a0<strong class=\"searchword\">Mersin<\/strong>&#8216;deki muhtemel tahliye haz\u0131rl\u0131klar\u0131 yak\u0131ndan takip edilirken, Ta\u015fucu Liman\u0131&#8217;nda bekleyen ailelerin en b\u00fcy\u00fck beklentisinin yak\u0131nlar\u0131ndan gelecek iyi bir haber oldu\u011fu ifade edildi.<\/p>\n","protected":false},"excerpt":{"rendered":"<p>Kuzey K\u0131br\u0131s T\u00fcrk Cumhuriyeti&#8217;nin (KKTC) Girne kenti a\u00e7\u0131klar\u0131nda meydana gelen feribot kazas\u0131n\u0131n ard\u0131ndan\u00a0Mersin&#8216;in Silifke il\u00e7esindeki Ta\u015fucu Liman\u0131&#8217;nda kazazedelerin yak\u0131nlar\u0131n\u0131n endi\u015feli bekleyi\u015fi s\u00fcr\u00fcyor. Yak\u0131nlar\u0131ndan gelecek iyi haberi umutla bekleyen aileler, limandaki yolcu salonu \u00f6n\u00fcnde bir araya gelirken, g\u00f6zler arama kurtarma \u00e7al\u0131\u015fmalar\u0131ndan gelecek haberlere \u00e7evrildi. Girne a\u00e7\u0131klar\u0131nda meydana gelen kazan\u0131n duyulmas\u0131n\u0131n ard\u0131ndan kazazedelerin yak\u0131nlar\u0131 da Ta\u015fucu Liman\u0131&#8217;na [&hellip;]<\/p>\n","protected":false},"author":2,"featured_media":142169,"comment_status":"open","ping_status":"open","sticky":false,"template":"","format":"standard","meta":{"footnotes":""},"categories":[1],"tags":[],"class_list":["post-142168","post","type-post","status-publish","format-standard","has-post-thumbnail","hentry","category-gundem"],"views":182,"_links":{"self":[{"href":"https:\/\/mersingazetesi.com\/index.php\/wp-json\/wp\/v2\/posts\/142168","targetHints":{"allow":["GET"]}}],"collection":[{"href":"https:\/\/mersingazetesi.com\/index.php\/wp-json\/wp\/v2\/posts"}],"about":[{"href":"https:\/\/mersingazetesi.com\/index.php\/wp-json\/wp\/v2\/types\/post"}],"author":[{"embeddable":true,"href":"https:\/\/mersingazetesi.com\/index.php\/wp-json\/wp\/v2\/users\/2"}],"replies":[{"embeddable":true,"href":"https:\/\/mersingazetesi.com\/index.php\/wp-json\/wp\/v2\/comments?post=142168"}],"version-history":[{"count":1,"href":"https:\/\/mersingazetesi.com\/index.php\/wp-json\/wp\/v2\/posts\/142168\/revisions"}],"predecessor-version":[{"id":142170,"href":"https:\/\/mersingazetesi.com\/index.php\/wp-json\/wp\/v2\/posts\/142168\/revisions\/142170"}],"wp:featuredmedia":[{"embeddable":true,"href":"https:\/\/mersingazetesi.com\/index.php\/wp-json\/wp\/v2\/media\/142169"}],"wp:attachment":[{"href":"https:\/\/mersingazetesi.com\/index.php\/wp-json\/wp\/v2\/media?parent=142168"}],"wp:term":[{"taxonomy":"category","embeddable":true,"href":"https:\/\/mersingazetesi.com\/index.php\/wp-json\/wp\/v2\/categories?post=142168"},{"taxonomy":"post_tag","embeddable":true,"href":"https:\/\/mersingazetesi.com\/index.php\/wp-json\/wp\/v2\/tags?post=142168"}],"curies":[{"name":"wp","href":"https:\/\/api.w.org\/{rel}","templated":true}]}}