{"id":142165,"date":"2026-08-30T17:18:23","date_gmt":"2026-08-30T14:18:23","guid":{"rendered":"https:\/\/mersingazetesi.com\/?p=142165"},"modified":"2026-08-30T17:18:23","modified_gmt":"2026-08-30T14:18:23","slug":"girnede-batan-gemiden-kurtulan-yolcular-bu-havada-gidilmez-diye-uyardik","status":"publish","type":"post","link":"https:\/\/mersingazetesi.com\/index.php\/2026\/08\/30\/girnede-batan-gemiden-kurtulan-yolcular-bu-havada-gidilmez-diye-uyardik\/","title":{"rendered":"Girne\u2019de batan gemiden kurtulan yolcular: &#8220;Bu havada gidilmez diye uyard\u0131k&#8221;"},"content":{"rendered":"<p>Kuzey K\u0131br\u0131s T\u00fcrk Cumhuriyeti\u2019nin (KKTC) Girne a\u00e7\u0131klar\u0131nda batan katamaran tipi yolcu gemisinden sa\u011f kurtulan yolcular, kaza an\u0131nda ya\u015fananlar\u0131 ve kurtar\u0131lma s\u00fcrecini anlat\u0131rken, gemi m\u00fcrettebat\u0131n\u0131 hava \u015fartlar\u0131 hakk\u0131nda uyard\u0131klar\u0131n\u0131 bildirdi.<br \/>\nKuzey K\u0131br\u0131s T\u00fcrk Cumhuriyeti\u2019nin (KKTC) Girne a\u00e7\u0131klar\u0131nda batan katamaran tipi yolcu gemisinde bulunan yolcular\u0131n ya\u015fad\u0131\u011f\u0131 panik ve kurtarma operasyonunun ayr\u0131nt\u0131lar\u0131, kazadan sa\u011f kurtulanlar\u0131n anlat\u0131mlar\u0131yla ortaya \u00e7\u0131kt\u0131. \u00dcmit Sayg\u0131l\u0131 isimli yolcu, m\u00fcrettebat\u0131 hava \u015fartlar\u0131 hakk\u0131nda uyard\u0131klar\u0131n\u0131 belirterek, &#8220;Yolcular hep uyard\u0131. Bu havada gidilmez. B\u00f6yle vura vura gidiyordu. Herkes uyard\u0131. Sonra su ka\u00e7aklar\u0131 ba\u015flad\u0131. Dediler ki c\u0131vatalardan geliyor. Sonra koltuklar k\u0131r\u0131ld\u0131. Bir \u015fey olmaz biz al\u0131\u015fk\u0131n\u0131z dediler. Sonra \u00f6n taraf patlay\u0131nca da geri d\u00f6nmeye kalkt\u0131lar. D\u00f6nerken de camlar patlad\u0131. \u0130\u00e7ine su almaya ba\u015flad\u0131. Sonra herkes arkaya \u00e7\u0131k\u0131\u015fa diye ko\u015farak gitti&#8221; dedi.<br \/>\nKendisinin nas\u0131l kurtuldu\u011funa de\u011finen Sayg\u0131l\u0131, &#8220;Hemen ko\u015farak gittim. Bir yerden de can yele\u011fi buldum. Boynuma takt\u0131m, atlad\u0131m&#8221; ifadelerini kulland\u0131.<br \/>\nGemide mahsur kalanlara ili\u015fkin de bilgi veren \u00dcmit Sayg\u0131l\u0131, &#8220;\u00c7ocuk \u00e7ok, ya\u015fl\u0131 \u00e7ok. Orta kamaradakiler s\u0131k\u0131nt\u0131l\u0131. \u00d6l\u00fc g\u00f6rmedik. Orta kamarada ya\u015fl\u0131lar, y\u00fczme bilmeyenler \u00fcst\u00fcne \u00e7\u0131kabildiyse \u00e7\u0131kt\u0131. \u00c7\u0131kamad\u0131ysa Allah rahmet eylesin&#8221; diye konu\u015ftu.<\/p>\n<p>&#8220;\u2019Biz al\u0131\u015fk\u0131n\u0131z, bu normaldir\u2019 dediler&#8221;<br \/>\nBir ba\u015fka yolcu \u0130brahim Canbolat ise g\u00f6revlilere geminin su ald\u0131\u011f\u0131n\u0131 belirttiklerini, ancak &#8220;Biz al\u0131\u015fk\u0131n\u0131z, bu normaldir&#8221; cevab\u0131n\u0131 ald\u0131klar\u0131n\u0131 s\u00f6yledi. Canbolat, &#8220;\u00c7ok su ka\u00e7\u0131rmaya ba\u015flad\u0131. En sonunda yan tarafta bir yer patlad\u0131. Ben cam\u0131n kenar\u0131nda oturuyordum. Gemi hemen yatmaya ba\u015flad\u0131. G\u00f6revli kendi en arkaya gitti. Sonra dedi ki herkes arkaya ka\u00e7s\u0131n. Kimseye can yele\u011fi vermedi. Herkes kendi m\u00fccadelesiyle kurtuldu&#8221; dedi.<br \/>\nKendisinin sivil bir tekne taraf\u0131ndan kurtar\u0131ld\u0131\u011f\u0131n\u0131 aktaran Canbolat, m\u00fcrettebat\u0131n Pakistanl\u0131 oldu\u011funu belirterek kendilerini anlamad\u0131klar\u0131n\u0131 s\u00f6yledi. Sa\u011f kurtulan yolcu, &#8220;Anlam\u0131yorlar adamlar. D\u00fcmd\u00fcz gidiyor. \u0130nad\u0131na da bast\u0131. En sonunda gemi yan yatmaya ba\u015flad\u0131. Camlar patlad\u0131 zaten. Art\u0131k ne oldu\u011funu biz de bilmiyoruz. Yani \u015foktay\u0131z \u015fu an&#8221; \u015feklinde konu\u015ftu.<br \/>\nSuya atlayanlar\u0131n oldu\u011funu belirten Canpolat, &#8220;Geminin \u00fcst\u00fcnde olanlar oldu. Geminin i\u00e7inde \u00e7o\u011fu \u00e7ocuktu. Kurtaran kurtard\u0131, kurtarmayan da orada kald\u0131. \u00c7ok \u00e7ocuk vard\u0131. \u00d6l\u00fc vard\u0131r. Orada s\u0131k\u0131\u015fanlar var. Demirin aras\u0131nda s\u0131k\u0131\u015fanlar var. \u00c7\u0131kamayanlar var. Arkada kalanlar var. Yani gemi yan yatt\u0131 nas\u0131l kurtulacaklar. Y\u00fczmeyi bilmeyenler var. Kimseye can yele\u011fi da\u011f\u0131tmad\u0131lar&#8221; ifadelerini kulland\u0131. M\u00fcrettebat\u0131n can yele\u011fi da\u011f\u0131tmad\u0131\u011f\u0131n\u0131 aktaran \u0130brahim Canbolat, Filo Denizcilik\u2019ten \u015fikayet\u00e7i olaca\u011f\u0131n\u0131 s\u00f6yledi.<\/p>\n","protected":false},"excerpt":{"rendered":"<p>Kuzey K\u0131br\u0131s T\u00fcrk Cumhuriyeti\u2019nin (KKTC) Girne a\u00e7\u0131klar\u0131nda batan katamaran tipi yolcu gemisinden sa\u011f kurtulan yolcular, kaza an\u0131nda ya\u015fananlar\u0131 ve kurtar\u0131lma s\u00fcrecini anlat\u0131rken, gemi m\u00fcrettebat\u0131n\u0131 hava \u015fartlar\u0131 hakk\u0131nda uyard\u0131klar\u0131n\u0131 bildirdi. Kuzey K\u0131br\u0131s T\u00fcrk Cumhuriyeti\u2019nin (KKTC) Girne a\u00e7\u0131klar\u0131nda batan katamaran tipi yolcu gemisinde bulunan yolcular\u0131n ya\u015fad\u0131\u011f\u0131 panik ve kurtarma operasyonunun ayr\u0131nt\u0131lar\u0131, kazadan sa\u011f kurtulanlar\u0131n anlat\u0131mlar\u0131yla ortaya \u00e7\u0131kt\u0131. [&hellip;]<\/p>\n","protected":false},"author":2,"featured_media":142166,"comment_status":"open","ping_status":"open","sticky":false,"template":"","format":"standard","meta":{"footnotes":""},"categories":[1],"tags":[],"class_list":["post-142165","post","type-post","status-publish","format-standard","has-post-thumbnail","hentry","category-gundem"],"views":193,"_links":{"self":[{"href":"https:\/\/mersingazetesi.com\/index.php\/wp-json\/wp\/v2\/posts\/142165","targetHints":{"allow":["GET"]}}],"collection":[{"href":"https:\/\/mersingazetesi.com\/index.php\/wp-json\/wp\/v2\/posts"}],"about":[{"href":"https:\/\/mersingazetesi.com\/index.php\/wp-json\/wp\/v2\/types\/post"}],"author":[{"embeddable":true,"href":"https:\/\/mersingazetesi.com\/index.php\/wp-json\/wp\/v2\/users\/2"}],"replies":[{"embeddable":true,"href":"https:\/\/mersingazetesi.com\/index.php\/wp-json\/wp\/v2\/comments?post=142165"}],"version-history":[{"count":1,"href":"https:\/\/mersingazetesi.com\/index.php\/wp-json\/wp\/v2\/posts\/142165\/revisions"}],"predecessor-version":[{"id":142167,"href":"https:\/\/mersingazetesi.com\/index.php\/wp-json\/wp\/v2\/posts\/142165\/revisions\/142167"}],"wp:featuredmedia":[{"embeddable":true,"href":"https:\/\/mersingazetesi.com\/index.php\/wp-json\/wp\/v2\/media\/142166"}],"wp:attachment":[{"href":"https:\/\/mersingazetesi.com\/index.php\/wp-json\/wp\/v2\/media?parent=142165"}],"wp:term":[{"taxonomy":"category","embeddable":true,"href":"https:\/\/mersingazetesi.com\/index.php\/wp-json\/wp\/v2\/categories?post=142165"},{"taxonomy":"post_tag","embeddable":true,"href":"https:\/\/mersingazetesi.com\/index.php\/wp-json\/wp\/v2\/tags?post=142165"}],"curies":[{"name":"wp","href":"https:\/\/api.w.org\/{rel}","templated":true}]}}