{"id":142162,"date":"2026-08-30T15:39:38","date_gmt":"2026-08-30T12:39:38","guid":{"rendered":"https:\/\/mersingazetesi.com\/?p=142162"},"modified":"2026-08-30T15:39:38","modified_gmt":"2026-08-30T12:39:38","slug":"semih-palamut-ureticimizin-yaninda-olmaya-devam-edecegiz","status":"publish","type":"post","link":"https:\/\/mersingazetesi.com\/index.php\/2026\/08\/30\/semih-palamut-ureticimizin-yaninda-olmaya-devam-edecegiz\/","title":{"rendered":"Semih Palamut: \u00dcreticimizin Yan\u0131nda Olmaya Devam Edece\u011fiz"},"content":{"rendered":"<div id=\"message-htmlpart1\" class=\"message-htmlpart\">\n<div id=\"message-htmlpart1\" class=\"rcmBody\">\n<div dir=\"ltr\">Cumhuriyet Halk Partisi Akdeniz \u0130l\u00e7e Ba\u015fkan\u0131 Semih Palamut, Mersin B\u00fcy\u00fck\u015fehir Belediyesi taraf\u0131ndan d\u00fczenlenen Sera \u0130pi, Yap\u0131\u015fkan Tuzak ve Hidrolize Protein Da\u011f\u0131t\u0131m T\u00f6reni&#8217;ne kat\u0131ld\u0131klar\u0131n\u0131 belirterek, \u00fcreticilere y\u00f6nelik desteklerin \u00f6nemine dikkat \u00e7ekti.<\/p>\n<p>&#8220;\u00dcRET\u0130C\u0130YE DESTEK SAHADA KAR\u015eILIK BULUYOR&#8221;<\/p>\n<p>Palamut, t\u00f6rene Mersin B\u00fcy\u00fck\u015fehir Belediyesi Ba\u015fkan Vekili Hamit Mert Avc\u0131, Toroslar \u0130l\u00e7e Ba\u015fkan\u0131 \u0130zzet K\u0131r\u0131lmaz, Gen\u00e7lik Kollar\u0131 \u0130l Ba\u015fkan\u0131 Okan Kaya, Akdeniz \u0130l\u00e7e Gen\u00e7lik Kollar\u0131 Ba\u015fkan\u0131 Mehmet Cihangir, meclis \u00fcyeleri, Ziraat Odas\u0131 Ba\u015fkan\u0131 Musa Y\u0131lmaz ve parti \u00f6rg\u00fct\u00fcyle birlikte kat\u0131ld\u0131klar\u0131n\u0131 ifade etti.<\/p>\n<p>Palamut, &#8220;\u00dcreticilerimizin ihtiya\u00e7lar\u0131na do\u011frudan kar\u015f\u0131l\u0131k veren bu t\u00fcr destekleri son derece k\u0131ymetli buluyoruz. Tar\u0131msal \u00fcretimin s\u00fcrd\u00fcr\u00fclebilirli\u011fi a\u00e7\u0131s\u0131ndan sahaya dokunan \u00e7al\u0131\u015fmalar b\u00fcy\u00fck \u00f6nem ta\u015f\u0131yor.&#8221; dedi.<\/p>\n<p>&#8220;EME\u011e\u0130 GE\u00c7EN HERKESE TE\u015eEKK\u00dcR ED\u0130YORUZ&#8221;<\/p>\n<p>Da\u011f\u0131t\u0131m program\u0131nda eme\u011fi ge\u00e7enlere te\u015fekk\u00fcr eden Palamut, &#8220;Mersin B\u00fcy\u00fck\u015fehir Belediyemizin \u00fcreticilerimize y\u00f6nelik katk\u0131lar\u0131n\u0131n devam etmesini \u00f6nemsiyoruz. Bu anlaml\u0131 organizasyonda eme\u011fi bulunan herkese te\u015fekk\u00fcr ediyoruz.&#8221; ifadelerini kulland\u0131.<\/p>\n<p>Palamut, CHP Akdeniz \u00f6rg\u00fct\u00fc olarak \u00fcreticilerin sorunlar\u0131n\u0131 dinlemeye ve tar\u0131msal \u00fcretimi destekleyen \u00e7al\u0131\u015fmalar\u0131n yan\u0131nda olmaya devam edeceklerini belirtti.<\/p><\/div>\n<\/div>\n<\/div>\n<p class=\"image-attachment\">\n","protected":false},"excerpt":{"rendered":"<p>Cumhuriyet Halk Partisi Akdeniz \u0130l\u00e7e Ba\u015fkan\u0131 Semih Palamut, Mersin B\u00fcy\u00fck\u015fehir Belediyesi taraf\u0131ndan d\u00fczenlenen Sera \u0130pi, Yap\u0131\u015fkan Tuzak ve Hidrolize Protein Da\u011f\u0131t\u0131m T\u00f6reni&#8217;ne kat\u0131ld\u0131klar\u0131n\u0131 belirterek, \u00fcreticilere y\u00f6nelik desteklerin \u00f6nemine dikkat \u00e7ekti. &#8220;\u00dcRET\u0130C\u0130YE DESTEK SAHADA KAR\u015eILIK BULUYOR&#8221; Palamut, t\u00f6rene Mersin B\u00fcy\u00fck\u015fehir Belediyesi Ba\u015fkan Vekili Hamit Mert Avc\u0131, Toroslar \u0130l\u00e7e Ba\u015fkan\u0131 \u0130zzet K\u0131r\u0131lmaz, Gen\u00e7lik Kollar\u0131 \u0130l Ba\u015fkan\u0131 Okan [&hellip;]<\/p>\n","protected":false},"author":2,"featured_media":142163,"comment_status":"open","ping_status":"open","sticky":false,"template":"","format":"standard","meta":{"footnotes":""},"categories":[1],"tags":[],"class_list":["post-142162","post","type-post","status-publish","format-standard","has-post-thumbnail","hentry","category-gundem"],"views":193,"_links":{"self":[{"href":"https:\/\/mersingazetesi.com\/index.php\/wp-json\/wp\/v2\/posts\/142162","targetHints":{"allow":["GET"]}}],"collection":[{"href":"https:\/\/mersingazetesi.com\/index.php\/wp-json\/wp\/v2\/posts"}],"about":[{"href":"https:\/\/mersingazetesi.com\/index.php\/wp-json\/wp\/v2\/types\/post"}],"author":[{"embeddable":true,"href":"https:\/\/mersingazetesi.com\/index.php\/wp-json\/wp\/v2\/users\/2"}],"replies":[{"embeddable":true,"href":"https:\/\/mersingazetesi.com\/index.php\/wp-json\/wp\/v2\/comments?post=142162"}],"version-history":[{"count":1,"href":"https:\/\/mersingazetesi.com\/index.php\/wp-json\/wp\/v2\/posts\/142162\/revisions"}],"predecessor-version":[{"id":142164,"href":"https:\/\/mersingazetesi.com\/index.php\/wp-json\/wp\/v2\/posts\/142162\/revisions\/142164"}],"wp:featuredmedia":[{"embeddable":true,"href":"https:\/\/mersingazetesi.com\/index.php\/wp-json\/wp\/v2\/media\/142163"}],"wp:attachment":[{"href":"https:\/\/mersingazetesi.com\/index.php\/wp-json\/wp\/v2\/media?parent=142162"}],"wp:term":[{"taxonomy":"category","embeddable":true,"href":"https:\/\/mersingazetesi.com\/index.php\/wp-json\/wp\/v2\/categories?post=142162"},{"taxonomy":"post_tag","embeddable":true,"href":"https:\/\/mersingazetesi.com\/index.php\/wp-json\/wp\/v2\/tags?post=142162"}],"curies":[{"name":"wp","href":"https:\/\/api.w.org\/{rel}","templated":true}]}}