{"id":142160,"date":"2026-08-30T15:38:59","date_gmt":"2026-08-30T12:38:59","guid":{"rendered":"https:\/\/mersingazetesi.com\/?p=142160"},"modified":"2026-08-30T15:38:59","modified_gmt":"2026-08-30T12:38:59","slug":"yeni-partili-milletvekili-dincer-mersinden-buyuk-zafere-ayni-bagimsizlik-ruhu","status":"publish","type":"post","link":"https:\/\/mersingazetesi.com\/index.php\/2026\/08\/30\/yeni-partili-milletvekili-dincer-mersinden-buyuk-zafere-ayni-bagimsizlik-ruhu\/","title":{"rendered":"YEN\u0130 Partili Milletvekili Din\u00e7er: Mersin&#8217;den B\u00fcy\u00fck Zafere Ayn\u0131 Ba\u011f\u0131ms\u0131zl\u0131k Ruhu"},"content":{"rendered":"<div id=\"message-htmlpart1\" class=\"message-htmlpart\">\n<div id=\"message-htmlpart1\" class=\"rcmBody\">\n<div dir=\"ltr\">YEN\u0130 Parti Mersin Milletvekili Talat Din\u00e7er, 30 A\u011fustos Zafer Bayram\u0131&#8217;n\u0131n 104. y\u0131l d\u00f6n\u00fcm\u00fc dolay\u0131s\u0131yla yay\u0131mlad\u0131\u011f\u0131 mesajda, B\u00fcy\u00fck Zafer&#8217;in Gazi Mustafa Kemal Atat\u00fcrk&#8217;\u00fcn \u00f6nderli\u011finde T\u00fcrk milletinin ba\u011f\u0131ms\u0131zl\u0131k iradesiyle kazan\u0131ld\u0131\u011f\u0131n\u0131 belirterek, Mersin&#8217;in de Mill\u00ee M\u00fccadele y\u0131llar\u0131nda i\u015fgale kar\u015f\u0131 verdi\u011fi direni\u015fle ba\u011f\u0131ms\u0131zl\u0131k destan\u0131n\u0131n \u00f6nemli \u015fehirlerinden biri oldu\u011funu ifade etti.<\/p>\n<p>&#8220;MERS\u0130N M\u0130LL\u00ce M\u00dcCADELE&#8217;DE \u00dcZER\u0130NE D\u00dc\u015eEN\u0130 YAPTI&#8221;<\/p>\n<p>Mersin ve \u00e7evresinin Mill\u00ee M\u00fccadele y\u0131llar\u0131nda Frans\u0131z i\u015fgaline kar\u015f\u0131 \u00f6nemli bir direni\u015f ortaya koydu\u011funu belirten Din\u00e7er \u015funlar\u0131 s\u00f6yledi:<br \/>\n&#8220;Mersin&#8217;imiz, Mill\u00ee M\u00fccadele&#8217;nin yaln\u0131zca izleyicisi de\u011fil, bizzat m\u00fccadele eden \u015fehirlerinden biridir. Tarsus&#8217;tan Karbo\u011faz\u0131&#8217;na, Toroslar&#8217;dan Mersin&#8217;e kadar bu topraklar\u0131n insanlar\u0131 i\u015fgale kar\u015f\u0131 b\u00fcy\u00fck bir vatanseverlikle m\u00fccadele etmi\u015ftir. Tarsus 27 Aral\u0131k 1921&#8217;de, Mersin ise 3 Ocak 1922&#8217;de i\u015fgalden kurtulmu\u015ftur. Mersinlilerin ortaya koydu\u011fu Kuv\u00e2-yi Milliye ruhu, Anadolu&#8217;nun d\u00f6rt bir yan\u0131nda y\u00fckselen ba\u011f\u0131ms\u0131zl\u0131k iradesinin g\u00fc\u00e7l\u00fc par\u00e7alar\u0131ndan biri olmu\u015ftur.&#8221;<\/p>\n<p>&#8220;30 A\u011eUSTOS BA\u011eIMSIZLIK M\u00dcCADELES\u0130N\u0130N Z\u0130RVES\u0130D\u0130R&#8221;<\/p>\n<p>Mersin&#8217;in kurtulu\u015fundan yakla\u015f\u0131k sekiz ay sonra B\u00fcy\u00fck Taarruz&#8217;un 30 A\u011fustos 1922&#8217;de kesin zaferle sonu\u00e7land\u0131\u011f\u0131n\u0131 hat\u0131rlatan Din\u00e7er, &#8220;G\u00fcneyde Mersin&#8217;in, Tarsus&#8217;un ve \u00c7ukurova&#8217;n\u0131n i\u015fgalden kurtulu\u015fuyla g\u00fc\u00e7lenen ba\u011f\u0131ms\u0131zl\u0131k m\u00fccadelesi, Anadolu&#8217;nun d\u00f6rt bir yan\u0131nda verilen m\u00fccadelelerle birle\u015fmi\u015f ve Gazi Mustafa Kemal Atat\u00fcrk&#8217;\u00fcn Ba\u015fkomutanl\u0131\u011f\u0131nda B\u00fcy\u00fck Zafer&#8217;e ula\u015fm\u0131\u015ft\u0131r. 30 A\u011fustos, bir milletin kendi kaderini kendi ellerine ald\u0131\u011f\u0131, vatan\u0131ndan ve ba\u011f\u0131ms\u0131zl\u0131\u011f\u0131ndan asla vazge\u00e7meyece\u011fini b\u00fct\u00fcn d\u00fcnyaya ilan etti\u011fi g\u00fcnd\u00fcr. Mersinliler olarak bu b\u00fcy\u00fck tarihin bir par\u00e7as\u0131 olman\u0131n gururunu ta\u015f\u0131yoruz.&#8221; dedi.<\/p>\n<p>&#8220;MERS\u0130N&#8217;DEN ATAT\u00dcRK&#8217;E VE KAHRAMANLARIMIZA M\u0130NNET&#8221;<\/p>\n<p>Talat Din\u00e7er mesaj\u0131n\u0131 \u015fu s\u00f6zlerle tamamlad\u0131:<br \/>\n&#8220;3 Ocak&#8217;ta Mersin&#8217;in kurtulu\u015funu hangi gururla kutluyorsak, 30 A\u011fustos B\u00fcy\u00fck Zaferi&#8217;ni de ayn\u0131 ba\u011f\u0131ms\u0131zl\u0131k ruhuyla kutluyoruz. Ba\u015fta Cumhuriyetimizin kurucusu, B\u00fcy\u00fck Taarruz&#8217;un Ba\u015fkomutan\u0131 Gazi Mustafa Kemal Atat\u00fcrk ve silah arkada\u015flar\u0131 olmak \u00fczere, Mersin ve Tarsus&#8217;un kurtulu\u015fu i\u00e7in m\u00fccadele eden Kuv\u00e2-yi Milliye kahramanlar\u0131m\u0131z\u0131, vatan u\u011fruna can veren aziz \u015fehitlerimizi rahmet, minnet ve sayg\u0131yla an\u0131yorum. Mersinli hem\u015fehrilerimizin ve aziz milletimizin 30 A\u011fustos Zafer Bayram\u0131 kutlu olsun. Kuv\u00e2-yi Milliye ruhunu, ba\u011f\u0131ms\u0131zl\u0131\u011f\u0131m\u0131z\u0131 ve Cumhuriyetimizi sonsuza kadar ya\u015fataca\u011f\u0131z.&#8221;<\/p><\/div>\n<\/div>\n<\/div>\n<p class=\"image-attachment\">\n","protected":false},"excerpt":{"rendered":"<p>YEN\u0130 Parti Mersin Milletvekili Talat Din\u00e7er, 30 A\u011fustos Zafer Bayram\u0131&#8217;n\u0131n 104. y\u0131l d\u00f6n\u00fcm\u00fc dolay\u0131s\u0131yla yay\u0131mlad\u0131\u011f\u0131 mesajda, B\u00fcy\u00fck Zafer&#8217;in Gazi Mustafa Kemal Atat\u00fcrk&#8217;\u00fcn \u00f6nderli\u011finde T\u00fcrk milletinin ba\u011f\u0131ms\u0131zl\u0131k iradesiyle kazan\u0131ld\u0131\u011f\u0131n\u0131 belirterek, Mersin&#8217;in de Mill\u00ee M\u00fccadele y\u0131llar\u0131nda i\u015fgale kar\u015f\u0131 verdi\u011fi direni\u015fle ba\u011f\u0131ms\u0131zl\u0131k destan\u0131n\u0131n \u00f6nemli \u015fehirlerinden biri oldu\u011funu ifade etti. &#8220;MERS\u0130N M\u0130LL\u00ce M\u00dcCADELE&#8217;DE \u00dcZER\u0130NE D\u00dc\u015eEN\u0130 YAPTI&#8221; Mersin ve \u00e7evresinin [&hellip;]<\/p>\n","protected":false},"author":2,"featured_media":114942,"comment_status":"open","ping_status":"open","sticky":false,"template":"","format":"standard","meta":{"footnotes":""},"categories":[1],"tags":[],"class_list":["post-142160","post","type-post","status-publish","format-standard","has-post-thumbnail","hentry","category-gundem"],"views":198,"_links":{"self":[{"href":"https:\/\/mersingazetesi.com\/index.php\/wp-json\/wp\/v2\/posts\/142160","targetHints":{"allow":["GET"]}}],"collection":[{"href":"https:\/\/mersingazetesi.com\/index.php\/wp-json\/wp\/v2\/posts"}],"about":[{"href":"https:\/\/mersingazetesi.com\/index.php\/wp-json\/wp\/v2\/types\/post"}],"author":[{"embeddable":true,"href":"https:\/\/mersingazetesi.com\/index.php\/wp-json\/wp\/v2\/users\/2"}],"replies":[{"embeddable":true,"href":"https:\/\/mersingazetesi.com\/index.php\/wp-json\/wp\/v2\/comments?post=142160"}],"version-history":[{"count":1,"href":"https:\/\/mersingazetesi.com\/index.php\/wp-json\/wp\/v2\/posts\/142160\/revisions"}],"predecessor-version":[{"id":142161,"href":"https:\/\/mersingazetesi.com\/index.php\/wp-json\/wp\/v2\/posts\/142160\/revisions\/142161"}],"wp:featuredmedia":[{"embeddable":true,"href":"https:\/\/mersingazetesi.com\/index.php\/wp-json\/wp\/v2\/media\/114942"}],"wp:attachment":[{"href":"https:\/\/mersingazetesi.com\/index.php\/wp-json\/wp\/v2\/media?parent=142160"}],"wp:term":[{"taxonomy":"category","embeddable":true,"href":"https:\/\/mersingazetesi.com\/index.php\/wp-json\/wp\/v2\/categories?post=142160"},{"taxonomy":"post_tag","embeddable":true,"href":"https:\/\/mersingazetesi.com\/index.php\/wp-json\/wp\/v2\/tags?post=142160"}],"curies":[{"name":"wp","href":"https:\/\/api.w.org\/{rel}","templated":true}]}}