{"id":142157,"date":"2026-08-30T15:37:59","date_gmt":"2026-08-30T12:37:59","guid":{"rendered":"https:\/\/mersingazetesi.com\/?p=142157"},"modified":"2026-08-30T15:37:59","modified_gmt":"2026-08-30T12:37:59","slug":"mersin-tasucu-limani-kazazedeler-icin-teyakkuzda","status":"publish","type":"post","link":"https:\/\/mersingazetesi.com\/index.php\/2026\/08\/30\/mersin-tasucu-limani-kazazedeler-icin-teyakkuzda\/","title":{"rendered":"Mersin Ta\u015fucu Liman\u0131 kazazedeler i\u00e7in teyakkuzda"},"content":{"rendered":"<p>Kuzey K\u0131br\u0131s T\u00fcrk Cumhuriyeti&#8217;nin (KKTC)\u00a0<strong class=\"searchword\">Girne<\/strong>\u00a0kenti a\u00e7\u0131klar\u0131nda meydana gelen feribot kazas\u0131n\u0131n ard\u0131ndan Mersin&#8217;in Silifke il\u00e7esinde bulunan Ta\u015fucu Liman\u0131&#8217;nda geni\u015f \u00e7apl\u0131 haz\u0131rl\u0131k ba\u015flat\u0131ld\u0131. Kazadan kurtar\u0131lan yolcular\u0131n Ta\u015fucu Liman\u0131&#8217;na getirilme ihtimaline kar\u015f\u0131 ekiplerin teyakkuza ge\u00e7irildi\u011fi bildirildi.<br \/>\n<strong class=\"searchword\">Girne<\/strong>\u00a0k\u0131y\u0131s\u0131ndan yakla\u015f\u0131k 2,5 kilometre a\u00e7\u0131kta meydana gelen olayda, Filo Denizcili\u011fe ait katamaran tipi yolcu gemisinin su alarak batt\u0131\u011f\u0131 belirtildi. Gemide toplam 279 ki\u015finin bulundu\u011fu, olay\u0131n ard\u0131ndan b\u00f6lgede arama ve kurtarma \u00e7al\u0131\u015fmalar\u0131n\u0131n ba\u015flat\u0131ld\u0131\u011f\u0131 \u00f6\u011frenildi.<br \/>\nKazan\u0131n ard\u0131ndan Mersin&#8217;de de muhtemel bir tahliye ve sa\u011fl\u0131k m\u00fcdahalesine y\u00f6nelik haz\u0131rl\u0131klar h\u0131zland\u0131r\u0131ld\u0131. Ta\u015fucu Liman\u0131&#8217;nda ilgili kurum ve ekiplerin haz\u0131r bekletildi\u011fi, kazazedelerin Mersin&#8217;e getirilmesi durumunda gerekli sa\u011fl\u0131k ve koordinasyon \u00e7al\u0131\u015fmalar\u0131n\u0131n y\u00fcr\u00fct\u00fclmesi i\u00e7in tedbir al\u0131nd\u0131\u011f\u0131 ifade edildi.<br \/>\nVali Toros haz\u0131rl\u0131klar\u0131 yerinde takip etti<br \/>\nMersin Valisi Atilla Toros da Ta\u015fucu Liman\u0131&#8217;na gelerek y\u00fcr\u00fct\u00fclen haz\u0131rl\u0131klar\u0131 yerinde inceledi. Yetkililerden bilgi alan Toros&#8217;un, muhtemel kazazede sevkiyat\u0131na kar\u015f\u0131 t\u00fcm birimlerin koordinasyon i\u00e7erisinde hareket etmesi y\u00f6n\u00fcnde \u00e7al\u0131\u015fmalar\u0131n s\u00fcrd\u00fc\u011f\u00fcn\u00fc takip etti\u011fi belirtildi.<\/p>\n","protected":false},"excerpt":{"rendered":"<p>Kuzey K\u0131br\u0131s T\u00fcrk Cumhuriyeti&#8217;nin (KKTC)\u00a0Girne\u00a0kenti a\u00e7\u0131klar\u0131nda meydana gelen feribot kazas\u0131n\u0131n ard\u0131ndan Mersin&#8217;in Silifke il\u00e7esinde bulunan Ta\u015fucu Liman\u0131&#8217;nda geni\u015f \u00e7apl\u0131 haz\u0131rl\u0131k ba\u015flat\u0131ld\u0131. Kazadan kurtar\u0131lan yolcular\u0131n Ta\u015fucu Liman\u0131&#8217;na getirilme ihtimaline kar\u015f\u0131 ekiplerin teyakkuza ge\u00e7irildi\u011fi bildirildi. Girne\u00a0k\u0131y\u0131s\u0131ndan yakla\u015f\u0131k 2,5 kilometre a\u00e7\u0131kta meydana gelen olayda, Filo Denizcili\u011fe ait katamaran tipi yolcu gemisinin su alarak batt\u0131\u011f\u0131 belirtildi. Gemide toplam 279 [&hellip;]<\/p>\n","protected":false},"author":2,"featured_media":142158,"comment_status":"open","ping_status":"open","sticky":false,"template":"","format":"standard","meta":{"footnotes":""},"categories":[1],"tags":[],"class_list":["post-142157","post","type-post","status-publish","format-standard","has-post-thumbnail","hentry","category-gundem"],"views":198,"_links":{"self":[{"href":"https:\/\/mersingazetesi.com\/index.php\/wp-json\/wp\/v2\/posts\/142157","targetHints":{"allow":["GET"]}}],"collection":[{"href":"https:\/\/mersingazetesi.com\/index.php\/wp-json\/wp\/v2\/posts"}],"about":[{"href":"https:\/\/mersingazetesi.com\/index.php\/wp-json\/wp\/v2\/types\/post"}],"author":[{"embeddable":true,"href":"https:\/\/mersingazetesi.com\/index.php\/wp-json\/wp\/v2\/users\/2"}],"replies":[{"embeddable":true,"href":"https:\/\/mersingazetesi.com\/index.php\/wp-json\/wp\/v2\/comments?post=142157"}],"version-history":[{"count":1,"href":"https:\/\/mersingazetesi.com\/index.php\/wp-json\/wp\/v2\/posts\/142157\/revisions"}],"predecessor-version":[{"id":142159,"href":"https:\/\/mersingazetesi.com\/index.php\/wp-json\/wp\/v2\/posts\/142157\/revisions\/142159"}],"wp:featuredmedia":[{"embeddable":true,"href":"https:\/\/mersingazetesi.com\/index.php\/wp-json\/wp\/v2\/media\/142158"}],"wp:attachment":[{"href":"https:\/\/mersingazetesi.com\/index.php\/wp-json\/wp\/v2\/media?parent=142157"}],"wp:term":[{"taxonomy":"category","embeddable":true,"href":"https:\/\/mersingazetesi.com\/index.php\/wp-json\/wp\/v2\/categories?post=142157"},{"taxonomy":"post_tag","embeddable":true,"href":"https:\/\/mersingazetesi.com\/index.php\/wp-json\/wp\/v2\/tags?post=142157"}],"curies":[{"name":"wp","href":"https:\/\/api.w.org\/{rel}","templated":true}]}}