{"id":142150,"date":"2026-08-30T14:56:51","date_gmt":"2026-08-30T11:56:51","guid":{"rendered":"https:\/\/mersingazetesi.com\/?p=142150"},"modified":"2026-08-30T15:37:12","modified_gmt":"2026-08-30T12:37:12","slug":"kktc-basbakani-ustel-hayatini-kaybedenler-var","status":"publish","type":"post","link":"https:\/\/mersingazetesi.com\/index.php\/2026\/08\/30\/kktc-basbakani-ustel-hayatini-kaybedenler-var\/","title":{"rendered":"KKTC BA\u015eBAKANI \u00dcSTEL: HAYATINI KAYBEDENLER VAR"},"content":{"rendered":"<p>Girne&#8217;den Mersin&#8217;in Ta\u015fucu Liman\u0131&#8217;na gitmek \u00fczere bug\u00fcn \u00f6\u011fleden sonra hareket eden katamaran tipi T\u00fcrk yolcu gemisi, kalk\u0131\u015f\u0131ndan k\u0131sa s\u00fcre sonra alabora oldu<\/p>\n<div class=\"w-full flex flex-col my-2.5\">\n<div id=\"a5ac65e3-43c8-4f3e-b144-45b5893e323c\" class=\"flex items-stretch justify-between gap-x-4 -mt-2 \">\n<div class=\"w-full flex flex-col gap-2.5\">\n<div class=\"whitespace-pre-line text-gray-700 leading-relaxed text-size-16 md:text-size-18\">Kuzey K\u0131br\u0131s T\u00fcrk Cumhuriyeti (KKTC) Ba\u015fbakan\u0131 \u00dcnal \u00dcstel, gemi kazas\u0131n\u0131n ard\u0131ndan geldi\u011fi\u00a0<strong class=\"searchword\">Girne<\/strong>\u00a0Liman\u0131&#8217;nda yapt\u0131\u011f\u0131 a\u00e7\u0131klamada, &#8220;\u00c7ok \u00fczg\u00fcn\u00fcz can kay\u0131plar\u0131m\u0131z ve yaral\u0131lar\u0131m\u0131z var. T\u00fcm imkanlar\u0131m\u0131zla sahaday\u0131z&#8221; dedi.<br \/>\nKuzey K\u0131br\u0131s T\u00fcrk Cumhuriyeti\u2019nde (KKTC) katamaran tipi yolcu gemisinin\u00a0<strong class=\"searchword\">Girne<\/strong>\u00a0a\u00e7\u0131klar\u0131nda batmas\u0131n\u0131n ard\u0131ndan arama kurtarma operasyonlar\u0131 s\u00fcr\u00fcyor. Kazan\u0131n ard\u0131ndan\u00a0<strong class=\"searchword\">Girne<\/strong>\u00a0Liman\u0131\u2019na gelen KKTC Ba\u015fbakan\u0131 \u00dcnal \u00dcstel yapt\u0131\u011f\u0131 a\u00e7\u0131klamada, 258 yolcu, 8 m\u00fcrettabat bulunan geminin\u00a0<strong class=\"searchword\">Girne<\/strong>\u00a0Liman\u0131&#8217;na 7 kilometre a\u00e7\u0131kta alabora oldu\u011funu s\u00f6yledi. \u00dcstel, Sivil Savunma, Sahil G\u00fcvenlik ve di\u011fer t\u00fcm imkanlar\u0131n seferber edilerek kurtarma \u00e7al\u0131\u015fmalar\u0131n\u0131n eksiksiz y\u00fcr\u00fct\u00fcld\u00fc\u011f\u00fcn\u00fc belirtirken, &#8220;\u00c7ok \u00fczg\u00fcn\u00fcz can kay\u0131plar\u0131m\u0131z ve yaral\u0131lar\u0131m\u0131z var. T\u00fcm imkanlar\u0131m\u0131zla sahaday\u0131z. Detayl\u0131 bilgilendirmeyi anbean kamuoyu ile payla\u015faca\u011f\u0131z&#8221; dedi.<\/div>\n<figure><\/figure>\n<\/div>\n<\/div>\n<\/div>\n<div class=\"w-full flex flex-col my-2.5\">\n<div id=\"f4e77ed4-ab77-40d9-9969-97073cacbad2\" class=\"flex items-stretch justify-between gap-x-4 -mt-2 \">\n<div class=\"w-full flex flex-col gap-2.5\">\n<div><\/div>\n<div class=\"whitespace-pre-line text-gray-700 leading-relaxed text-size-16 md:text-size-18\">Cumhurba\u015fkan\u0131 Yard\u0131mc\u0131s\u0131 Cevdet Y\u0131lmaz, &#8220;KKTC ve T\u00fcrkiye Cumhuriyeti Sahil G\u00fcvenlik unsurlar\u0131 ile ilgili kurumlar taraf\u0131ndan ba\u015flat\u0131lan arama kurtarma \u00e7al\u0131\u015fmalar\u0131 aral\u0131ks\u0131z s\u00fcrd\u00fcr\u00fclmektedir&#8221; dedi.<br \/>\nCumhurba\u015fkan\u0131 Yard\u0131mc\u0131s\u0131 Y\u0131lmaz, resmi sosyal medya hesab\u0131ndan\u00a0<strong class=\"searchword\">Girne<\/strong>\u00a0a\u00e7\u0131klar\u0131nda katamaran tipi yolcu gemisinin su alarak batmas\u0131 ile ilgili a\u00e7\u0131klamada bulundu. Herkesi erinden \u00fczen bir haber oldu\u011funu ifade eden Y\u0131lmaz, arama kurtarma \u00e7al\u0131\u015fmalar\u0131n\u0131n Kuzey K\u0131br\u0131s T\u00fcrk Cumhuriyeti (KKTC) ile ortak bir \u015fekilde s\u00fcrd\u00fc\u011f\u00fcn\u00fc bildirdi.<br \/>\n&#8220;KKTC ve T\u00fcrkiye Cumhuriyeti Sahil G\u00fcvenlik unsurlar\u0131 ile arama kurtarma \u00e7al\u0131\u015fmalar\u0131 aral\u0131ks\u0131z s\u00fcrd\u00fcr\u00fclmektedir&#8221;<br \/>\nCumhurba\u015fkan\u0131 Yard\u0131mc\u0131s\u0131 Y\u0131lmaz, yapt\u0131\u011f\u0131 a\u00e7\u0131klamada \u015fu ifadelere yer verdi:<br \/>\n&#8220;Hepimizi derinden \u00fczen bir haber alm\u0131\u015f durumday\u0131z.\u00a0<strong class=\"searchword\">Girne<\/strong>\u00a0a\u00e7\u0131klar\u0131nda katamaran tipi bir yolcu gemisi su alarak batm\u0131\u015ft\u0131r. KKTC ve T\u00fcrkiye Cumhuriyeti Sahil G\u00fcvenlik unsurlar\u0131 ile ilgili kurumlar taraf\u0131ndan ba\u015flat\u0131lan arama kurtarma \u00e7al\u0131\u015fmalar\u0131 aral\u0131ks\u0131z s\u00fcrd\u00fcr\u00fclmektedir. \u015eu an itibar\u0131yla temel \u00f6nceli\u011fimiz, yolcular\u0131n ve m\u00fcrettebat\u0131n kurtar\u0131lmas\u0131d\u0131r. Ya\u015fanan m\u00fcessif hadiseyi yak\u0131ndan takip ediyor, arama kurtarma \u00e7al\u0131\u015fmalar\u0131na her t\u00fcrl\u00fc deste\u011fi sa\u011fl\u0131yoruz. Gemide bulunan yolcular\u0131m\u0131za, m\u00fcrettebata ve milletimize ge\u00e7mi\u015f olsun dileklerimi iletiyorum.&#8221;<\/div>\n<figure><\/figure>\n<\/div>\n<\/div>\n<\/div>\n<div class=\"w-full flex flex-col my-2.5\">\n<div id=\"3a3afbbd-bdad-4d18-927a-01ac8d98dca4\" class=\"flex items-stretch justify-between gap-x-4 -mt-2 \">\n<div class=\"flex flex-col grow-0 py-1\"><\/div>\n<\/div>\n<\/div>\n<p>&nbsp;<\/p>\n","protected":false},"excerpt":{"rendered":"<p>Girne&#8217;den Mersin&#8217;in Ta\u015fucu Liman\u0131&#8217;na gitmek \u00fczere bug\u00fcn \u00f6\u011fleden sonra hareket eden katamaran tipi T\u00fcrk yolcu gemisi, kalk\u0131\u015f\u0131ndan k\u0131sa s\u00fcre sonra alabora oldu Kuzey K\u0131br\u0131s T\u00fcrk Cumhuriyeti (KKTC) Ba\u015fbakan\u0131 \u00dcnal \u00dcstel, gemi kazas\u0131n\u0131n ard\u0131ndan geldi\u011fi\u00a0Girne\u00a0Liman\u0131&#8217;nda yapt\u0131\u011f\u0131 a\u00e7\u0131klamada, &#8220;\u00c7ok \u00fczg\u00fcn\u00fcz can kay\u0131plar\u0131m\u0131z ve yaral\u0131lar\u0131m\u0131z var. T\u00fcm imkanlar\u0131m\u0131zla sahaday\u0131z&#8221; dedi. Kuzey K\u0131br\u0131s T\u00fcrk Cumhuriyeti\u2019nde (KKTC) katamaran tipi yolcu [&hellip;]<\/p>\n","protected":false},"author":2,"featured_media":142151,"comment_status":"open","ping_status":"open","sticky":false,"template":"","format":"standard","meta":{"footnotes":""},"categories":[1],"tags":[],"class_list":["post-142150","post","type-post","status-publish","format-standard","has-post-thumbnail","hentry","category-gundem"],"views":183,"_links":{"self":[{"href":"https:\/\/mersingazetesi.com\/index.php\/wp-json\/wp\/v2\/posts\/142150","targetHints":{"allow":["GET"]}}],"collection":[{"href":"https:\/\/mersingazetesi.com\/index.php\/wp-json\/wp\/v2\/posts"}],"about":[{"href":"https:\/\/mersingazetesi.com\/index.php\/wp-json\/wp\/v2\/types\/post"}],"author":[{"embeddable":true,"href":"https:\/\/mersingazetesi.com\/index.php\/wp-json\/wp\/v2\/users\/2"}],"replies":[{"embeddable":true,"href":"https:\/\/mersingazetesi.com\/index.php\/wp-json\/wp\/v2\/comments?post=142150"}],"version-history":[{"count":5,"href":"https:\/\/mersingazetesi.com\/index.php\/wp-json\/wp\/v2\/posts\/142150\/revisions"}],"predecessor-version":[{"id":142156,"href":"https:\/\/mersingazetesi.com\/index.php\/wp-json\/wp\/v2\/posts\/142150\/revisions\/142156"}],"wp:featuredmedia":[{"embeddable":true,"href":"https:\/\/mersingazetesi.com\/index.php\/wp-json\/wp\/v2\/media\/142151"}],"wp:attachment":[{"href":"https:\/\/mersingazetesi.com\/index.php\/wp-json\/wp\/v2\/media?parent=142150"}],"wp:term":[{"taxonomy":"category","embeddable":true,"href":"https:\/\/mersingazetesi.com\/index.php\/wp-json\/wp\/v2\/categories?post=142150"},{"taxonomy":"post_tag","embeddable":true,"href":"https:\/\/mersingazetesi.com\/index.php\/wp-json\/wp\/v2\/tags?post=142150"}],"curies":[{"name":"wp","href":"https:\/\/api.w.org\/{rel}","templated":true}]}}