{"id":142145,"date":"2026-08-30T13:38:19","date_gmt":"2026-08-30T10:38:19","guid":{"rendered":"https:\/\/mersingazetesi.com\/?p=142145"},"modified":"2026-08-30T13:53:40","modified_gmt":"2026-08-30T10:53:40","slug":"girne-aciklarinda-gemi-batti","status":"publish","type":"post","link":"https:\/\/mersingazetesi.com\/index.php\/2026\/08\/30\/girne-aciklarinda-gemi-batti\/","title":{"rendered":"G\u0130RNE A\u00c7IKLARINDA GEM\u0130 BATTI!"},"content":{"rendered":"<p>Kuzey K\u0131br\u0131s T\u00fcrk Cumhuriyeti&#8217;nin (KKTC)\u00a0<strong class=\"searchword\">Girne<\/strong>\u00a0kentinde 279 ki\u015finin bulundu\u011fu Filo Denizcili\u011fe ait katamaran tipi yolcu gemisi, k\u0131y\u0131dan yakla\u015f\u0131k 2,5 kilometre a\u00e7\u0131kta batt\u0131.<br \/>\nKuzey K\u0131br\u0131s T\u00fcrk Cumhuriyeti&#8217;nin (KKTC)\u00a0<strong class=\"searchword\">Girne<\/strong>\u00a0a\u00e7\u0131klar\u0131nda gemi batt\u0131.\u00a0<strong class=\"searchword\">Girne<\/strong>\u00a0k\u0131y\u0131s\u0131ndan yakla\u015f\u0131k 2,5 kilometre a\u00e7\u0131kta seyreden geminin kaptan\u0131n\u0131n, geminin k\u0131\u00e7 b\u00f6l\u00fcm\u00fcnden su ald\u0131\u011f\u0131n\u0131 fark etti\u011fi ve bunun \u00fczerine geri d\u00f6nme giri\u015fiminde bulundu\u011fu ancak bu giri\u015fimin ba\u015far\u0131l\u0131 olmad\u0131\u011f\u0131 \u00f6\u011frenildi. Gemide toplam 279 ki\u015finin bulundu\u011fu belirtilirken, olay\u0131n ard\u0131ndan b\u00f6lgede arama kurtarma \u00e7al\u0131\u015fmas\u0131 ba\u015flat\u0131ld\u0131.<br \/>\nSahil G\u00fcvenlik arama kurtarma ekiplerinin batan gemiye m\u00fcdahale etti\u011fi ve yolcular\u0131 kurtarmaya ba\u015flad\u0131\u011f\u0131 bildirildi. \u00c7evrede bulunan ve k\u0131y\u0131daki \u00e7ok say\u0131da teknenin de yard\u0131m amac\u0131yla batmakta olan gemiye do\u011fru ilerledi\u011fi g\u00f6r\u00fcld\u00fc.<\/p>\n<p>B\u00f6lgeye ambulanslar sevk edildi<br \/>\nOlayda ka\u00e7 ki\u015finin yaraland\u0131\u011f\u0131 ve yaral\u0131lar\u0131n sa\u011fl\u0131k durumuna ili\u015fkin hen\u00fcz resmi bir a\u00e7\u0131klama yap\u0131lmad\u0131. B\u00f6lgeye \u00e7ok say\u0131da ambulans sevk edildi.<\/p>\n","protected":false},"excerpt":{"rendered":"<p>Kuzey K\u0131br\u0131s T\u00fcrk Cumhuriyeti&#8217;nin (KKTC)\u00a0Girne\u00a0kentinde 279 ki\u015finin bulundu\u011fu Filo Denizcili\u011fe ait katamaran tipi yolcu gemisi, k\u0131y\u0131dan yakla\u015f\u0131k 2,5 kilometre a\u00e7\u0131kta batt\u0131. Kuzey K\u0131br\u0131s T\u00fcrk Cumhuriyeti&#8217;nin (KKTC)\u00a0Girne\u00a0a\u00e7\u0131klar\u0131nda gemi batt\u0131.\u00a0Girne\u00a0k\u0131y\u0131s\u0131ndan yakla\u015f\u0131k 2,5 kilometre a\u00e7\u0131kta seyreden geminin kaptan\u0131n\u0131n, geminin k\u0131\u00e7 b\u00f6l\u00fcm\u00fcnden su ald\u0131\u011f\u0131n\u0131 fark etti\u011fi ve bunun \u00fczerine geri d\u00f6nme giri\u015fiminde bulundu\u011fu ancak bu giri\u015fimin ba\u015far\u0131l\u0131 olmad\u0131\u011f\u0131 \u00f6\u011frenildi. [&hellip;]<\/p>\n","protected":false},"author":2,"featured_media":142146,"comment_status":"open","ping_status":"open","sticky":false,"template":"","format":"standard","meta":{"footnotes":""},"categories":[3],"tags":[],"class_list":["post-142145","post","type-post","status-publish","format-standard","has-post-thumbnail","hentry","category-dunya"],"views":445,"_links":{"self":[{"href":"https:\/\/mersingazetesi.com\/index.php\/wp-json\/wp\/v2\/posts\/142145","targetHints":{"allow":["GET"]}}],"collection":[{"href":"https:\/\/mersingazetesi.com\/index.php\/wp-json\/wp\/v2\/posts"}],"about":[{"href":"https:\/\/mersingazetesi.com\/index.php\/wp-json\/wp\/v2\/types\/post"}],"author":[{"embeddable":true,"href":"https:\/\/mersingazetesi.com\/index.php\/wp-json\/wp\/v2\/users\/2"}],"replies":[{"embeddable":true,"href":"https:\/\/mersingazetesi.com\/index.php\/wp-json\/wp\/v2\/comments?post=142145"}],"version-history":[{"count":3,"href":"https:\/\/mersingazetesi.com\/index.php\/wp-json\/wp\/v2\/posts\/142145\/revisions"}],"predecessor-version":[{"id":142149,"href":"https:\/\/mersingazetesi.com\/index.php\/wp-json\/wp\/v2\/posts\/142145\/revisions\/142149"}],"wp:featuredmedia":[{"embeddable":true,"href":"https:\/\/mersingazetesi.com\/index.php\/wp-json\/wp\/v2\/media\/142146"}],"wp:attachment":[{"href":"https:\/\/mersingazetesi.com\/index.php\/wp-json\/wp\/v2\/media?parent=142145"}],"wp:term":[{"taxonomy":"category","embeddable":true,"href":"https:\/\/mersingazetesi.com\/index.php\/wp-json\/wp\/v2\/categories?post=142145"},{"taxonomy":"post_tag","embeddable":true,"href":"https:\/\/mersingazetesi.com\/index.php\/wp-json\/wp\/v2\/tags?post=142145"}],"curies":[{"name":"wp","href":"https:\/\/api.w.org\/{rel}","templated":true}]}}