{"id":142139,"date":"2026-08-30T13:17:01","date_gmt":"2026-08-30T10:17:01","guid":{"rendered":"https:\/\/mersingazetesi.com\/?p=142139"},"modified":"2026-08-30T13:17:01","modified_gmt":"2026-08-30T10:17:01","slug":"mersinde-30-agustos-zafer-bayrami-coskuyla-kutlandi","status":"publish","type":"post","link":"https:\/\/mersingazetesi.com\/index.php\/2026\/08\/30\/mersinde-30-agustos-zafer-bayrami-coskuyla-kutlandi\/","title":{"rendered":"Mersin\u2019de 30 A\u011fustos Zafer Bayram\u0131 co\u015fkuyla kutland\u0131"},"content":{"rendered":"<p><strong class=\"searchword\">Mersin<\/strong>\u2019de 30 A\u011fustos Zafer Bayram\u0131n\u0131n 104. y\u0131l d\u00f6n\u00fcm\u00fc, d\u00fczenlenen t\u00f6ren ve \u00e7e\u015fitli etkinliklerle co\u015fkuyla kutland\u0131.<br \/>\n30 A\u011fustos Zafer Bayram\u0131n\u0131n 104. y\u0131l d\u00f6n\u00fcm\u00fc dolay\u0131s\u0131yla Cumhuriyet Meydan\u0131nda t\u00f6ren d\u00fczenlendi. T\u00f6ren, Atat\u00fcrk An\u0131t\u0131na \u00e7elenklerin sunulmas\u0131yla ba\u015flad\u0131. \u00c7elenk sunumunun ard\u0131ndan K\u00fclt\u00fcr Merkezi \u015eeref Salonunda\u00a0<strong class=\"searchword\">Mersin<\/strong>\u00a0Valisi Atilla Toros,\u00a0<strong class=\"searchword\">Mersin<\/strong>\u00a0B\u00fcy\u00fck\u015fehir Belediye Ba\u015fkan\u0131 Vahap Se\u00e7er ile Akdeniz B\u00f6lge ve Garnizon Komutan\u0131 Tu\u011famiral Onur Kap\u00e7akl\u0131 tebrikleri kabul etti.<br \/>\nCumhuriyet Meydan\u0131nda devam eden kutlama program\u0131nda Cumhurba\u015fkan\u0131 Recep Tayyip Erdo\u011fan\u2019\u0131n 30 A\u011fustos Zafer Bayram\u0131 mesaj\u0131 okundu. Yeni\u015fehir \u015eehit Cennet Yi\u011fit K\u0131z Anadolu \u0130mam Hatip Lisesi \u00f6\u011frencisinin \u015fiir okumas\u0131n\u0131n ard\u0131ndan Jandarma Komando Birli\u011fi g\u00f6steri sundu.\u00a0<strong class=\"searchword\">Mersin<\/strong>\u00a0B\u00fcy\u00fck\u015fehir Belediyesi halk oyunlar\u0131 ekibinin g\u00f6sterisi de vatanda\u015flardan ilgi g\u00f6rd\u00fc.<br \/>\n30 A\u011fustos Zafer Bayram\u0131 kutlamalar\u0131, t\u00f6ren ge\u00e7i\u015finin ard\u0131ndan sona erdi.<\/p>\n","protected":false},"excerpt":{"rendered":"<p>Mersin\u2019de 30 A\u011fustos Zafer Bayram\u0131n\u0131n 104. y\u0131l d\u00f6n\u00fcm\u00fc, d\u00fczenlenen t\u00f6ren ve \u00e7e\u015fitli etkinliklerle co\u015fkuyla kutland\u0131. 30 A\u011fustos Zafer Bayram\u0131n\u0131n 104. y\u0131l d\u00f6n\u00fcm\u00fc dolay\u0131s\u0131yla Cumhuriyet Meydan\u0131nda t\u00f6ren d\u00fczenlendi. T\u00f6ren, Atat\u00fcrk An\u0131t\u0131na \u00e7elenklerin sunulmas\u0131yla ba\u015flad\u0131. \u00c7elenk sunumunun ard\u0131ndan K\u00fclt\u00fcr Merkezi \u015eeref Salonunda\u00a0Mersin\u00a0Valisi Atilla Toros,\u00a0Mersin\u00a0B\u00fcy\u00fck\u015fehir Belediye Ba\u015fkan\u0131 Vahap Se\u00e7er ile Akdeniz B\u00f6lge ve Garnizon Komutan\u0131 Tu\u011famiral Onur Kap\u00e7akl\u0131 [&hellip;]<\/p>\n","protected":false},"author":2,"featured_media":142140,"comment_status":"open","ping_status":"open","sticky":false,"template":"","format":"standard","meta":{"footnotes":""},"categories":[1],"tags":[],"class_list":["post-142139","post","type-post","status-publish","format-standard","has-post-thumbnail","hentry","category-gundem"],"views":230,"_links":{"self":[{"href":"https:\/\/mersingazetesi.com\/index.php\/wp-json\/wp\/v2\/posts\/142139","targetHints":{"allow":["GET"]}}],"collection":[{"href":"https:\/\/mersingazetesi.com\/index.php\/wp-json\/wp\/v2\/posts"}],"about":[{"href":"https:\/\/mersingazetesi.com\/index.php\/wp-json\/wp\/v2\/types\/post"}],"author":[{"embeddable":true,"href":"https:\/\/mersingazetesi.com\/index.php\/wp-json\/wp\/v2\/users\/2"}],"replies":[{"embeddable":true,"href":"https:\/\/mersingazetesi.com\/index.php\/wp-json\/wp\/v2\/comments?post=142139"}],"version-history":[{"count":1,"href":"https:\/\/mersingazetesi.com\/index.php\/wp-json\/wp\/v2\/posts\/142139\/revisions"}],"predecessor-version":[{"id":142141,"href":"https:\/\/mersingazetesi.com\/index.php\/wp-json\/wp\/v2\/posts\/142139\/revisions\/142141"}],"wp:featuredmedia":[{"embeddable":true,"href":"https:\/\/mersingazetesi.com\/index.php\/wp-json\/wp\/v2\/media\/142140"}],"wp:attachment":[{"href":"https:\/\/mersingazetesi.com\/index.php\/wp-json\/wp\/v2\/media?parent=142139"}],"wp:term":[{"taxonomy":"category","embeddable":true,"href":"https:\/\/mersingazetesi.com\/index.php\/wp-json\/wp\/v2\/categories?post=142139"},{"taxonomy":"post_tag","embeddable":true,"href":"https:\/\/mersingazetesi.com\/index.php\/wp-json\/wp\/v2\/tags?post=142139"}],"curies":[{"name":"wp","href":"https:\/\/api.w.org\/{rel}","templated":true}]}}