{"id":142134,"date":"2026-08-30T12:07:51","date_gmt":"2026-08-30T09:07:51","guid":{"rendered":"https:\/\/mersingazetesi.com\/?p=142134"},"modified":"2026-08-30T12:07:51","modified_gmt":"2026-08-30T09:07:51","slug":"buyuksehir-30-agustos-zafer-bayrami-coskusunu-silifkeye-tasidi","status":"publish","type":"post","link":"https:\/\/mersingazetesi.com\/index.php\/2026\/08\/30\/buyuksehir-30-agustos-zafer-bayrami-coskusunu-silifkeye-tasidi\/","title":{"rendered":"B\u00dcY\u00dcK\u015eEH\u0130R, 30 A\u011eUSTOS ZAFER BAYRAMI CO\u015eKUSUNU S\u0130L\u0130FKE\u2019YE TA\u015eIDI"},"content":{"rendered":"<p>T\u00fcrkiye\u2019nin en g\u00fczel g\u00fcnlerinden biri oldu\u011funu ifade eden Ak\u0131n, \u201cBug\u00fcn \u00e7ok \u00f6zel bir g\u00fcn. Bug\u00fcn T\u00fcrkiye\u2019nin en g\u00fczel g\u00fcnlerinden birisi. D\u00fcnyan\u0131n en onurlu, en kutlu, en kutsal m\u00fccadelesini, Kurtulu\u015f Sava\u015f\u0131\u2019n\u0131 vermi\u015f bir halk\u0131n \u00e7ocuklar\u0131, torunlar\u0131y\u0131z bizler\u201d diye konu\u015ftu.<\/p>\n<p>&nbsp;<\/p>\n<p>&nbsp;<\/p>\n<p>&nbsp;<\/p>\n<p>Ak\u0131n, konser i\u00e7in kendisini Silifkelilerle bulu\u015fturan Mersin B\u00fcy\u00fck\u015fehir Belediye Ba\u015fkan\u0131 Vahap Se\u00e7er\u2019e te\u015fekk\u00fcr ederek, \u201cVahap Se\u00e7er, benim siyasetler \u00fcst\u00fc a\u011fabeyim, can dostum, ger\u00e7ekten d\u00fcnyan\u0131n en de\u011ferli, en nitelikli, en do\u011fru insanlardan birisidir. Daha vekil olmadan \u00f6nce dostlu\u011fumuz, samimiyetimiz, arkada\u015fl\u0131\u011f\u0131m\u0131z vard\u0131 Vahap A\u011fabey\u2019le. Vahap Se\u00e7er\u2019e b\u00fcy\u00fck alk\u0131\u015flar olsun. Sizlerle bizleri, Vahap Ba\u015fkan bulu\u015fturdu, ona \u00e7ok te\u015fekk\u00fcr ediyorum ve o benim i\u00e7in k\u0131rm\u0131z\u0131 \u00e7izgidir, siyasetler \u00fcst\u00fcd\u00fcr\u201d dedi.<\/p>\n<p>&nbsp;<\/p>\n<p>&nbsp;<\/p>\n<p>&nbsp;<\/p>\n<p>Silifkeliler, zafer co\u015fkusunu B\u00fcy\u00fck\u015fehir\u2019in konseriyle ya\u015fad\u0131<\/p>\n<p>&nbsp;<\/p>\n<p>Konseri b\u00fcy\u00fck bir be\u011feniyle izleyen Hatice Akbudak, Silifke halk\u0131n\u0131n b\u00f6yle bir etkinli\u011fe ihtiya\u00e7 duydu\u011funu belirterek, \u201cBu konseri bize arma\u011fan etti\u011fi i\u00e7in Say\u0131n Belediye Ba\u015fkan\u0131m\u0131z Vahap Se\u00e7er\u2019e sonsuz te\u015fekk\u00fcr ediyoruz. Silifkeliler olarak b\u00f6yle bir morale ihtiyac\u0131m\u0131z vard\u0131. Onur Ak\u0131n b\u00fcy\u00fck bir usta, ben de \u00e7ok b\u00fcy\u00fck hayran\u0131y\u0131m\u201d dedi.<\/p>\n<p>&nbsp;<\/p>\n<p>&nbsp;<\/p>\n<p>&nbsp;<\/p>\n<p>Konserde doyas\u0131ya e\u011flendiklerini dile getiren Ay\u015fe Kavac\u0131k, \u201c\u00c7ok g\u00fczel bir geceydi. Herkesin 30 A\u011fustos Zafer Bayram\u0131\u2019n\u0131 kutluyorum\u201d s\u00f6zlerini kaydetti.<\/p>\n<p>&nbsp;<\/p>\n<p>&nbsp;<\/p>\n<p>&nbsp;<\/p>\n<p>Onur Ak\u0131n\u2019\u0131 y\u0131llard\u0131r dinledi\u011fini ifade eden Esin Yi\u011fit ise konser boyunca \u00e7ok e\u011flendiklerini s\u00f6yleyerek, \u201cZafer Bayram\u0131m\u0131z kutlu olsun. \u00c7ok iyi e\u011flendik. Onur Ak\u0131n, y\u0131llard\u0131r dinledi\u011fim bir sanat\u00e7\u0131\u201d ifadelerini kulland\u0131.<\/p>\n<p>&nbsp;<\/p>\n<p>&nbsp;<\/p>\n<p>&nbsp;<\/p>\n<p>Konserin d\u00fczenlenmesinden duydu\u011fu memnuniyeti payla\u015fan H\u0131d\u0131r G\u00fcven\u00e7 de \u201cB\u00f6yle bir etkinli\u011fi d\u00fczenledi\u011fi i\u00e7in Ba\u015fkan\u0131m\u0131za \u00e7ok te\u015fekk\u00fcr ederiz\u201d dedi.<\/p>\n","protected":false},"excerpt":{"rendered":"<p>T\u00fcrkiye\u2019nin en g\u00fczel g\u00fcnlerinden biri oldu\u011funu ifade eden Ak\u0131n, \u201cBug\u00fcn \u00e7ok \u00f6zel bir g\u00fcn. Bug\u00fcn T\u00fcrkiye\u2019nin en g\u00fczel g\u00fcnlerinden birisi. D\u00fcnyan\u0131n en onurlu, en kutlu, en kutsal m\u00fccadelesini, Kurtulu\u015f Sava\u015f\u0131\u2019n\u0131 vermi\u015f bir halk\u0131n \u00e7ocuklar\u0131, torunlar\u0131y\u0131z bizler\u201d diye konu\u015ftu. &nbsp; &nbsp; &nbsp; Ak\u0131n, konser i\u00e7in kendisini Silifkelilerle bulu\u015fturan Mersin B\u00fcy\u00fck\u015fehir Belediye Ba\u015fkan\u0131 Vahap Se\u00e7er\u2019e te\u015fekk\u00fcr ederek, [&hellip;]<\/p>\n","protected":false},"author":2,"featured_media":142135,"comment_status":"open","ping_status":"open","sticky":false,"template":"","format":"standard","meta":{"footnotes":""},"categories":[1],"tags":[],"class_list":["post-142134","post","type-post","status-publish","format-standard","has-post-thumbnail","hentry","category-gundem"],"views":265,"_links":{"self":[{"href":"https:\/\/mersingazetesi.com\/index.php\/wp-json\/wp\/v2\/posts\/142134","targetHints":{"allow":["GET"]}}],"collection":[{"href":"https:\/\/mersingazetesi.com\/index.php\/wp-json\/wp\/v2\/posts"}],"about":[{"href":"https:\/\/mersingazetesi.com\/index.php\/wp-json\/wp\/v2\/types\/post"}],"author":[{"embeddable":true,"href":"https:\/\/mersingazetesi.com\/index.php\/wp-json\/wp\/v2\/users\/2"}],"replies":[{"embeddable":true,"href":"https:\/\/mersingazetesi.com\/index.php\/wp-json\/wp\/v2\/comments?post=142134"}],"version-history":[{"count":1,"href":"https:\/\/mersingazetesi.com\/index.php\/wp-json\/wp\/v2\/posts\/142134\/revisions"}],"predecessor-version":[{"id":142136,"href":"https:\/\/mersingazetesi.com\/index.php\/wp-json\/wp\/v2\/posts\/142134\/revisions\/142136"}],"wp:featuredmedia":[{"embeddable":true,"href":"https:\/\/mersingazetesi.com\/index.php\/wp-json\/wp\/v2\/media\/142135"}],"wp:attachment":[{"href":"https:\/\/mersingazetesi.com\/index.php\/wp-json\/wp\/v2\/media?parent=142134"}],"wp:term":[{"taxonomy":"category","embeddable":true,"href":"https:\/\/mersingazetesi.com\/index.php\/wp-json\/wp\/v2\/categories?post=142134"},{"taxonomy":"post_tag","embeddable":true,"href":"https:\/\/mersingazetesi.com\/index.php\/wp-json\/wp\/v2\/tags?post=142134"}],"curies":[{"name":"wp","href":"https:\/\/api.w.org\/{rel}","templated":true}]}}