{"id":142129,"date":"2026-08-30T12:06:20","date_gmt":"2026-08-30T09:06:20","guid":{"rendered":"https:\/\/mersingazetesi.com\/?p=142129"},"modified":"2026-08-30T12:06:20","modified_gmt":"2026-08-30T09:06:20","slug":"kgk-gazeteciligin-etik-degerleri-gozardi-ediliyor","status":"publish","type":"post","link":"https:\/\/mersingazetesi.com\/index.php\/2026\/08\/30\/kgk-gazeteciligin-etik-degerleri-gozardi-ediliyor\/","title":{"rendered":"KGK: Gazetecili\u011fin etik de\u011ferleri g\u00f6zard\u0131 ediliyor"},"content":{"rendered":"<p>88 \u00fclke ve 81 ilde temsilcileri bulunan K\u00fcresel Gazeteciler Konseyi (KGK) Y\u00f6netim Kurulu, son g\u00fcnlerde devletin yarg\u0131 organlar\u0131nca y\u00fcr\u00fct\u00fclen adli soru\u015fturmalar \u00e7er\u00e7evesinde gazetecilik ve medya i\u015f kolunda ortaya \u00e7\u0131kan geli\u015fmeler ve kamuoyuna yans\u0131yan tart\u0131\u015fmalar; gazetecilik mesle\u011finin icras\u0131, ticari \u00e7\u0131kar ili\u015fkileri ve mesleki \u00fcnvanlar\u0131n kullan\u0131m\u0131 konular\u0131n\u0131 yeniden g\u00fcndeme getirdi.<\/p>\n<p>&nbsp;<\/p>\n<p>\u201cK\u00fcresel Gazeteciler Konseyi (KGK) olarak, gazetecili\u011fin etik de\u011ferlerinin g\u00f6zard\u0131 edildi\u011fi bu s\u00fcre\u00e7te, mesle\u011fimizin sayg\u0131nl\u0131\u011f\u0131n\u0131, g\u00fcvenilirli\u011fini ve kamuoyunun do\u011fru haber alma hakk\u0131n\u0131 koruma sorumlulu\u011fumuzla a\u015fa\u011f\u0131daki temel ilkeleri hat\u0131rlatmay\u0131 bir kez daha kurumsal bir g\u00f6rev olarak addediyoruz\u201d vurgusuyla yap\u0131lan yaz\u0131l\u0131 a\u00e7\u0131klama \u015f\u00f6yle:<\/p>\n<p>&nbsp;<\/p>\n<p>\u00c7IKAR \u00c7ATI\u015eMASI VE T\u0130CAR\u0130 FAAL\u0130YET SINIRLARI<\/p>\n<p>&#8220;Gazetecilik; kamu yarar\u0131na hizmet eden ve her \u015feyden \u00f6nce \u201chaber kaynaklar\u0131 ile gazeteciler\u201d ve \u201cgazeteciler ile kamuoyu, yani okurlar ve izleyiciler\u201d aras\u0131nda y\u00fcksek g\u00fcven esas\u0131na dayanan sayg\u0131n bir meslektir. S\u00f6z konusu y\u00fcksek g\u00fcvenin merkezinde yer alan etkenlerden en \u00f6nemlisi \u201cgazetecilik, mesafe mesle\u011fidir. Gazeteci, gerek haber kaynaklar\u0131 gerekse kamuoyu ile aras\u0131na mesafe koyarak y\u00fcksek g\u00fcveni olu\u015fturur.\u201d prensibidir.<\/p>\n<p>Ancak son d\u00f6nemde, \u00fclkemizin \u00f6nde gelen gazetecilik mecralar\u0131nda \u201cgazetecilik\u201d yapt\u0131\u011f\u0131 iddias\u0131ndaki kimi isimlerin, medya i\u015f kolu d\u0131\u015f\u0131ndaki alanlarda ticari ortakl\u0131klar, \u015firket y\u00f6neticilikleri veya sermaye ili\u015fkileri i\u00e7inde bulunmas\u0131; \u201chaberin tarafs\u0131zl\u0131\u011f\u0131na\u201d ve \u201cmesle\u011fimizin onuruna ve ba\u011f\u0131ms\u0131zl\u0131\u011f\u0131na g\u00f6lge d\u00fc\u015f\u00fcrmektedir. Habercilik faaliyeti ile ticari \u00e7\u0131karlar hi\u00e7bir ko\u015fulda ve hi\u00e7bir a\u015famada yan yana getirilemez.&#8221;<\/p>\n<p>&nbsp;<\/p>\n<p>MESLEK\u0130 \u00dcNVANIN KORUNMASI VE UZMANLIK<\/p>\n<p>&#8220;Toplumsal alanda, sporda, sanatta veya ticarette kazan\u0131lan hakl\u0131 ba\u015far\u0131lar ve al\u0131n teri ku\u015fkusuz sayg\u0131ya de\u011ferdir. Ancak televizyon ekranlar\u0131nda veya dijital mecralarda sadece yorumculuk, programc\u0131l\u0131k veya \u015fovmenlik yapmak, ki\u015fileri do\u011frudan &#8220;gazeteci&#8221; k\u0131lmamaktad\u0131r. Gazetecilik; \u00f6zg\u00fcn bir mesleki e\u011fitim, deneyim, uzun s\u00fcreli bir saha eme\u011fi, evrensel etik ilkeler ve a\u011f\u0131r toplumsal sorumluluklar gerektiren ba\u011f\u0131ms\u0131z bir uzmanl\u0131k alan\u0131d\u0131r.<\/p>\n<p>Bu noktada, \u201cgazetecilik\u201d ile \u201cs\u00f6zc\u00fcl\u00fck\u201d faaliyetlerinin birbirinden ayr\u0131lmas\u0131 gerekmektedir. Gazeteci, \u00f6z\u00fcnde kamu yarar\u0131 bulunan konu ya da konular\u0131 ara\u015ft\u0131r\u0131r ve sonuca ula\u015ft\u0131ktan sonra kamuoyu bilgilendirmesi yapar. Son d\u00f6nemde yine \u201cgazetecilik\u201d faaliyeti ad\u0131 alt\u0131nda kimi isimlerin, \u201cticari \u00e7\u0131kar\u201d ve \u201cmakam \u2013 mevki sahipli\u011fi\u201d \u00e7er\u00e7evesinde gazetecilik yerine kimi ki\u015fi, grup ve olu\u015fumlar\u0131n s\u00f6zc\u00fcl\u00fc\u011f\u00fcn\u00fc yapt\u0131klar\u0131 g\u00f6r\u00fclmektedir. Bu yakla\u015f\u0131m, meslek onuru ve eti\u011fi kapsam\u0131nda \u201ckabul edilemez\u201d durumdur.<\/p>\n<p>Yap\u0131lan faaliyetin gazetecilikle uzaktan veya yak\u0131ndan ilgisi olmay\u0131p, yine medya i\u015f kolu \u00e7at\u0131s\u0131 alt\u0131ndaki \u201chalkla ili\u015fkiler\u201d \u00e7al\u0131\u015fmas\u0131 i\u00e7inde de\u011ferlendirilmesi gereken s\u00fcre\u00e7lerdir.&#8221;<\/p>\n<p>&nbsp;<\/p>\n<p>\u00dcNVANIN ARA\u00c7SALLA\u015eTIRILMASINA KAR\u015eI UYARI<\/p>\n<p>&#8220;Gazetecilik unvan\u0131n\u0131n halkla ili\u015fkiler, dan\u0131\u015fmanl\u0131k, lobicilik, politik ama\u00e7 veya ticaret erbab\u0131 gibi kavramlarla i\u00e7 i\u00e7e ge\u00e7irilmeye \u00e7al\u0131\u015f\u0131lmas\u0131, mesleki bir erozyona yol a\u00e7maktad\u0131r. Mesle\u011fin asli g\u00f6revi, t\u00fcm \u00e7\u0131kar odaklar\u0131ndan ba\u011f\u0131ms\u0131z bir \u015fekilde sadece hakikati kamuoyuna aktarmakt\u0131r. Gazeteci, \u00fcretti\u011fi haber ile kendi ticari ajandas\u0131 aras\u0131nda en k\u00fc\u00e7\u00fck bir \u015f\u00fcphe dahi yaratmamakla y\u00fck\u00fcml\u00fcd\u00fcr.<\/p>\n<p>Gazeteci ayn\u0131 zamanda egemen g\u00fc\u00e7lerin yan\u0131nda de\u011fil; ma\u011fdurun ve hakl\u0131n\u0131n yan\u0131nda yer alarak, kamuoyunun yak\u0131nda ilgilendiren adalet, hukuk ve hak olgular\u0131n\u0131n sa\u011flanmas\u0131na katk\u0131 vermelidir. Mesle\u011fimizin temel prensiplerinden birisi de budur.&#8221;<\/p>\n<p>&nbsp;<\/p>\n<p>&#8220;YAKINDAN TAK\u0130P EDECE\u011e\u0130Z&#8221;<\/p>\n<p>&#8220;K\u00fcresel Gazeteciler Konseyi (KGK) olarak; her t\u00fcrl\u00fc zorlu\u011fa ve ekonomik bask\u0131ya ra\u011fmen evrensel bas\u0131n meslek ilkelerinden \u00f6d\u00fcn vermeden, mesle\u011fini onuruyla icra eden t\u00fcm gazetecilerin yan\u0131nday\u0131z. Konseyimiz, bu ilkelerin ihlaline y\u00f6nelik geli\u015fmeleri yak\u0131ndan takip etmeye ve \u00fcyelerinden mesleki etik kurallar\u0131na tam uyum g\u00f6stermelerini beklemeye devam edecektir. Mesle\u011fimizin itibar\u0131n\u0131 zedeleyecek, onu ticari ara\u00e7lara k\u0131l\u0131f yapacak her t\u00fcrl\u00fc giri\u015fimin kar\u015f\u0131s\u0131nda ilkeli duru\u015fumuzu kararl\u0131l\u0131kla s\u00fcrd\u00fcrece\u011fimizi kamuoyuna sayg\u0131yla duyururuz.&#8221;<\/p>\n","protected":false},"excerpt":{"rendered":"<p>88 \u00fclke ve 81 ilde temsilcileri bulunan K\u00fcresel Gazeteciler Konseyi (KGK) Y\u00f6netim Kurulu, son g\u00fcnlerde devletin yarg\u0131 organlar\u0131nca y\u00fcr\u00fct\u00fclen adli soru\u015fturmalar \u00e7er\u00e7evesinde gazetecilik ve medya i\u015f kolunda ortaya \u00e7\u0131kan geli\u015fmeler ve kamuoyuna yans\u0131yan tart\u0131\u015fmalar; gazetecilik mesle\u011finin icras\u0131, ticari \u00e7\u0131kar ili\u015fkileri ve mesleki \u00fcnvanlar\u0131n kullan\u0131m\u0131 konular\u0131n\u0131 yeniden g\u00fcndeme getirdi. &nbsp; \u201cK\u00fcresel Gazeteciler Konseyi (KGK) olarak, gazetecili\u011fin [&hellip;]<\/p>\n","protected":false},"author":2,"featured_media":142130,"comment_status":"open","ping_status":"open","sticky":false,"template":"","format":"standard","meta":{"footnotes":""},"categories":[1],"tags":[],"class_list":["post-142129","post","type-post","status-publish","format-standard","has-post-thumbnail","hentry","category-gundem"],"views":239,"_links":{"self":[{"href":"https:\/\/mersingazetesi.com\/index.php\/wp-json\/wp\/v2\/posts\/142129","targetHints":{"allow":["GET"]}}],"collection":[{"href":"https:\/\/mersingazetesi.com\/index.php\/wp-json\/wp\/v2\/posts"}],"about":[{"href":"https:\/\/mersingazetesi.com\/index.php\/wp-json\/wp\/v2\/types\/post"}],"author":[{"embeddable":true,"href":"https:\/\/mersingazetesi.com\/index.php\/wp-json\/wp\/v2\/users\/2"}],"replies":[{"embeddable":true,"href":"https:\/\/mersingazetesi.com\/index.php\/wp-json\/wp\/v2\/comments?post=142129"}],"version-history":[{"count":2,"href":"https:\/\/mersingazetesi.com\/index.php\/wp-json\/wp\/v2\/posts\/142129\/revisions"}],"predecessor-version":[{"id":142132,"href":"https:\/\/mersingazetesi.com\/index.php\/wp-json\/wp\/v2\/posts\/142129\/revisions\/142132"}],"wp:featuredmedia":[{"embeddable":true,"href":"https:\/\/mersingazetesi.com\/index.php\/wp-json\/wp\/v2\/media\/142130"}],"wp:attachment":[{"href":"https:\/\/mersingazetesi.com\/index.php\/wp-json\/wp\/v2\/media?parent=142129"}],"wp:term":[{"taxonomy":"category","embeddable":true,"href":"https:\/\/mersingazetesi.com\/index.php\/wp-json\/wp\/v2\/categories?post=142129"},{"taxonomy":"post_tag","embeddable":true,"href":"https:\/\/mersingazetesi.com\/index.php\/wp-json\/wp\/v2\/tags?post=142129"}],"curies":[{"name":"wp","href":"https:\/\/api.w.org\/{rel}","templated":true}]}}