{"id":142126,"date":"2026-08-30T11:20:54","date_gmt":"2026-08-30T08:20:54","guid":{"rendered":"https:\/\/mersingazetesi.com\/?p=142126"},"modified":"2026-08-30T11:20:54","modified_gmt":"2026-08-30T08:20:54","slug":"tarsus-belediyesinden-ulasimi-kolaylastiran-calisma","status":"publish","type":"post","link":"https:\/\/mersingazetesi.com\/index.php\/2026\/08\/30\/tarsus-belediyesinden-ulasimi-kolaylastiran-calisma\/","title":{"rendered":"Tarsus Belediyesinden ula\u015f\u0131m\u0131 kolayla\u015ft\u0131ran \u00e7al\u0131\u015fma"},"content":{"rendered":"<p>Tarsus Belediyesi taraf\u0131ndan Boztepe Mahallesi\u2019nde y\u00fcr\u00fct\u00fclen yol ve parke \u00e7al\u0131\u015fmalar\u0131 kapsam\u0131nda 3 bin metrekare parke ta\u015f\u0131 d\u00f6\u015fenirken, a\u015f\u0131r\u0131 ya\u011f\u0131\u015flar nedeniyle heyelan ya\u015fanan noktalarda bak\u0131m ve onar\u0131m \u00e7al\u0131\u015fmas\u0131 ger\u00e7ekle\u015ftirildi.<br \/>\nTarsus Belediyesi, k\u0131rsal mahallelerde vatanda\u015flar\u0131n ula\u015f\u0131m\u0131n\u0131 daha g\u00fcvenli ve rahat hale getirmek amac\u0131yla \u00e7al\u0131\u015fmalar\u0131n\u0131 s\u00fcrd\u00fcr\u00fcyor. Bu kapsamda Boztepe Mahallesi\u2019nde ihtiya\u00e7 duyulan noktalarda yol d\u00fczenleme ve parke d\u00f6\u015feme \u00e7al\u0131\u015fmalar\u0131 yap\u0131ld\u0131. Mahallede ger\u00e7ekle\u015ftirilen \u00e7al\u0131\u015fmalar kapsam\u0131nda 3 bin metrekare parke ta\u015f\u0131 d\u00f6\u015fenirken, ya\u011f\u0131\u015flar\u0131n ard\u0131ndan meydana gelen toprak kaymalar\u0131n\u0131n zarar verdi\u011fi g\u00fczergahlara da ekipler taraf\u0131ndan m\u00fcdahale edildi.<\/p>\n<p>Heyelan sonras\u0131 3 haneye ula\u015f\u0131m yeniden sa\u011fland\u0131<br \/>\nA\u015f\u0131r\u0131 ya\u011f\u0131\u015flar nedeniyle heyelan ya\u015fanan b\u00f6lgelerde yap\u0131lan bak\u0131m ve onar\u0131m \u00e7al\u0131\u015fmalar\u0131yla, 3 hanenin kulland\u0131\u011f\u0131 yol yeniden ula\u015f\u0131ma a\u00e7\u0131ld\u0131. Engelli bir vatanda\u015f\u0131n ula\u015f\u0131m sa\u011flad\u0131\u011f\u0131 b\u00f6l\u00fcmde de ta\u015f d\u00f6\u015feme \u00e7al\u0131\u015fmas\u0131 yap\u0131larak g\u00fczergah yeniden kullan\u0131labilir hale getirildi.<br \/>\nBoztepe Mahallesi\u2019nde yap\u0131lan \u00e7al\u0131\u015fmalarla ula\u015f\u0131mda ya\u015fanan sorunlar\u0131n giderilmesi hedeflenirken, mahallede ihtiya\u00e7 duyulan di\u011fer noktalardaki \u00e7al\u0131\u015fmalar\u0131n da programa al\u0131nd\u0131\u011f\u0131 bildirildi.<br \/>\nTarsus Belediyesinin, k\u0131rsal mahallelerde yol bak\u0131m, onar\u0131m ve parke d\u00f6\u015feme \u00e7al\u0131\u015fmalar\u0131n\u0131 belirlenen program do\u011frultusunda etaplar halinde s\u00fcrd\u00fcrd\u00fc\u011f\u00fc belirtildi.<\/p>\n","protected":false},"excerpt":{"rendered":"<p>Tarsus Belediyesi taraf\u0131ndan Boztepe Mahallesi\u2019nde y\u00fcr\u00fct\u00fclen yol ve parke \u00e7al\u0131\u015fmalar\u0131 kapsam\u0131nda 3 bin metrekare parke ta\u015f\u0131 d\u00f6\u015fenirken, a\u015f\u0131r\u0131 ya\u011f\u0131\u015flar nedeniyle heyelan ya\u015fanan noktalarda bak\u0131m ve onar\u0131m \u00e7al\u0131\u015fmas\u0131 ger\u00e7ekle\u015ftirildi. Tarsus Belediyesi, k\u0131rsal mahallelerde vatanda\u015flar\u0131n ula\u015f\u0131m\u0131n\u0131 daha g\u00fcvenli ve rahat hale getirmek amac\u0131yla \u00e7al\u0131\u015fmalar\u0131n\u0131 s\u00fcrd\u00fcr\u00fcyor. Bu kapsamda Boztepe Mahallesi\u2019nde ihtiya\u00e7 duyulan noktalarda yol d\u00fczenleme ve parke d\u00f6\u015feme [&hellip;]<\/p>\n","protected":false},"author":2,"featured_media":142127,"comment_status":"open","ping_status":"open","sticky":false,"template":"","format":"standard","meta":{"footnotes":""},"categories":[1],"tags":[],"class_list":["post-142126","post","type-post","status-publish","format-standard","has-post-thumbnail","hentry","category-gundem"],"views":235,"_links":{"self":[{"href":"https:\/\/mersingazetesi.com\/index.php\/wp-json\/wp\/v2\/posts\/142126","targetHints":{"allow":["GET"]}}],"collection":[{"href":"https:\/\/mersingazetesi.com\/index.php\/wp-json\/wp\/v2\/posts"}],"about":[{"href":"https:\/\/mersingazetesi.com\/index.php\/wp-json\/wp\/v2\/types\/post"}],"author":[{"embeddable":true,"href":"https:\/\/mersingazetesi.com\/index.php\/wp-json\/wp\/v2\/users\/2"}],"replies":[{"embeddable":true,"href":"https:\/\/mersingazetesi.com\/index.php\/wp-json\/wp\/v2\/comments?post=142126"}],"version-history":[{"count":1,"href":"https:\/\/mersingazetesi.com\/index.php\/wp-json\/wp\/v2\/posts\/142126\/revisions"}],"predecessor-version":[{"id":142128,"href":"https:\/\/mersingazetesi.com\/index.php\/wp-json\/wp\/v2\/posts\/142126\/revisions\/142128"}],"wp:featuredmedia":[{"embeddable":true,"href":"https:\/\/mersingazetesi.com\/index.php\/wp-json\/wp\/v2\/media\/142127"}],"wp:attachment":[{"href":"https:\/\/mersingazetesi.com\/index.php\/wp-json\/wp\/v2\/media?parent=142126"}],"wp:term":[{"taxonomy":"category","embeddable":true,"href":"https:\/\/mersingazetesi.com\/index.php\/wp-json\/wp\/v2\/categories?post=142126"},{"taxonomy":"post_tag","embeddable":true,"href":"https:\/\/mersingazetesi.com\/index.php\/wp-json\/wp\/v2\/tags?post=142126"}],"curies":[{"name":"wp","href":"https:\/\/api.w.org\/{rel}","templated":true}]}}