{"id":142118,"date":"2026-08-30T10:40:53","date_gmt":"2026-08-30T07:40:53","guid":{"rendered":"https:\/\/mersingazetesi.com\/?p=142118"},"modified":"2026-08-30T10:40:53","modified_gmt":"2026-08-30T07:40:53","slug":"mersinli-veteranlardan-buyuk-basari","status":"publish","type":"post","link":"https:\/\/mersingazetesi.com\/index.php\/2026\/08\/30\/mersinli-veteranlardan-buyuk-basari\/","title":{"rendered":"MERS\u0130NL\u0130 VETERANLARDAN B\u00dcY\u00dcK BA\u015eARI"},"content":{"rendered":"<div class=\"x14z9mp xat24cr x1lziwak x1vvkbs xtlvy1s x126k92a\">\n<div dir=\"auto\">26\u201329 A\u011fustos 2026 tarihleri aras\u0131nda Trabzon\u2019da d\u00fczenlenen Veteranlar Badminton T\u00fcrkiye \u015eampiyonas\u0131\u2019nda Mersinli sporculardan b\u00fcy\u00fck ba\u015far\u0131.<\/div>\n<\/div>\n<div class=\"x14z9mp xat24cr x1lziwak x1vvkbs xtlvy1s x126k92a\">\n<div dir=\"auto\"><span class=\"html-span xexx8yu xyri2b x18d9i69 x1c1uobl x1hl2dhg x16tdsg8 x1vvkbs x3nfvp2 x1j61x8r x1fcty0u xdj266r xat24cr xm2jcoa x1mpyi22 xxymvpz xlup9mm x1kky2od\"><img loading=\"lazy\" decoding=\"async\" class=\"xz74otr x15mokao x1ga7v0g x16uus16 xbiv7yw\" src=\"https:\/\/static.xx.fbcdn.net\/images\/emoji.php\/v9\/t94\/1\/16\/1f947.png\" alt=\"\ud83e\udd47\" width=\"16\" height=\"16\" \/><\/span> Selda Aslan &amp; G\u00fclten Y\u00fcr\u00fck<\/div>\n<div dir=\"auto\">\u00c7ift K\u0131zlar \u2013 T\u00fcrkiye \u015eampiyonu <span class=\"html-span xexx8yu xyri2b x18d9i69 x1c1uobl x1hl2dhg x16tdsg8 x1vvkbs x3nfvp2 x1j61x8r x1fcty0u xdj266r xat24cr xm2jcoa x1mpyi22 xxymvpz xlup9mm x1kky2od\"><img loading=\"lazy\" decoding=\"async\" class=\"xz74otr x15mokao x1ga7v0g x16uus16 xbiv7yw\" src=\"https:\/\/static.xx.fbcdn.net\/images\/emoji.php\/v9\/tbe\/1\/16\/1f3c6.png\" alt=\"\ud83c\udfc6\" width=\"16\" height=\"16\" \/><\/span><\/div>\n<\/div>\n<div class=\"x14z9mp xat24cr x1lziwak x1vvkbs xtlvy1s x126k92a\">\n<div dir=\"auto\"><span class=\"html-span xexx8yu xyri2b x18d9i69 x1c1uobl x1hl2dhg x16tdsg8 x1vvkbs x3nfvp2 x1j61x8r x1fcty0u xdj266r xat24cr xm2jcoa x1mpyi22 xxymvpz xlup9mm x1kky2od\"><img loading=\"lazy\" decoding=\"async\" class=\"xz74otr x15mokao x1ga7v0g x16uus16 xbiv7yw\" src=\"https:\/\/static.xx.fbcdn.net\/images\/emoji.php\/v9\/t94\/1\/16\/1f947.png\" alt=\"\ud83e\udd47\" width=\"16\" height=\"16\" \/><\/span> Selda Aslan &amp; Orhan Ray<\/div>\n<div dir=\"auto\">Kar\u0131\u015f\u0131k \u00c7iftler \u2013 T\u00fcrkiye \u015eampiyonu <span class=\"html-span xexx8yu xyri2b x18d9i69 x1c1uobl x1hl2dhg x16tdsg8 x1vvkbs x3nfvp2 x1j61x8r x1fcty0u xdj266r xat24cr xm2jcoa x1mpyi22 xxymvpz xlup9mm x1kky2od\"><img loading=\"lazy\" decoding=\"async\" class=\"xz74otr x15mokao x1ga7v0g x16uus16 xbiv7yw\" src=\"https:\/\/static.xx.fbcdn.net\/images\/emoji.php\/v9\/tbe\/1\/16\/1f3c6.png\" alt=\"\ud83c\udfc6\" width=\"16\" height=\"16\" \/><\/span><\/div>\n<\/div>\n<div class=\"x14z9mp xat24cr x1lziwak x1vvkbs xtlvy1s x126k92a\">\n<div dir=\"auto\"><span class=\"html-span xexx8yu xyri2b x18d9i69 x1c1uobl x1hl2dhg x16tdsg8 x1vvkbs x3nfvp2 x1j61x8r x1fcty0u xdj266r xat24cr xm2jcoa x1mpyi22 xxymvpz xlup9mm x1kky2od\"><img loading=\"lazy\" decoding=\"async\" class=\"xz74otr x15mokao x1ga7v0g x16uus16 xbiv7yw\" src=\"https:\/\/static.xx.fbcdn.net\/images\/emoji.php\/v9\/t96\/1\/16\/1f949.png\" alt=\"\ud83e\udd49\" width=\"16\" height=\"16\" \/><\/span> G\u00fclten Y\u00fcr\u00fck &amp; Orhan Ertan<\/div>\n<div dir=\"auto\">Kar\u0131\u015f\u0131k \u00c7iftler \u2013 T\u00fcrkiye 3.\u2019s\u00fc oldu.<\/div>\n<\/div>\n<div class=\"x14z9mp xat24cr x1lziwak x1vvkbs xtlvy1s x126k92a\">\n<div dir=\"auto\">Yap\u0131lan a\u00e7\u0131klamada, &#8221;G\u00f6sterdikleri azim, m\u00fccadele ve ba\u015far\u0131yla bizleri gururland\u0131ran Selda Aslan ve G\u00fclten Y\u00fcr\u00fck ba\u015fta olmak \u00fczere Antren\u00f6r\u00fcm\u00fcz Yunus Emre \u00c7elik&#8217;i tebrik ediyor, ba\u015far\u0131lar\u0131n\u0131n devam\u0131n\u0131 diliyoruz.&#8221; denildi.<\/div>\n<\/div>\n","protected":false},"excerpt":{"rendered":"<p>26\u201329 A\u011fustos 2026 tarihleri aras\u0131nda Trabzon\u2019da d\u00fczenlenen Veteranlar Badminton T\u00fcrkiye \u015eampiyonas\u0131\u2019nda Mersinli sporculardan b\u00fcy\u00fck ba\u015far\u0131. Selda Aslan &amp; G\u00fclten Y\u00fcr\u00fck \u00c7ift K\u0131zlar \u2013 T\u00fcrkiye \u015eampiyonu Selda Aslan &amp; Orhan Ray Kar\u0131\u015f\u0131k \u00c7iftler \u2013 T\u00fcrkiye \u015eampiyonu G\u00fclten Y\u00fcr\u00fck &amp; Orhan Ertan Kar\u0131\u015f\u0131k \u00c7iftler \u2013 T\u00fcrkiye 3.\u2019s\u00fc oldu. Yap\u0131lan a\u00e7\u0131klamada, &#8221;G\u00f6sterdikleri azim, m\u00fccadele ve ba\u015far\u0131yla bizleri gururland\u0131ran [&hellip;]<\/p>\n","protected":false},"author":2,"featured_media":142119,"comment_status":"open","ping_status":"open","sticky":false,"template":"","format":"standard","meta":{"footnotes":""},"categories":[6],"tags":[],"class_list":["post-142118","post","type-post","status-publish","format-standard","has-post-thumbnail","hentry","category-spor"],"views":257,"_links":{"self":[{"href":"https:\/\/mersingazetesi.com\/index.php\/wp-json\/wp\/v2\/posts\/142118","targetHints":{"allow":["GET"]}}],"collection":[{"href":"https:\/\/mersingazetesi.com\/index.php\/wp-json\/wp\/v2\/posts"}],"about":[{"href":"https:\/\/mersingazetesi.com\/index.php\/wp-json\/wp\/v2\/types\/post"}],"author":[{"embeddable":true,"href":"https:\/\/mersingazetesi.com\/index.php\/wp-json\/wp\/v2\/users\/2"}],"replies":[{"embeddable":true,"href":"https:\/\/mersingazetesi.com\/index.php\/wp-json\/wp\/v2\/comments?post=142118"}],"version-history":[{"count":2,"href":"https:\/\/mersingazetesi.com\/index.php\/wp-json\/wp\/v2\/posts\/142118\/revisions"}],"predecessor-version":[{"id":142121,"href":"https:\/\/mersingazetesi.com\/index.php\/wp-json\/wp\/v2\/posts\/142118\/revisions\/142121"}],"wp:featuredmedia":[{"embeddable":true,"href":"https:\/\/mersingazetesi.com\/index.php\/wp-json\/wp\/v2\/media\/142119"}],"wp:attachment":[{"href":"https:\/\/mersingazetesi.com\/index.php\/wp-json\/wp\/v2\/media?parent=142118"}],"wp:term":[{"taxonomy":"category","embeddable":true,"href":"https:\/\/mersingazetesi.com\/index.php\/wp-json\/wp\/v2\/categories?post=142118"},{"taxonomy":"post_tag","embeddable":true,"href":"https:\/\/mersingazetesi.com\/index.php\/wp-json\/wp\/v2\/tags?post=142118"}],"curies":[{"name":"wp","href":"https:\/\/api.w.org\/{rel}","templated":true}]}}