{"id":142115,"date":"2026-08-30T10:37:46","date_gmt":"2026-08-30T07:37:46","guid":{"rendered":"https:\/\/mersingazetesi.com\/?p=142115"},"modified":"2026-08-30T10:37:46","modified_gmt":"2026-08-30T07:37:46","slug":"minik-yurekler-buyuk-zaferin-104-yilini-coskuyla-kutladi","status":"publish","type":"post","link":"https:\/\/mersingazetesi.com\/index.php\/2026\/08\/30\/minik-yurekler-buyuk-zaferin-104-yilini-coskuyla-kutladi\/","title":{"rendered":"M\u0130N\u0130K Y\u00dcREKLER B\u00dcY\u00dcK ZAFER&#8217;\u0130N 104. YILINI CO\u015eKUYLA KUTLADI"},"content":{"rendered":"<p>30 A\u011fustos Zafer Bayram\u0131, yaln\u0131zca bir asker\u00ee zaferin y\u0131l d\u00f6n\u00fcm\u00fc de\u011fil; yok edildi\u011fi d\u00fc\u015f\u00fcn\u00fclen bir milletin, Mustafa Kemal Atat\u00fcrk&#8217;\u00fcn \u00f6nderli\u011finde yeniden aya\u011fa kalk\u0131\u015f\u0131n\u0131n ve ba\u011f\u0131ms\u0131zl\u0131k iradesini t\u00fcm d\u00fcnyaya g\u00f6stermesinin simgesi olarak tarihteki yerini ald\u0131. Ba\u015fkomutan Mustafa Kemal Pa\u015fa&#8217;n\u0131n asker\u00ee dehas\u0131, tavizsiz vatan sevgisi ve milletine duydu\u011fu sonsuz g\u00fcvenle liderlik etti\u011fi B\u00fcy\u00fck Taarruz ve Ba\u015fkomutanl\u0131k Meydan Muharebesi, T\u00fcrkiye Cumhuriyeti&#8217;ne uzanan ba\u011f\u0131ms\u0131zl\u0131k m\u00fccadelesinin en \u00f6nemli d\u00f6n\u00fcm noktalar\u0131ndan biri oldu. Mersin B\u00fcy\u00fck\u015fehir Belediyesi de \u00e7ocuklar\u0131n milli bayramlar\u0131n ta\u015f\u0131d\u0131\u011f\u0131 tarihsel ve toplumsal de\u011ferleri erken ya\u015fta \u00f6\u011frenmeleri ve Atat\u00fcrk&#8217;\u00fcn miras\u0131n\u0131 gelece\u011fe ta\u015f\u0131malar\u0131 amac\u0131yla d\u00fczenledi\u011fi etkinlikleri s\u00fcrd\u00fcr\u00fcyor.<\/p>\n<p><strong>\u00a0<\/strong><\/p>\n<p>Kad\u0131n ve Aile Hizmetleri Dairesi Ba\u015fkanl\u0131\u011f\u0131 taraf\u0131ndan 30 A\u011fustos Zafer Bayram\u0131 dolay\u0131s\u0131yla Mezitli \u00c7ocuk Kamp\u00fcs\u00fc&#8217;nde d\u00fczenlenen kutlama program\u0131, \u00e7ocuklar\u0131n haz\u0131rlad\u0131\u011f\u0131 birbirinden renkli g\u00f6sterilere sahne oldu.<\/p>\n<p>&nbsp;<\/p>\n<p><strong>\u00c7ocuklar yeteneklerini B\u00fcy\u00fck Zafer&#8217;in co\u015fkusuyla bulu\u015fturdu<\/strong><\/p>\n<p>Sayg\u0131 duru\u015fu ve \u0130stiklal Mar\u015f\u0131&#8217;n\u0131n okunmas\u0131yla ba\u015flayan programda, g\u00fcn\u00fcn anlam ve \u00f6nemine ili\u015fkin konu\u015fmalar ger\u00e7ekle\u015ftirildi. Mezitli \u00c7ocuk Kamp\u00fcs\u00fc \u00f6\u011frencileri\u00a0<strong><em>&#8216;\u00c7\u0131naralt\u0131 Zafer Alay\u0131&#8217;<\/em><\/strong>\u00a0adl\u0131 drama oyununu sahnelerken, \u00e7ocuk korosu da\u00a0<strong><em>&#8216;\u0130leri Mar\u015f\u0131&#8217;<\/em><\/strong>\u00a0ile\u00a0<strong><em>&#8216;Biz Atat\u00fcrk Gen\u00e7leriyiz&#8217;<\/em><\/strong>\u00a0eserlerini seslendirdi. Toroslar \u00c7ocuk Kamp\u00fcs\u00fc \u00f6\u011frencileri ise\u00a0<strong><em>&#8216;M\u00fczedeki Gece&#8217;<\/em><\/strong>\u00a0adl\u0131 drama g\u00f6sterisini izleyicilerle bulu\u015fturdu. Program, Mezitli \u00c7ocuk Kamp\u00fcs\u00fc \u00f6\u011frencilerinin sergiledi\u011fi Silifke Y\u00f6resi ve Toroslar \u00c7ocuk Kamp\u00fcs\u00fc \u00f6\u011frencilerinin sundu\u011fu Teke Y\u00f6resi halk oyunlar\u0131yla devam etti.<\/p>\n<p>&nbsp;<\/p>\n<p>Program kapsam\u0131nda fuaye alan\u0131nda ziyarete a\u00e7\u0131lan\u00a0<strong><em>&#8216;\u00c7ocuklar\u0131n G\u00f6z\u00fcnden&#8217;<\/em><\/strong><em>\u00a0<\/em>adl\u0131 foto\u011fraf sergisinde de \u00e7ocuklar\u0131n kendi kadrajlar\u0131ndan \u00e7evreye, ya\u015fama ve ayr\u0131nt\u0131lara bak\u0131\u015flar\u0131n\u0131 yans\u0131tan \u00f6zg\u00fcn foto\u011fraf kareleri yer ald\u0131. B\u00fcy\u00fck Zafer&#8217;in 104. y\u0131l d\u00f6n\u00fcm\u00fcn\u00fcn gurur ve co\u015fkusunu hep birlikte ya\u015fayan \u00e7ocuklar, haz\u0131rlad\u0131klar\u0131 g\u00f6sterilerle hem yeteneklerini sergiledi hem de 30 A\u011fustos&#8217;un anlam\u0131n\u0131 sanatla bulu\u015fturdu. Program, toplu foto\u011fraf \u00e7ekimi ve sergi ziyaretinin ard\u0131ndan sona erdi.<\/p>\n<p>&nbsp;<\/p>\n<p><strong>\u00d6zt\u00fcrk: &#8220;\u00c7ocuklar yeteneklerini ve \u00e7al\u0131\u015fmalar\u0131n\u0131 sergilediler&#8221;<\/strong><\/p>\n<p>Kad\u0131n ve Aile Hizmetleri Dairesi Ba\u015fkanl\u0131\u011f\u0131 Aile ve \u00c7ocuk \u015eube M\u00fcd\u00fcr\u00fc \u00d6zay \u00d6zt\u00fcrk, \u00c7ocuk Kamp\u00fcslerinin 30 A\u011fustos Zafer Bayram\u0131&#8217;n\u0131n 104. y\u0131l d\u00f6n\u00fcm\u00fc i\u00e7in uzun s\u00fcredir haz\u0131rland\u0131\u011f\u0131n\u0131 belirtti. Mezitli \u00c7ocuk Kamp\u00fcs\u00fc \u00c7ok Ama\u00e7l\u0131 Salonu&#8217;nda d\u00fczenlenen programa ili\u015fkin bilgi veren \u00d6zt\u00fcrk,\u00a0<strong>&#8220;Silifke, Huzurkent, Mezitli ve Toroslar \u00c7ocuk Kamp\u00fcslerimiz bug\u00fcne haz\u0131rland\u0131. \u00c7ocuklar\u0131m\u0131z; m\u00fczik, halk oyunlar\u0131, foto\u011fraf\u00e7\u0131l\u0131k, masal ve drama at\u00f6lyelerinde haz\u0131rlad\u0131klar\u0131 g\u00f6sterilerle programa kat\u0131ld\u0131lar. Oyunlar\u0131n\u0131, yapt\u0131klar\u0131 at\u00f6lye \u00e7al\u0131\u015fmalar\u0131n\u0131 sergileme f\u0131rsat\u0131 buldular. Co\u015fkulu bir g\u00fcn ya\u015fad\u0131k&#8221;<\/strong>\u00a0dedi.<\/p>\n<p>&nbsp;<\/p>\n<p>Programda \u00e7ocuklar\u0131n \u00e7ekti\u011fi karelerden olu\u015fan\u00a0<strong><em>&#8216;\u00c7ocuklar\u0131n G\u00f6z\u00fcnden&#8217;<\/em><\/strong>\u00a0adl\u0131 foto\u011fraf sergisinin, \u00e7ocuklar\u0131n d\u00fcnyaya bak\u0131\u015f a\u00e7\u0131lar\u0131n\u0131 yans\u0131tmay\u0131 ama\u00e7lad\u0131klar\u0131n\u0131 vurgulayan \u00d6zt\u00fcrk,\u00a0<strong>&#8220;\u00c7ocuklar\u0131n d\u00fcnyaya nas\u0131l bakt\u0131klar\u0131n\u0131 anlamak; onlar\u0131n neye de\u011fil, nas\u0131l bakt\u0131klar\u0131n\u0131 g\u00f6rmek istedik. Bu kapsamda haz\u0131rlad\u0131klar\u0131 foto\u011fraflar\u0131 da sergiledik&#8221;<\/strong>\u00a0ifadelerini kulland\u0131. \u00c7ocuklar\u0131n uzun zamand\u0131r haz\u0131rland\u0131klar\u0131 halk oyunlar\u0131 ve drama g\u00f6sterilerini de heyecanla sahnelediklerini kaydeden \u00d6zt\u00fcrk,\u00a0<strong>&#8220;Silifke \u00c7ocuk Kamp\u00fcs\u00fcm\u00fcz Teke Y\u00f6resi halk oyununu sahneledi. \u00c7ocuklar\u0131m\u0131z, 30 A\u011fustos Zafer Bayram\u0131&#8217;na y\u00f6nelik haz\u0131rlad\u0131klar\u0131 drama g\u00f6sterisini de sundular. Hem sahne heyecan\u0131n\u0131 hem de Zafer Bayram\u0131 co\u015fkusunu hep birlikte ya\u015fad\u0131lar&#8221;<\/strong>\u00a0diye konu\u015ftu.<\/p>\n<p>&nbsp;<\/p>\n<p><strong>Veliler de \u00e7ocuklar\u0131n heyecan\u0131na ortak oldu<\/strong><\/p>\n<p>Etkinli\u011fe kat\u0131lan velilerden H\u00fcseyin G\u00fcrler, \u00e7ocuklarla birlikte keyifli vakit ge\u00e7irdiklerini dile getirerek,\u00a0<strong>&#8220;Etkinlik \u00e7ok g\u00fczeldi. \u00c7ocuklar da e\u011flendi, biz de e\u011flendik. Ayn\u0131 zamanda 30 A\u011fustos Zafer Bayram\u0131&#8217;n\u0131 kutlam\u0131\u015f olduk. Te\u015fekk\u00fcr ediyoruz&#8221;<\/strong>\u00a0dedi.<\/p>\n<p>&nbsp;<\/p>\n<p>Program\u0131 olduk\u00e7a be\u011fendi\u011fini s\u00f6yleyen Mehmet \u00d6zdener, \u00e7ocuklar\u0131n gelece\u011fin g\u00fcvencesi oldu\u011funu belirtti. Milli bayramlar\u0131n anlam\u0131n\u0131n yeni nesillere aktar\u0131lmas\u0131nda bu t\u00fcr etkinliklerin \u00f6nemli oldu\u011funu vurgulayan \u00d6zdener,\u00a0<strong>&#8220;Etkinlik ger\u00e7ekten muhte\u015femdi. 30 A\u011fustos Zafer Bayram\u0131&#8217;n\u0131n nice y\u0131llar ayn\u0131 co\u015fkuyla kutlanmas\u0131n\u0131 diliyoruz&#8221;\u00a0<\/strong>ifadelerine yer verdi.<\/p>\n<p>&nbsp;<\/p>\n<p>Mezitli \u00c7ocuk Kamp\u00fcs\u00fc&#8217;n\u00fcn d\u00fczenledi\u011fi faaliyetlere severek kat\u0131ld\u0131\u011f\u0131n\u0131 anlatan Atike Top\u00e7uo\u011flu ise \u00e7ocuklar\u0131n g\u00f6sterilerini \u00e7ok be\u011fendi\u011fini kaydederek<strong>, &#8220;\u00c7ocuklar\u0131m\u0131z her zamanki gibi harikayd\u0131.\u00a0\u00d6\u011fretmenlerimize de te\u015fekk\u00fcr ediyoruz&#8221;<\/strong>\u00a0diye konu\u015ftu.<\/p>\n<p>&nbsp;<\/p>\n","protected":false},"excerpt":{"rendered":"<p>30 A\u011fustos Zafer Bayram\u0131, yaln\u0131zca bir asker\u00ee zaferin y\u0131l d\u00f6n\u00fcm\u00fc de\u011fil; yok edildi\u011fi d\u00fc\u015f\u00fcn\u00fclen bir milletin, Mustafa Kemal Atat\u00fcrk&#8217;\u00fcn \u00f6nderli\u011finde yeniden aya\u011fa kalk\u0131\u015f\u0131n\u0131n ve ba\u011f\u0131ms\u0131zl\u0131k iradesini t\u00fcm d\u00fcnyaya g\u00f6stermesinin simgesi olarak tarihteki yerini ald\u0131. Ba\u015fkomutan Mustafa Kemal Pa\u015fa&#8217;n\u0131n asker\u00ee dehas\u0131, tavizsiz vatan sevgisi ve milletine duydu\u011fu sonsuz g\u00fcvenle liderlik etti\u011fi B\u00fcy\u00fck Taarruz ve Ba\u015fkomutanl\u0131k Meydan [&hellip;]<\/p>\n","protected":false},"author":2,"featured_media":142116,"comment_status":"open","ping_status":"open","sticky":false,"template":"","format":"standard","meta":{"footnotes":""},"categories":[1],"tags":[],"class_list":["post-142115","post","type-post","status-publish","format-standard","has-post-thumbnail","hentry","category-gundem"],"views":253,"_links":{"self":[{"href":"https:\/\/mersingazetesi.com\/index.php\/wp-json\/wp\/v2\/posts\/142115","targetHints":{"allow":["GET"]}}],"collection":[{"href":"https:\/\/mersingazetesi.com\/index.php\/wp-json\/wp\/v2\/posts"}],"about":[{"href":"https:\/\/mersingazetesi.com\/index.php\/wp-json\/wp\/v2\/types\/post"}],"author":[{"embeddable":true,"href":"https:\/\/mersingazetesi.com\/index.php\/wp-json\/wp\/v2\/users\/2"}],"replies":[{"embeddable":true,"href":"https:\/\/mersingazetesi.com\/index.php\/wp-json\/wp\/v2\/comments?post=142115"}],"version-history":[{"count":1,"href":"https:\/\/mersingazetesi.com\/index.php\/wp-json\/wp\/v2\/posts\/142115\/revisions"}],"predecessor-version":[{"id":142117,"href":"https:\/\/mersingazetesi.com\/index.php\/wp-json\/wp\/v2\/posts\/142115\/revisions\/142117"}],"wp:featuredmedia":[{"embeddable":true,"href":"https:\/\/mersingazetesi.com\/index.php\/wp-json\/wp\/v2\/media\/142116"}],"wp:attachment":[{"href":"https:\/\/mersingazetesi.com\/index.php\/wp-json\/wp\/v2\/media?parent=142115"}],"wp:term":[{"taxonomy":"category","embeddable":true,"href":"https:\/\/mersingazetesi.com\/index.php\/wp-json\/wp\/v2\/categories?post=142115"},{"taxonomy":"post_tag","embeddable":true,"href":"https:\/\/mersingazetesi.com\/index.php\/wp-json\/wp\/v2\/tags?post=142115"}],"curies":[{"name":"wp","href":"https:\/\/api.w.org\/{rel}","templated":true}]}}