{"id":142112,"date":"2026-08-30T10:36:37","date_gmt":"2026-08-30T07:36:37","guid":{"rendered":"https:\/\/mersingazetesi.com\/?p=142112"},"modified":"2026-08-30T10:36:37","modified_gmt":"2026-08-30T07:36:37","slug":"mersinde-7-aracli-zincirleme-kaza-3-yarali","status":"publish","type":"post","link":"https:\/\/mersingazetesi.com\/index.php\/2026\/08\/30\/mersinde-7-aracli-zincirleme-kaza-3-yarali\/","title":{"rendered":"Mersin\u2019de 7 ara\u00e7l\u0131 zincirleme kaza: 3 yaral\u0131"},"content":{"rendered":"<p>Mersin Erdemli il\u00e7esinde 7 arac\u0131n kar\u0131\u015ft\u0131\u011f\u0131 zincirleme trafik kazas\u0131nda 3 ki\u015fi yaraland\u0131.<br \/>\nAl\u0131nan bilgiye g\u00f6re kaza, Mersin-Antalya D-400 karayolunun Antalya istikametinde meydana geldi. Yaylayolu I\u015f\u0131kl\u0131 Kav\u015fa\u011f\u0131na yakla\u015fan ara\u00e7lardan biri iddiaya g\u00f6re k\u0131rm\u0131z\u0131 \u0131\u015f\u0131kta bekleyen di\u011fer ara\u00e7lar\u0131n aras\u0131na dald\u0131. Toplam 7 arac\u0131n kar\u0131\u015ft\u0131\u011f\u0131 bir ara\u00e7 da \u00e7arpman\u0131n etkisiyle yoldan ref\u00fcje \u00e7\u0131kt\u0131. Kazada 3 ki\u015fi yaraland\u0131.<br \/>\n\u0130hbar \u00fczerine olay yerine sa\u011fl\u0131k, polis ve itfaiye ekipleri sevk edildi. Yaral\u0131lar, ambulansla Erdemli Devlet Hastanesine kald\u0131r\u0131ld\u0131.<br \/>\n\u00d6te yandan, kaza an\u0131 bir i\u015f yerinin g\u00fcvenlik kameras\u0131na yans\u0131d\u0131.<br \/>\nKazayla ilgili inceleme ba\u015flat\u0131ld\u0131.<\/p>\n","protected":false},"excerpt":{"rendered":"<p>Mersin Erdemli il\u00e7esinde 7 arac\u0131n kar\u0131\u015ft\u0131\u011f\u0131 zincirleme trafik kazas\u0131nda 3 ki\u015fi yaraland\u0131. Al\u0131nan bilgiye g\u00f6re kaza, Mersin-Antalya D-400 karayolunun Antalya istikametinde meydana geldi. Yaylayolu I\u015f\u0131kl\u0131 Kav\u015fa\u011f\u0131na yakla\u015fan ara\u00e7lardan biri iddiaya g\u00f6re k\u0131rm\u0131z\u0131 \u0131\u015f\u0131kta bekleyen di\u011fer ara\u00e7lar\u0131n aras\u0131na dald\u0131. Toplam 7 arac\u0131n kar\u0131\u015ft\u0131\u011f\u0131 bir ara\u00e7 da \u00e7arpman\u0131n etkisiyle yoldan ref\u00fcje \u00e7\u0131kt\u0131. Kazada 3 ki\u015fi yaraland\u0131. \u0130hbar [&hellip;]<\/p>\n","protected":false},"author":2,"featured_media":142113,"comment_status":"open","ping_status":"open","sticky":false,"template":"","format":"standard","meta":{"footnotes":""},"categories":[1],"tags":[],"class_list":["post-142112","post","type-post","status-publish","format-standard","has-post-thumbnail","hentry","category-gundem"],"views":251,"_links":{"self":[{"href":"https:\/\/mersingazetesi.com\/index.php\/wp-json\/wp\/v2\/posts\/142112","targetHints":{"allow":["GET"]}}],"collection":[{"href":"https:\/\/mersingazetesi.com\/index.php\/wp-json\/wp\/v2\/posts"}],"about":[{"href":"https:\/\/mersingazetesi.com\/index.php\/wp-json\/wp\/v2\/types\/post"}],"author":[{"embeddable":true,"href":"https:\/\/mersingazetesi.com\/index.php\/wp-json\/wp\/v2\/users\/2"}],"replies":[{"embeddable":true,"href":"https:\/\/mersingazetesi.com\/index.php\/wp-json\/wp\/v2\/comments?post=142112"}],"version-history":[{"count":1,"href":"https:\/\/mersingazetesi.com\/index.php\/wp-json\/wp\/v2\/posts\/142112\/revisions"}],"predecessor-version":[{"id":142114,"href":"https:\/\/mersingazetesi.com\/index.php\/wp-json\/wp\/v2\/posts\/142112\/revisions\/142114"}],"wp:featuredmedia":[{"embeddable":true,"href":"https:\/\/mersingazetesi.com\/index.php\/wp-json\/wp\/v2\/media\/142113"}],"wp:attachment":[{"href":"https:\/\/mersingazetesi.com\/index.php\/wp-json\/wp\/v2\/media?parent=142112"}],"wp:term":[{"taxonomy":"category","embeddable":true,"href":"https:\/\/mersingazetesi.com\/index.php\/wp-json\/wp\/v2\/categories?post=142112"},{"taxonomy":"post_tag","embeddable":true,"href":"https:\/\/mersingazetesi.com\/index.php\/wp-json\/wp\/v2\/tags?post=142112"}],"curies":[{"name":"wp","href":"https:\/\/api.w.org\/{rel}","templated":true}]}}