{"id":132096,"date":"2026-05-02T09:55:13","date_gmt":"2026-05-02T06:55:13","guid":{"rendered":"https:\/\/mersingazetesi.com\/?p=132096"},"modified":"2026-05-02T09:55:13","modified_gmt":"2026-05-02T06:55:13","slug":"yuzlerce-ogrencinin-10-numara-davetine-arda-gulerden-cevap-geldi","status":"publish","type":"post","link":"https:\/\/mersingazetesi.com\/index.php\/2026\/05\/02\/yuzlerce-ogrencinin-10-numara-davetine-arda-gulerden-cevap-geldi\/","title":{"rendered":"Y\u00fczlerce \u00f6\u011frencinin &#8220;10 numara&#8221; davetine Arda G\u00fcler\u2019den cevap geldi"},"content":{"rendered":"<p><strong class=\"searchword\">Mersin<\/strong>&#8216;in Tarsus il\u00e7esindeki bir ilkokulda yakla\u015f\u0131k 400 \u00f6\u011frenci, s\u0131rtlar\u0131nda &#8220;Arda&#8221; yaz\u0131l\u0131 10 numaral\u0131 milli formalar\u0131yla, Real Madrid&#8217;de top ko\u015fturan y\u0131ld\u0131z futbolcu Arda G\u00fcler&#8217;i okullar\u0131na davet etti. Arda G\u00fcler ise sosyal medya hesab\u0131ndan o anlar\u0131 payla\u015farak, &#8220;Att\u0131\u011f\u0131m her ad\u0131mda sizin sevginizin izleri var&#8221; diyerek \u00e7ocuklara te\u015fekk\u00fcr etti.<br \/>\nTarsus&#8217;ta bulunan Pakize Bayraktar \u0130lkokulu \u00f6\u011frencileri, ge\u00e7ti\u011fimiz g\u00fcnlerde hayran\u0131 olduklar\u0131 milli futbolcu Arda G\u00fcler i\u00e7in unutulmaz bir etkinlik d\u00fczenledi. Okul bah\u00e7esini adeta bir stadyuma \u00e7eviren minikler, y\u0131ld\u0131z futbolcuya seslerini duyurabilmek i\u00e7in hep bir a\u011f\u0131zdan \u00e7a\u011fr\u0131da bulundu. Okul y\u00f6netimi ve \u00f6\u011fretmenlerin deste\u011fiyle organize edilen etkinlikte, yakla\u015f\u0131k 400 \u00f6\u011frenci okul bah\u00e7esinde topland\u0131. S\u0131rtlar\u0131nda &#8220;10 numara&#8221; ve &#8220;Arda&#8221; yaz\u0131l\u0131 milli formalar\u0131 giyen \u00f6\u011frenciler, renkli g\u00f6r\u00fcnt\u00fcler olu\u015fturdu. Etkinlik s\u0131ras\u0131nda heyecanlar\u0131 g\u00f6zlerinden okunan minik \u00f6\u011frenciler, hep bir a\u011f\u0131zdan &#8220;Arda abi okulumuza gel&#8221; sloganlar\u0131 atarak, milli futbolcuya olan sevgilerini dile getirdi.<\/p>\n<p>Arda G\u00fcler&#8217;den cevap geldi<br \/>\nMilli y\u0131ld\u0131z Arda G\u00fcler ise, sosyal medya hesab\u0131ndan \u00e7ocuklar\u0131n g\u00f6r\u00fcnt\u00fclerini payla\u015farak te\u015fekk\u00fcr etti. Payla\u015f\u0131mda G\u00fcler, &#8220;Bu sevginin bana hissettirdiklerini anlatacak kelime bulam\u0131yorum. Att\u0131\u011f\u0131m her ad\u0131mda sizin sevginizin izleri var. \u00c7ok te\u015fekk\u00fcr ederim&#8221; ifadelerini kulland\u0131.<\/p>\n","protected":false},"excerpt":{"rendered":"<p>Mersin&#8216;in Tarsus il\u00e7esindeki bir ilkokulda yakla\u015f\u0131k 400 \u00f6\u011frenci, s\u0131rtlar\u0131nda &#8220;Arda&#8221; yaz\u0131l\u0131 10 numaral\u0131 milli formalar\u0131yla, Real Madrid&#8217;de top ko\u015fturan y\u0131ld\u0131z futbolcu Arda G\u00fcler&#8217;i okullar\u0131na davet etti. Arda G\u00fcler ise sosyal medya hesab\u0131ndan o anlar\u0131 payla\u015farak, &#8220;Att\u0131\u011f\u0131m her ad\u0131mda sizin sevginizin izleri var&#8221; diyerek \u00e7ocuklara te\u015fekk\u00fcr etti. Tarsus&#8217;ta bulunan Pakize Bayraktar \u0130lkokulu \u00f6\u011frencileri, ge\u00e7ti\u011fimiz g\u00fcnlerde hayran\u0131 [&hellip;]<\/p>\n","protected":false},"author":2,"featured_media":132097,"comment_status":"open","ping_status":"open","sticky":false,"template":"","format":"standard","meta":{"footnotes":""},"categories":[1],"tags":[],"class_list":["post-132096","post","type-post","status-publish","format-standard","has-post-thumbnail","hentry","category-gundem"],"views":34,"_links":{"self":[{"href":"https:\/\/mersingazetesi.com\/index.php\/wp-json\/wp\/v2\/posts\/132096","targetHints":{"allow":["GET"]}}],"collection":[{"href":"https:\/\/mersingazetesi.com\/index.php\/wp-json\/wp\/v2\/posts"}],"about":[{"href":"https:\/\/mersingazetesi.com\/index.php\/wp-json\/wp\/v2\/types\/post"}],"author":[{"embeddable":true,"href":"https:\/\/mersingazetesi.com\/index.php\/wp-json\/wp\/v2\/users\/2"}],"replies":[{"embeddable":true,"href":"https:\/\/mersingazetesi.com\/index.php\/wp-json\/wp\/v2\/comments?post=132096"}],"version-history":[{"count":1,"href":"https:\/\/mersingazetesi.com\/index.php\/wp-json\/wp\/v2\/posts\/132096\/revisions"}],"predecessor-version":[{"id":132098,"href":"https:\/\/mersingazetesi.com\/index.php\/wp-json\/wp\/v2\/posts\/132096\/revisions\/132098"}],"wp:featuredmedia":[{"embeddable":true,"href":"https:\/\/mersingazetesi.com\/index.php\/wp-json\/wp\/v2\/media\/132097"}],"wp:attachment":[{"href":"https:\/\/mersingazetesi.com\/index.php\/wp-json\/wp\/v2\/media?parent=132096"}],"wp:term":[{"taxonomy":"category","embeddable":true,"href":"https:\/\/mersingazetesi.com\/index.php\/wp-json\/wp\/v2\/categories?post=132096"},{"taxonomy":"post_tag","embeddable":true,"href":"https:\/\/mersingazetesi.com\/index.php\/wp-json\/wp\/v2\/tags?post=132096"}],"curies":[{"name":"wp","href":"https:\/\/api.w.org\/{rel}","templated":true}]}}