{"id":132093,"date":"2026-05-02T09:53:45","date_gmt":"2026-05-02T06:53:45","guid":{"rendered":"https:\/\/mersingazetesi.com\/?p=132093"},"modified":"2026-05-02T09:53:45","modified_gmt":"2026-05-02T06:53:45","slug":"mersin-buyuksehirden-bitki-cayi-demleme-atolyesi","status":"publish","type":"post","link":"https:\/\/mersingazetesi.com\/index.php\/2026\/05\/02\/mersin-buyuksehirden-bitki-cayi-demleme-atolyesi\/","title":{"rendered":"MERS\u0130N B\u00dcY\u00dcK\u015eEH\u0130R&#8217;DEN &#8216;B\u0130TK\u0130 \u00c7AYI DEMLEME AT\u00d6LYES\u0130&#8217;"},"content":{"rendered":"<p>K\u0131rsalda \u00fcretici kad\u0131nlar\u0131 desteklemek i\u00e7in birbirinden k\u0131ymetli projeleri hayata ge\u00e7iren Mersin B\u00fcy\u00fck\u015fehir Belediyesi, Toroslar il\u00e7esine ba\u011fl\u0131 Hamzabeyli Mahallesi&#8217;nde a\u00e7t\u0131\u011f\u0131 Hamzabeyli K\u00f6y\u00fcm\u00fcz At\u00f6lye ile yerel de\u011ferleri koruyarak kad\u0131n eme\u011fini \u00f6nceliyor. Tar\u0131msal Hizmetler Dairesi Ba\u015fkanl\u0131\u011f\u0131 taraf\u0131ndan a\u00e7\u0131lan at\u00f6lyede; ba\u015fta co\u011frafi i\u015faretli Mersin Kan Portakal\u0131 olmak \u00fczere, b\u00f6lgenin \u00f6ne \u00e7\u0131kan ni\u015f \u00fcr\u00fcnleri de\u011ferlendiriliyor. Yap\u0131lan bir\u00e7ok \u00fcr\u00fcn\u00fc farkl\u0131 alanlarda da de\u011ferlendirerek \u00fcr\u00fcn \u00e7e\u015fitlili\u011fini art\u0131ran kad\u0131nlara, B\u00fcy\u00fck\u015fehir ekipleri taraf\u0131ndan\u00a0<strong><em>&#8216;Bitki \u00c7ay\u0131 Demleme At\u00f6lyesi&#8217;\u00a0<\/em><\/strong>d\u00fczenlendi. At\u00f6lyede kad\u0131n eme\u011fi ile toplanan t\u0131bbi ve aromatik bitkiler yer al\u0131rken, \u00e7aya lezzet vermesi i\u00e7in Mersin Kan Portakal\u0131 kurusu da eklendi.<\/p>\n<p>&nbsp;<\/p>\n<p>Ziraat Y\u00fcksek M\u00fchendisi Aysun Se\u00e7kin ile G\u0131da M\u00fchendisi D\u00f6nd\u00fc G\u00fcrleko\u011flu&#8217;nun d\u00fczenledi\u011fi at\u00f6lyede;\u00a0<strong><em>&#8216;t\u0131bbi ve aromatik bitkiler, toplan\u0131rken dikkat edilmesi gerekenler, nereden al\u0131naca\u011f\u0131, kullan\u0131m ama\u00e7lar\u0131 ve \u015fekilleri, saklama ko\u015fullar\u0131, evde kuruturken dikkat edilmesi gerekenler, do\u011fru demlenme ile t\u00fcketim \u015fekilleri&#8217;<\/em><\/strong>\u00a0gibi konular kat\u0131l\u0131mc\u0131lara anlat\u0131ld\u0131. Bitki \u00e7ay\u0131na dair bir\u00e7ok detay\u0131 \u00f6\u011frenme \u015fans\u0131 yakalayan kat\u0131l\u0131mc\u0131lar, bu sayede bug\u00fcne kadar do\u011fru bildikleri yanl\u0131\u015flar\u0131 da \u00f6\u011frendiler.<\/p>\n<p>&nbsp;<\/p>\n<p><strong>\u015eahuto\u011flu: &#8220;At\u00f6lyemizde \u00f6zellikle co\u011frafi i\u015faretli \u00fcr\u00fcnlere yer veriyoruz&#8221;<\/strong><\/p>\n<p>2026 \u015eubat ay\u0131nda a\u00e7\u0131lan ve k\u0131sa s\u00fcrede \u00f6zellikle yak\u0131n b\u00f6lgedeki kad\u0131nlar\u0131n g\u00f6zdesi haline gelen Hamzabeyli K\u00f6y\u00fcm\u00fcz At\u00f6lye hakk\u0131nda bilgi veren Tar\u0131msal Hizmetler Dairesi Ba\u015fkan\u0131 Abdullah Sel\u00e7uk \u015eahuto\u011flu; kad\u0131nlara y\u00f6nelik makine kullan\u0131m\u0131, i\u015f sa\u011fl\u0131\u011f\u0131 ve g\u00fcvenli\u011fi, hijyen, g\u0131da okuryazarl\u0131\u011f\u0131 ve nar ek\u015fisi \u00fcretimi gibi konularda d\u00fczenli e\u011fitimler verdiklerini s\u00f6yledi. Co\u011frafi i\u015faretli \u00fcr\u00fcnlere \u00f6zellikle yer verdiklerini belirten \u015eahuto\u011flu, kad\u0131nlar\u0131n kendi \u00fcrettikleri \u00fcr\u00fcnler ile at\u00f6lyede \u00fcretim yapt\u0131klar\u0131n\u0131 s\u00f6yledi. Bitki \u00c7ay\u0131 Demleme At\u00f6lyesi&#8217;nin de \u00e7ok ilgi \u00e7ekti\u011fini s\u00f6yleyen \u015eahuto\u011flu,\u00a0<strong>&#8220;Bitki \u00c7aylar\u0131 Demleme At\u00f6lyesi&#8217;ne 10 vatanda\u015f\u0131m\u0131z kat\u0131ld\u0131. T\u0131bbi ve aromatik bitkileri tan\u0131ma, tan\u0131d\u0131ktan sonra saklama ko\u015fullar\u0131, en iyi saklama ve en iyi kurutma ko\u015fullar\u0131n\u0131 \u00f6\u011freniyorlar. Bununla beraber o \u00e7ay\u0131n demleme s\u00fcreleri ve demleme zamanlar\u0131n\u0131n do\u011fru bir \u015fekilde yap\u0131lmas\u0131n\u0131 \u00f6\u011freniyorlar&#8221;<\/strong>\u00a0diyerek, demledikleri \u00e7aylar\u0131 kad\u0131nlar\u0131n \u00fcretimi olan kekler ve \u00e7\u00f6rekler e\u015fli\u011finde i\u00e7tiklerini s\u00f6yledi.<\/p>\n<p>&nbsp;<\/p>\n<p><strong>&#8220;At\u00f6lyeler bir\u00e7ok amaca hizmet ediyor&#8221;<\/strong><\/p>\n<p>Bu gibi at\u00f6lyeleri, Mersin&#8217;in co\u011frafi i\u015faretli \u00fcr\u00fcnlerini tan\u0131tmak i\u00e7in \u00f6nemsediklerini s\u00f6zlerine ekleyen \u015eahuto\u011flu,\u00a0<strong>&#8220;Kentten k\u0131rsala gelen vatanda\u015flar\u0131 \u00e7ekmek, Hamzabeyli&#8217;yi ve buran\u0131n co\u011frafi \u00fcr\u00fcnl\u00fc kan portakal\u0131n\u0131 tan\u0131tmak ve burada \u00fcretilen \u00fcr\u00fcnlerin tan\u0131t\u0131m\u0131na katk\u0131 sa\u011flamaya \u00e7al\u0131\u015f\u0131yoruz. Verilen e\u011fitimlerle de g\u0131da \u00fcreten insanlara g\u00fcvenli g\u0131dalar\u0131n nas\u0131l \u00fcretilece\u011fi, t\u00fcketicinin g\u00fcvenli g\u0131daya nas\u0131l eri\u015febilece\u011fi ve bunu nas\u0131l okuyabilece\u011fi noktas\u0131nda yol g\u00f6steriyoruz&#8221;<\/strong>\u00a0s\u00f6zlerine yer verdi.<\/p>\n<p>&nbsp;<\/p>\n<p><strong>G\u00fcrleko\u011flu: &#8220;Kat\u0131l\u0131mc\u0131lara, bitki \u00e7aylar\u0131 ile ilgili do\u011fru bildikleri yanl\u0131\u015flar\u0131 g\u00f6sterdik&#8221;<\/strong><\/p>\n<p>Tar\u0131msal Hizmetler Dairesi Ba\u015fkanl\u0131\u011f\u0131&#8217;nda g\u00f6rev yapan G\u0131da M\u00fchendisi D\u00f6nd\u00fc G\u00fcrleko\u011flu,\u00a0<strong>&#8220;Bitkileri asl\u0131nda sa\u011fl\u0131k a\u00e7\u0131s\u0131ndan t\u00fcketiyoruz, fakat yanl\u0131\u015f yapt\u0131\u011f\u0131m\u0131z demleme y\u00f6ntemleriyle sa\u011fl\u0131\u011f\u0131m\u0131za olumlu etki etmiyor.\u00a0<em>&#8216;Bitki \u00e7aylar\u0131 hangi bitkilerden olu\u015fur, t\u0131bbi aromatik bitkiler nelerdir, t\u0131bbi aromatik bitkiler toplan\u0131rken neye dikkat edilmeli, hangi ortamlardan toplanmal\u0131, nerelerden al\u0131nmal\u0131 ve kendi evimizde kurutuyorsak nelere dikkat edece\u011fiz?&#8217;<\/em>\u00a0gibi konularda bilgiler verildi&#8221;<\/strong>\u00a0diye konu\u015ftu.<\/p>\n<p>&nbsp;<\/p>\n<p>K\u00f6y\u00fcm\u00fcz At\u00f6lye&#8217;nin ni\u015f \u00fcr\u00fcnlerinden olan Mersin Kan Portakal\u0131&#8217;n\u0131 da bitki \u00e7ay\u0131na aroma vermek amac\u0131yla kulland\u0131klar\u0131n\u0131 aktaran G\u00fcrleko\u011flu,\u00a0<strong>&#8220;Kan portakal\u0131n\u0131n \u00e7aylarda nas\u0131l kullan\u0131laca\u011f\u0131 konusunda kat\u0131l\u0131mc\u0131lara bilgiler verildi. Kat\u0131l\u0131mc\u0131lar \u00e7ok memnun. B\u00f6ylece bug\u00fcne kadar yanl\u0131\u015f yapt\u0131klar\u0131 y\u00f6ntemleri de \u00f6\u011freniyorlar. Onlar da bunun fark\u0131ndalar ve \u00e7ok memnunlar&#8221;<\/strong>\u00a0ifadelerine yer verdi.<\/p>\n<p>&nbsp;<\/p>\n<p><strong>Kad\u0131nlar, demleme a\u015famas\u0131nda bir\u00e7ok \u00f6nemli noktay\u0131 at\u00f6lye sayesinde \u00f6\u011frendi<\/strong><\/p>\n<p>B\u00fcy\u00fck\u015fehir&#8217;in k\u00f6yl\u00fcye sundu\u011fu imkanlar\u0131n \u00e7ok geni\u015f ve g\u00fczel oldu\u011funu s\u00f6yleyen kat\u0131l\u0131mc\u0131lardan D\u00fcrdane Y\u0131ld\u0131r\u0131m,\u00a0<strong>&#8220;At\u00f6lyeyi \u00e7ok be\u011fendim. Burada \u00e7i\u00e7eklerin kaynat\u0131lmamas\u0131 gerekti\u011fini, sert kabuklular\u0131n ve tohumlular\u0131n sadece 3-5 dakika kaynat\u0131lmas\u0131 gerekti\u011fini \u00f6\u011frendim. Etkinlik de \u00e7ok g\u00fczel, tesis de \u00e7ok g\u00fczel&#8221;<\/strong>\u00a0dedi. Her buldu\u011fu f\u0131rsatta B\u00fcy\u00fck\u015fehir&#8217;in etkinliklerine kat\u0131ld\u0131\u011f\u0131n\u0131 s\u00f6yleyen Y\u0131ld\u0131r\u0131m,\u00a0<strong>&#8220;Mersin&#8217;de \u00e7ok g\u00fczel imkanlar var. Ba\u015fkan\u0131m\u0131z Vahap Se\u00e7er&#8217;in eme\u011fine sa\u011fl\u0131k. Mersin&#8217;de ya\u015famak, B\u00fcy\u00fck\u015fehir Belediyesi&#8217;nin etkinlikleriyle \u00e7ok daha g\u00fczel&#8221;<\/strong>\u00a0dedi.<\/p>\n<p>&nbsp;<\/p>\n<p>Hijyene \u00e7ok dikkat edilen bir at\u00f6lye oldu\u011fu i\u00e7in \u00f6zellikle \u00e7ok sevdi\u011fini s\u00f6yleyen Gastronomi Y\u00fcksek Lisans \u00f6\u011frencisi \u00d6zg\u00fc \u00dcnal,\u00a0<strong>&#8220;\u00d6n\u00fcm\u00fczdeki bitkiler hem \u00e7ok canl\u0131, renkli hem de \u00e7ok tazelerdi. Yeterli olarak bitki se\u00e7enekleri \u00f6n\u00fcm\u00fcze sunulmu\u015ftu. Hepsinin hakk\u0131nda bilgiler ald\u0131k. Demleme a\u015famas\u0131nda eksik oldu\u011fumu d\u00fc\u015f\u00fcnd\u00fc\u011f\u00fcm i\u00e7in, bu etkinlikten faydalanmak istedim&#8221;<\/strong>\u00a0diyerek, bir\u00e7ok \u00f6nemli noktay\u0131 at\u00f6lye sayesinde \u00f6\u011frendi\u011fini belirtti.<\/p>\n","protected":false},"excerpt":{"rendered":"<p>K\u0131rsalda \u00fcretici kad\u0131nlar\u0131 desteklemek i\u00e7in birbirinden k\u0131ymetli projeleri hayata ge\u00e7iren Mersin B\u00fcy\u00fck\u015fehir Belediyesi, Toroslar il\u00e7esine ba\u011fl\u0131 Hamzabeyli Mahallesi&#8217;nde a\u00e7t\u0131\u011f\u0131 Hamzabeyli K\u00f6y\u00fcm\u00fcz At\u00f6lye ile yerel de\u011ferleri koruyarak kad\u0131n eme\u011fini \u00f6nceliyor. Tar\u0131msal Hizmetler Dairesi Ba\u015fkanl\u0131\u011f\u0131 taraf\u0131ndan a\u00e7\u0131lan at\u00f6lyede; ba\u015fta co\u011frafi i\u015faretli Mersin Kan Portakal\u0131 olmak \u00fczere, b\u00f6lgenin \u00f6ne \u00e7\u0131kan ni\u015f \u00fcr\u00fcnleri de\u011ferlendiriliyor. Yap\u0131lan bir\u00e7ok \u00fcr\u00fcn\u00fc farkl\u0131 alanlarda [&hellip;]<\/p>\n","protected":false},"author":2,"featured_media":132094,"comment_status":"open","ping_status":"open","sticky":false,"template":"","format":"standard","meta":{"footnotes":""},"categories":[1],"tags":[],"class_list":["post-132093","post","type-post","status-publish","format-standard","has-post-thumbnail","hentry","category-gundem"],"views":40,"_links":{"self":[{"href":"https:\/\/mersingazetesi.com\/index.php\/wp-json\/wp\/v2\/posts\/132093","targetHints":{"allow":["GET"]}}],"collection":[{"href":"https:\/\/mersingazetesi.com\/index.php\/wp-json\/wp\/v2\/posts"}],"about":[{"href":"https:\/\/mersingazetesi.com\/index.php\/wp-json\/wp\/v2\/types\/post"}],"author":[{"embeddable":true,"href":"https:\/\/mersingazetesi.com\/index.php\/wp-json\/wp\/v2\/users\/2"}],"replies":[{"embeddable":true,"href":"https:\/\/mersingazetesi.com\/index.php\/wp-json\/wp\/v2\/comments?post=132093"}],"version-history":[{"count":1,"href":"https:\/\/mersingazetesi.com\/index.php\/wp-json\/wp\/v2\/posts\/132093\/revisions"}],"predecessor-version":[{"id":132095,"href":"https:\/\/mersingazetesi.com\/index.php\/wp-json\/wp\/v2\/posts\/132093\/revisions\/132095"}],"wp:featuredmedia":[{"embeddable":true,"href":"https:\/\/mersingazetesi.com\/index.php\/wp-json\/wp\/v2\/media\/132094"}],"wp:attachment":[{"href":"https:\/\/mersingazetesi.com\/index.php\/wp-json\/wp\/v2\/media?parent=132093"}],"wp:term":[{"taxonomy":"category","embeddable":true,"href":"https:\/\/mersingazetesi.com\/index.php\/wp-json\/wp\/v2\/categories?post=132093"},{"taxonomy":"post_tag","embeddable":true,"href":"https:\/\/mersingazetesi.com\/index.php\/wp-json\/wp\/v2\/tags?post=132093"}],"curies":[{"name":"wp","href":"https:\/\/api.w.org\/{rel}","templated":true}]}}