{"id":132079,"date":"2026-05-01T17:56:31","date_gmt":"2026-05-01T14:56:31","guid":{"rendered":"https:\/\/mersingazetesi.com\/?p=132079"},"modified":"2026-05-01T17:56:31","modified_gmt":"2026-05-01T14:56:31","slug":"kizkalesi-tasucu-otoyolu-icin-cagri-ikinci-etap-gecikmeden-baslamali","status":"publish","type":"post","link":"https:\/\/mersingazetesi.com\/index.php\/2026\/05\/01\/kizkalesi-tasucu-otoyolu-icin-cagri-ikinci-etap-gecikmeden-baslamali\/","title":{"rendered":"KIZKALES\u0130\u2013TA\u015eUCU OTOYOLU \u0130\u00c7\u0130N \u00c7A\u011eRI: \u201c\u0130K\u0130NC\u0130 ETAP GEC\u0130KMEDEN BA\u015eLAMALI\u201d"},"content":{"rendered":"<p>Mersin Sanayicileri ve \u0130\u015f \u0130nsanlar\u0131 Derne\u011fi (MES\u0130AD) Ba\u015fkan\u0131 Adnan G\u00fcndo\u011fdu, kent ula\u015f\u0131m\u0131na y\u00f6nelik kritik projelerle ilgili dikkat \u00e7eken a\u00e7\u0131klamalarda bulundu. G\u00fcndo\u011fdu, \u00c7e\u015fmeli\u2013K\u0131zkalesi yol projesi tamamlanmadan ikinci etap olan K\u0131zkalesi\u2013Ta\u015fucu hatt\u0131na ba\u015flanmas\u0131 gerekti\u011fini vurgulayarak, projenin b\u00f6lgeye \u00e7ok y\u00f6nl\u00fc katk\u0131 sa\u011flayaca\u011f\u0131n\u0131 ifade etti.<\/p>\n<p>G\u00fcndo\u011fdu, s\u00f6z konusu hatt\u0131n hayata ge\u00e7irilmesinin turizm, ta\u015f\u0131mac\u0131l\u0131k ve b\u00f6lgesel kalk\u0131nma a\u00e7\u0131s\u0131ndan Mersin\u2019e ciddi kazan\u0131mlar sunaca\u011f\u0131n\u0131 belirterek, \u201cBu proje yaln\u0131zca bir ula\u015f\u0131m yat\u0131r\u0131m\u0131 de\u011fil, ayn\u0131 zamanda b\u00f6lgenin ekonomik potansiyelini a\u00e7\u0131\u011fa \u00e7\u0131karacak stratejik bir ad\u0131md\u0131r\u201d dedi.<\/p>\n<p><b>D400 VE LOJ\u0130ST\u0130K YOLLAR \u0130\u00c7\u0130N AC\u0130L VURGUSU<\/b><\/p>\n<p>Mersin\u2019in b\u00fcy\u00fcyen ekonomik yap\u0131s\u0131na dikkat \u00e7eken G\u00fcndo\u011fdu, ula\u015f\u0131m ve altyap\u0131 yat\u0131r\u0131mlar\u0131n\u0131n kesintisiz s\u00fcrd\u00fcr\u00fclmesi gerekti\u011fini s\u00f6yledi. Bu kapsamda, Karayollar\u0131 Genel M\u00fcd\u00fcrl\u00fc\u011f\u00fc taraf\u0131ndan ihalesi yap\u0131lan D400 Karayolu \u00e7al\u0131\u015fmalar\u0131n\u0131n bir an \u00f6nce ba\u015flamas\u0131 gerekti\u011fini belirten G\u00fcndo\u011fdu, mevcut yo\u011funlu\u011fu azaltacak alternatif lojistik yol projelerinin de ivedilikle de\u011ferlendirilmesi \u00e7a\u011fr\u0131s\u0131nda bulundu.<\/p>\n<p>\u00d6zellikle Tarsus Organize Sanayi B\u00f6lgesi\u2019ne alternatif olu\u015fturacak yeni ula\u015f\u0131m hatlar\u0131n\u0131n \u00f6nemine de\u011finen G\u00fcndo\u011fdu, bu projelerin hem sanayi hem de \u015fehir trafi\u011fini rahatlataca\u011f\u0131n\u0131 ifade etti.<\/p>\n<p><b>\u015eEH\u0130R \u0130\u00c7\u0130 TRAF\u0130\u011eE \u201cB\u00dcT\u00dcNC\u00dcL PLANLAMA\u201d \u00d6NER\u0130S\u0130<\/b><\/p>\n<p>\u015eehir i\u00e7i ula\u015f\u0131m\u0131n da b\u00fct\u00fcnc\u00fcl bir yakla\u015f\u0131mla ele al\u0131nmas\u0131 gerekti\u011fini dile getiren G\u00fcndo\u011fdu, 4. \u00c7evre Yolu\u2019ndan Toroslar b\u00f6lgesine sa\u011flanacak yeni ba\u011flant\u0131 yolunun hayata ge\u00e7irilmesinin kritik oldu\u011funu s\u00f6yledi. Bu ba\u011flant\u0131n\u0131n, \u00f6zellikle kuzey aks\u0131ndaki trafik y\u00fck\u00fcn\u00fc hafifletece\u011fini ve ula\u015f\u0131m ak\u0131\u015f\u0131n\u0131 rahatlataca\u011f\u0131n\u0131 belirtti.<\/p>\n<p>Alternatif g\u00fczerg\u00e2hlar\u0131n olu\u015fturulmas\u0131n\u0131n, gelecekte ya\u015fanabilecek trafik yo\u011funlu\u011funu bug\u00fcnden \u00f6nlemek ad\u0131na \u00f6nemli bir ad\u0131m oldu\u011funa i\u015faret eden G\u00fcndo\u011fdu, planlaman\u0131n \u00f6ng\u00f6r\u00fcyle yap\u0131lmas\u0131 gerekti\u011fini vurgulad\u0131.<\/p>\n<p><b>\u201cYOLLAR, B\u0130R KENT\u0130N MEDEN\u0130YET G\u00d6STERGES\u0130D\u0130R\u201d<\/b><\/p>\n<p>A\u00e7\u0131klamas\u0131nda ula\u015f\u0131m yat\u0131r\u0131mlar\u0131n\u0131n sadece teknik de\u011fil, ayn\u0131 zamanda sosyal ve ekonomik bir g\u00f6sterge oldu\u011funa dikkat \u00e7eken G\u00fcndo\u011fdu, \u201cYollar, bir kentin yaln\u0131zca ula\u015f\u0131m a\u011f\u0131n\u0131 de\u011fil; medeniyet seviyesini, ekonomik g\u00fcc\u00fcn\u00fc ve ya\u015fam kalitesini de yans\u0131t\u0131r\u201d dedi.<\/p>\n","protected":false},"excerpt":{"rendered":"<p>Mersin Sanayicileri ve \u0130\u015f \u0130nsanlar\u0131 Derne\u011fi (MES\u0130AD) Ba\u015fkan\u0131 Adnan G\u00fcndo\u011fdu, kent ula\u015f\u0131m\u0131na y\u00f6nelik kritik projelerle ilgili dikkat \u00e7eken a\u00e7\u0131klamalarda bulundu. G\u00fcndo\u011fdu, \u00c7e\u015fmeli\u2013K\u0131zkalesi yol projesi tamamlanmadan ikinci etap olan K\u0131zkalesi\u2013Ta\u015fucu hatt\u0131na ba\u015flanmas\u0131 gerekti\u011fini vurgulayarak, projenin b\u00f6lgeye \u00e7ok y\u00f6nl\u00fc katk\u0131 sa\u011flayaca\u011f\u0131n\u0131 ifade etti. G\u00fcndo\u011fdu, s\u00f6z konusu hatt\u0131n hayata ge\u00e7irilmesinin turizm, ta\u015f\u0131mac\u0131l\u0131k ve b\u00f6lgesel kalk\u0131nma a\u00e7\u0131s\u0131ndan Mersin\u2019e ciddi [&hellip;]<\/p>\n","protected":false},"author":2,"featured_media":132080,"comment_status":"open","ping_status":"open","sticky":false,"template":"","format":"standard","meta":{"footnotes":""},"categories":[1],"tags":[],"class_list":["post-132079","post","type-post","status-publish","format-standard","has-post-thumbnail","hentry","category-gundem"],"views":94,"_links":{"self":[{"href":"https:\/\/mersingazetesi.com\/index.php\/wp-json\/wp\/v2\/posts\/132079","targetHints":{"allow":["GET"]}}],"collection":[{"href":"https:\/\/mersingazetesi.com\/index.php\/wp-json\/wp\/v2\/posts"}],"about":[{"href":"https:\/\/mersingazetesi.com\/index.php\/wp-json\/wp\/v2\/types\/post"}],"author":[{"embeddable":true,"href":"https:\/\/mersingazetesi.com\/index.php\/wp-json\/wp\/v2\/users\/2"}],"replies":[{"embeddable":true,"href":"https:\/\/mersingazetesi.com\/index.php\/wp-json\/wp\/v2\/comments?post=132079"}],"version-history":[{"count":1,"href":"https:\/\/mersingazetesi.com\/index.php\/wp-json\/wp\/v2\/posts\/132079\/revisions"}],"predecessor-version":[{"id":132081,"href":"https:\/\/mersingazetesi.com\/index.php\/wp-json\/wp\/v2\/posts\/132079\/revisions\/132081"}],"wp:featuredmedia":[{"embeddable":true,"href":"https:\/\/mersingazetesi.com\/index.php\/wp-json\/wp\/v2\/media\/132080"}],"wp:attachment":[{"href":"https:\/\/mersingazetesi.com\/index.php\/wp-json\/wp\/v2\/media?parent=132079"}],"wp:term":[{"taxonomy":"category","embeddable":true,"href":"https:\/\/mersingazetesi.com\/index.php\/wp-json\/wp\/v2\/categories?post=132079"},{"taxonomy":"post_tag","embeddable":true,"href":"https:\/\/mersingazetesi.com\/index.php\/wp-json\/wp\/v2\/tags?post=132079"}],"curies":[{"name":"wp","href":"https:\/\/api.w.org\/{rel}","templated":true}]}}