{"id":132064,"date":"2026-05-01T16:32:26","date_gmt":"2026-05-01T13:32:26","guid":{"rendered":"https:\/\/mersingazetesi.com\/?p=132064"},"modified":"2026-05-01T15:46:52","modified_gmt":"2026-05-01T12:46:52","slug":"mersinde-1-mayis-ruhu-video","status":"publish","type":"post","link":"https:\/\/mersingazetesi.com\/index.php\/2026\/05\/01\/mersinde-1-mayis-ruhu-video\/","title":{"rendered":"MERS\u0130N&#8217;DE 1 MAYIS RUHU (V\u0130DEO)"},"content":{"rendered":"<p class=\"lead text-lg-start text-dark my-2 description\">Mersin\u2019de 1 May\u0131s Emek ve Dayan\u0131\u015fma G\u00fcn\u00fc, Mersin Emek ve Demokrasi Platformu \u00f6nc\u00fcl\u00fc\u011f\u00fcnde kutland\u0131. Emek\u00e7iler saat 13.30\u2019da Millet Bah\u00e7esi\u2019nde topland\u0131 ve 14.30\u2019da Cumhuriyet Meydan\u0131\u2019na y\u00fcr\u00fcd\u00fc. Program, Ali Altay konseriyle devam etti.<\/p>\n<p><img loading=\"lazy\" decoding=\"async\" class=\"alignnone  wp-image-132077\" src=\"http:\/\/mersingazetesi.com\/wp-content\/uploads\/2026\/05\/WhatsApp-Image-2026-05-01-at-14.51.42.jpeg\" alt=\"\" width=\"579\" height=\"434\" srcset=\"https:\/\/mersingazetesi.com\/wp-content\/uploads\/2026\/05\/WhatsApp-Image-2026-05-01-at-14.51.42.jpeg 1600w, https:\/\/mersingazetesi.com\/wp-content\/uploads\/2026\/05\/WhatsApp-Image-2026-05-01-at-14.51.42-540x405.jpeg 540w\" sizes=\"auto, (max-width: 579px) 100vw, 579px\" \/><\/p>\n<p>\u0130\u015f\u00e7iler, emek\u00e7iler, sendikalar, meslek odalar\u0131, sivil toplum kurulu\u015flar\u0131 ve siyasi partilerin kat\u0131l\u0131m\u0131yla yap\u0131lan 1 May\u0131s etkinliklerinde; hayat pahal\u0131l\u0131\u011f\u0131, d\u00fc\u015f\u00fck \u00fccretler, g\u00fcvencesiz \u00e7al\u0131\u015fma ko\u015fullar\u0131, sosyal haklar ve demokrasi talepleri \u00f6ne \u00e7\u0131kt\u0131.<\/p>\n<p>Y\u00fcr\u00fcy\u00fc\u015fe sendikalar, demokratik kitle \u00f6rg\u00fctleri, meslek odalar\u0131, siyasi partiler ve \u00e7e\u015fitli topluluklar\u0131n kendi kortejleriyle kat\u0131ld\u0131. Kat\u0131l\u0131mc\u0131lar, 1 May\u0131s\u2019\u0131n dayan\u0131\u015fma ruhunu Mersin sokaklar\u0131na ta\u015f\u0131rken, \u00e7al\u0131\u015fma ya\u015fam\u0131nda ya\u015fanan sorunlara da dikkat \u00e7ekti. Cumhuriyet Meydan\u0131\u2019n\u0131n g\u00fcn boyunca sloganlar, \u015fark\u0131lar, halaylar ve dayan\u0131\u015fma mesajlar\u0131yla doldu.<\/p>\n<div style=\"width: 476px;\" class=\"wp-video\"><!--[if lt IE 9]><script>document.createElement('video');<\/script><![endif]-->\n<video class=\"wp-video-shortcode\" id=\"video-132064-1\" width=\"476\" height=\"848\" preload=\"metadata\" controls=\"controls\"><source type=\"video\/mp4\" src=\"http:\/\/mersingazetesi.com\/wp-content\/uploads\/2026\/05\/WhatsApp-Video-2026-05-01-at-14.12.58.mp4?_=1\" \/><a href=\"http:\/\/mersingazetesi.com\/wp-content\/uploads\/2026\/05\/WhatsApp-Video-2026-05-01-at-14.12.58.mp4\">http:\/\/mersingazetesi.com\/wp-content\/uploads\/2026\/05\/WhatsApp-Video-2026-05-01-at-14.12.58.mp4<\/a><\/video><\/div>\n","protected":false},"excerpt":{"rendered":"<p>Mersin\u2019de 1 May\u0131s Emek ve Dayan\u0131\u015fma G\u00fcn\u00fc, Mersin Emek ve Demokrasi Platformu \u00f6nc\u00fcl\u00fc\u011f\u00fcnde kutland\u0131. Emek\u00e7iler saat 13.30\u2019da Millet Bah\u00e7esi\u2019nde topland\u0131 ve 14.30\u2019da Cumhuriyet Meydan\u0131\u2019na y\u00fcr\u00fcd\u00fc. Program, Ali Altay konseriyle devam etti. \u0130\u015f\u00e7iler, emek\u00e7iler, sendikalar, meslek odalar\u0131, sivil toplum kurulu\u015flar\u0131 ve siyasi partilerin kat\u0131l\u0131m\u0131yla yap\u0131lan 1 May\u0131s etkinliklerinde; hayat pahal\u0131l\u0131\u011f\u0131, d\u00fc\u015f\u00fck \u00fccretler, g\u00fcvencesiz \u00e7al\u0131\u015fma ko\u015fullar\u0131, sosyal [&hellip;]<\/p>\n","protected":false},"author":2,"featured_media":132065,"comment_status":"open","ping_status":"open","sticky":false,"template":"","format":"standard","meta":{"footnotes":""},"categories":[8],"tags":[],"class_list":["post-132064","post","type-post","status-publish","format-standard","has-post-thumbnail","hentry","category-mersin"],"views":76,"_links":{"self":[{"href":"https:\/\/mersingazetesi.com\/index.php\/wp-json\/wp\/v2\/posts\/132064","targetHints":{"allow":["GET"]}}],"collection":[{"href":"https:\/\/mersingazetesi.com\/index.php\/wp-json\/wp\/v2\/posts"}],"about":[{"href":"https:\/\/mersingazetesi.com\/index.php\/wp-json\/wp\/v2\/types\/post"}],"author":[{"embeddable":true,"href":"https:\/\/mersingazetesi.com\/index.php\/wp-json\/wp\/v2\/users\/2"}],"replies":[{"embeddable":true,"href":"https:\/\/mersingazetesi.com\/index.php\/wp-json\/wp\/v2\/comments?post=132064"}],"version-history":[{"count":3,"href":"https:\/\/mersingazetesi.com\/index.php\/wp-json\/wp\/v2\/posts\/132064\/revisions"}],"predecessor-version":[{"id":132078,"href":"https:\/\/mersingazetesi.com\/index.php\/wp-json\/wp\/v2\/posts\/132064\/revisions\/132078"}],"wp:featuredmedia":[{"embeddable":true,"href":"https:\/\/mersingazetesi.com\/index.php\/wp-json\/wp\/v2\/media\/132065"}],"wp:attachment":[{"href":"https:\/\/mersingazetesi.com\/index.php\/wp-json\/wp\/v2\/media?parent=132064"}],"wp:term":[{"taxonomy":"category","embeddable":true,"href":"https:\/\/mersingazetesi.com\/index.php\/wp-json\/wp\/v2\/categories?post=132064"},{"taxonomy":"post_tag","embeddable":true,"href":"https:\/\/mersingazetesi.com\/index.php\/wp-json\/wp\/v2\/tags?post=132064"}],"curies":[{"name":"wp","href":"https:\/\/api.w.org\/{rel}","templated":true}]}}