{"id":132056,"date":"2026-05-01T14:31:02","date_gmt":"2026-05-01T11:31:02","guid":{"rendered":"https:\/\/mersingazetesi.com\/?p=132056"},"modified":"2026-05-01T14:31:02","modified_gmt":"2026-05-01T11:31:02","slug":"hava-sicakligi-hissedilir-derecede-azalacak","status":"publish","type":"post","link":"https:\/\/mersingazetesi.com\/index.php\/2026\/05\/01\/hava-sicakligi-hissedilir-derecede-azalacak\/","title":{"rendered":"Hava S\u0131cakl\u0131\u011f\u0131 Hissedilir Derecede Azalacak"},"content":{"rendered":"<p>Meteoroloji 6. B\u00f6lge M\u00fcd\u00fcrl\u00fc\u011f\u00fc&#8217;nden gelen son de\u011ferlendirmelere g\u00f6re; Mersin genelinin 03 May\u0131s 2026 Pazar g\u00fcn\u00fcnden itibaren serin ve ya\u011f\u0131\u015fl\u0131 havan\u0131n etkisi alt\u0131na girmesi bekleniyor.<\/p>\n<p>&nbsp;<\/p>\n<p>Halen mevsim normalleri civar\u0131nda, yer yer \u00fczerinde seyreden hava s\u0131cakl\u0131klar\u0131n\u0131n hissedilir derecede azalarak \u00f6n\u00fcm\u00fczdeki hafta ortas\u0131na kadar mevsim normallerinin alt\u0131na d\u00fc\u015fece\u011fi tahmin ediliyor. S\u0131cakl\u0131klardaki d\u00fc\u015f\u00fc\u015fe ba\u011fl\u0131 olarak, \u00f6zellikle i\u00e7 ve y\u00fcksek kesimlerde buzlanma ve don hadiselerinin g\u00f6r\u00fclebilir.<br \/>\nYa\u011f\u0131\u015flar\u0131n genel olarak sa\u011fanak ve g\u00f6k g\u00fcr\u00fclt\u00fcl\u00fc sa\u011fanak \u015feklinde, y\u00fcksek kesimlerde (1500m rak\u0131m \u00fcst\u00fcnde) ise karla kar\u0131\u015f\u0131k ya\u011fmur ve yer yer kar \u015feklinde olaca\u011f\u0131 bekleniyor. D\u00fc\u015f\u00fck s\u0131cakl\u0131klar nedeniyle i\u00e7 kesimlerin y\u00fckseklerinde yerel zirai don riski bulunuyor.<br \/>\n04 May\u0131s \u2013 08 May\u0131s 2026 tarihleri aras\u0131nda \u00c7aml\u0131yayla ve G\u00fclnar il\u00e7elerinde beklenen en d\u00fc\u015f\u00fck hava s\u0131cakl\u0131klar\u0131 0 \u00b0C ve 1 \u00b0C\u2019.<\/p>\n","protected":false},"excerpt":{"rendered":"<p>Meteoroloji 6. B\u00f6lge M\u00fcd\u00fcrl\u00fc\u011f\u00fc&#8217;nden gelen son de\u011ferlendirmelere g\u00f6re; Mersin genelinin 03 May\u0131s 2026 Pazar g\u00fcn\u00fcnden itibaren serin ve ya\u011f\u0131\u015fl\u0131 havan\u0131n etkisi alt\u0131na girmesi bekleniyor. &nbsp; Halen mevsim normalleri civar\u0131nda, yer yer \u00fczerinde seyreden hava s\u0131cakl\u0131klar\u0131n\u0131n hissedilir derecede azalarak \u00f6n\u00fcm\u00fczdeki hafta ortas\u0131na kadar mevsim normallerinin alt\u0131na d\u00fc\u015fece\u011fi tahmin ediliyor. S\u0131cakl\u0131klardaki d\u00fc\u015f\u00fc\u015fe ba\u011fl\u0131 olarak, \u00f6zellikle i\u00e7 ve [&hellip;]<\/p>\n","protected":false},"author":2,"featured_media":132057,"comment_status":"open","ping_status":"open","sticky":false,"template":"","format":"standard","meta":{"footnotes":""},"categories":[1],"tags":[],"class_list":["post-132056","post","type-post","status-publish","format-standard","has-post-thumbnail","hentry","category-gundem"],"views":73,"_links":{"self":[{"href":"https:\/\/mersingazetesi.com\/index.php\/wp-json\/wp\/v2\/posts\/132056","targetHints":{"allow":["GET"]}}],"collection":[{"href":"https:\/\/mersingazetesi.com\/index.php\/wp-json\/wp\/v2\/posts"}],"about":[{"href":"https:\/\/mersingazetesi.com\/index.php\/wp-json\/wp\/v2\/types\/post"}],"author":[{"embeddable":true,"href":"https:\/\/mersingazetesi.com\/index.php\/wp-json\/wp\/v2\/users\/2"}],"replies":[{"embeddable":true,"href":"https:\/\/mersingazetesi.com\/index.php\/wp-json\/wp\/v2\/comments?post=132056"}],"version-history":[{"count":2,"href":"https:\/\/mersingazetesi.com\/index.php\/wp-json\/wp\/v2\/posts\/132056\/revisions"}],"predecessor-version":[{"id":132059,"href":"https:\/\/mersingazetesi.com\/index.php\/wp-json\/wp\/v2\/posts\/132056\/revisions\/132059"}],"wp:featuredmedia":[{"embeddable":true,"href":"https:\/\/mersingazetesi.com\/index.php\/wp-json\/wp\/v2\/media\/132057"}],"wp:attachment":[{"href":"https:\/\/mersingazetesi.com\/index.php\/wp-json\/wp\/v2\/media?parent=132056"}],"wp:term":[{"taxonomy":"category","embeddable":true,"href":"https:\/\/mersingazetesi.com\/index.php\/wp-json\/wp\/v2\/categories?post=132056"},{"taxonomy":"post_tag","embeddable":true,"href":"https:\/\/mersingazetesi.com\/index.php\/wp-json\/wp\/v2\/tags?post=132056"}],"curies":[{"name":"wp","href":"https:\/\/api.w.org\/{rel}","templated":true}]}}