{"id":132053,"date":"2026-05-01T14:10:25","date_gmt":"2026-05-01T11:10:25","guid":{"rendered":"https:\/\/mersingazetesi.com\/?p=132053"},"modified":"2026-05-01T14:10:25","modified_gmt":"2026-05-01T11:10:25","slug":"akdenize-ikinci-bilgi-limani-kutuphanesi","status":"publish","type":"post","link":"https:\/\/mersingazetesi.com\/index.php\/2026\/05\/01\/akdenize-ikinci-bilgi-limani-kutuphanesi\/","title":{"rendered":"Akdenize \u0130kinci Bilgi Liman\u0131 K\u00fct\u00fcphanesi"},"content":{"rendered":"<p>Akdeniz \u0130l\u00e7esinde birincisi Turgut Reis Mahallesinde yap\u0131lan ve b\u00fcy\u00fck ilgi g\u00f6ren &#8220;Akdeniz Bilgi Liman\u0131 K\u00fct\u00fcphaneleri&#8221; projesine bir yenisi daha eklendi. Millet Bah\u00e7esi Sahil Etab\u0131\u2019nda, do\u011fa ve denizin i\u00e7 i\u00e7e ge\u00e7ti\u011fi e\u015fsiz bir konumda in\u015fa edilen Dr. Ali R\u0131za Ongun K\u00fct\u00fcphanesi, \u00f6\u011frencilere sessiz ve modern bir \u00e7al\u0131\u015fma ortam\u0131 sunmak \u00fczere hizmete girdi.<\/p>\n<p>Akdeniz Kaymakaml\u0131\u011f\u0131, Akdeniz Sosyal Yard\u0131mla\u015fma ve Dayan\u0131\u015fma Vakf\u0131\u00a0 ve Akdeniz Belediyesi i\u015fbirli\u011fi ile \u015fehre kazand\u0131r\u0131lan kafe k\u00fct\u00fcphane, gen\u00e7leri a\u011f\u0131rlamaya ba\u015flad\u0131. Sadece bir kitap okuma alan\u0131 olman\u0131n \u00f6tesine ge\u00e7en tesis, \u00f6rnek te\u015fkil edecek &#8220;kafe k\u00fct\u00fcphane&#8221; konseptiyle Mersinli gen\u00e7lerin yeni bulu\u015fma noktas\u0131 oldu.<\/p>\n<p>Ba\u015fkan V. Zeyit \u015eener: &#8220;Kafe K\u00fct\u00fcphanelerimiz Amac\u0131na Ula\u015f\u0131yor&#8221;<\/p>\n<p>Akdeniz Bilgi Limanlar\u0131\u2019n\u0131 ziyaret ederek \u00f6\u011frencilerle bir araya gelen ve tesisin sundu\u011fu imk\u00e2nlar\u0131 yerinde inceleyen Akdeniz Kaymakam\u0131 ve Belediye Ba\u015fkan V. Zeyit \u015eener, projenin vizyonuna dair a\u00e7\u0131klamalarda bulundu. Gen\u00e7lerin g\u00fcvenli bir ortamda gelece\u011fe haz\u0131rlanmalar\u0131n\u0131n en b\u00fcy\u00fck \u00f6ncelikleri oldu\u011funu belirten \u015eener, \u015fu ifadelere yer verdi:<\/p>\n<p>&#8220;Akdeniz\u2019de eksikli\u011fini g\u00f6rd\u00fc\u011f\u00fcm\u00fcz ve h\u0131zl\u0131ca hayata ge\u00e7irdi\u011fimiz &#8216;kafe k\u00fct\u00fcphane&#8217; konseptinin kentimizde ne kadar g\u00fczel bir kar\u015f\u0131l\u0131k buldu\u011funa hep birlikte \u015fahit olduk. Bu mek\u00e2nlar art\u0131k sadece Akdeniz&#8217;e de\u011fil, t\u00fcm Mersin&#8217;e hizmet eden; gen\u00e7lerimizin d\u0131\u015far\u0131daki g\u00fcr\u00fclt\u00fcden uzak, tamamen sessiz, g\u00fcven ve huzur i\u00e7erisinde ders \u00e7al\u0131\u015fabilecekleri modern ya\u015fam alanlar\u0131na d\u00f6n\u00fc\u015ft\u00fc.<\/p>\n<p>&nbsp;<\/p>\n<p>Daha \u00f6nce Turgut Reis Mahallemizde a\u00e7t\u0131\u011f\u0131m\u0131z ilk kafe k\u00fct\u00fcphanemiz gen\u00e7lerimizden muazzam bir ilgi g\u00f6rm\u00fc\u015ft\u00fc. Bug\u00fcn denize s\u0131f\u0131r, do\u011fayla i\u00e7 i\u00e7e bu harika konumda ikincisini hizmete sunman\u0131n hakl\u0131 gururunu ya\u015f\u0131yoruz. Gen\u00e7lerimiz burada bir yandan deniz manzaras\u0131 e\u015fli\u011finde huzur bulurken, di\u011fer yandan s\u0131cac\u0131k \u00e7ay ve kahvelerini yudumlayarak sadece geleceklerine ve derslerine odaklanacaklar.<\/p>\n<p>&nbsp;<\/p>\n<p>Ancak e\u011fitime olan yat\u0131r\u0131m\u0131m\u0131z bununla s\u0131n\u0131rl\u0131 kalmayacak. Mersin&#8217;in e\u015fsiz tarihi dokusuyla i\u00e7 i\u00e7e olacak \u00fc\u00e7\u00fcnc\u00fc bir kafe k\u00fct\u00fcphanemizin de proje \u00e7al\u0131\u015fmalar\u0131na ba\u015flad\u0131k, bunun m\u00fcjdesini de buradan vermek istiyorum.<\/p>\n<p>Mersin Valili\u011fimiz himayesinde ger\u00e7ekle\u015ftirdi\u011fimiz bu g\u00fczel projede eme\u011fi ge\u00e7en b\u00fct\u00fcn personel arkada\u015flar\u0131ma te\u015fekk\u00fcr ediyorum. &#8221;<\/p>\n<p>E\u011fitim, Rehberlik ve Sosyalle\u015fme Bir Arada<\/p>\n<p>Kompleksin kapal\u0131 bah\u00e7esi b\u00f6l\u00fcm\u00fcnde yer alan at\u00f6lye alanlar\u0131 ise e\u011fitimi sosyal aktivitelerle harmanl\u0131yor. Bu \u00f6zel alanlarda \u00f6\u011frenciler, uzman rehberlik \u00f6\u011fretmenleri e\u015fli\u011finde \u00e7e\u015fitli ki\u015fisel geli\u015fim ve motivasyon etkinliklerine kat\u0131larak hem s\u0131nav stresinden uzakla\u015f\u0131yor hem de sosyalle\u015fme imk\u00e2n\u0131 buluyor.<\/p>\n<p>Mersin&#8217;in e\u011fitim altyap\u0131s\u0131na b\u00fcy\u00fck de\u011fer katan Akdeniz Bilgi Limanlar\u0131, haftan\u0131n her g\u00fcn\u00fc s\u0131navlara haz\u0131rlanan \u00f6\u011frencileri ve t\u00fcm kitapseverleri bekliyor.<\/p>\n<p>&nbsp;<\/p>\n","protected":false},"excerpt":{"rendered":"<p>Akdeniz \u0130l\u00e7esinde birincisi Turgut Reis Mahallesinde yap\u0131lan ve b\u00fcy\u00fck ilgi g\u00f6ren &#8220;Akdeniz Bilgi Liman\u0131 K\u00fct\u00fcphaneleri&#8221; projesine bir yenisi daha eklendi. Millet Bah\u00e7esi Sahil Etab\u0131\u2019nda, do\u011fa ve denizin i\u00e7 i\u00e7e ge\u00e7ti\u011fi e\u015fsiz bir konumda in\u015fa edilen Dr. Ali R\u0131za Ongun K\u00fct\u00fcphanesi, \u00f6\u011frencilere sessiz ve modern bir \u00e7al\u0131\u015fma ortam\u0131 sunmak \u00fczere hizmete girdi. Akdeniz Kaymakaml\u0131\u011f\u0131, Akdeniz Sosyal [&hellip;]<\/p>\n","protected":false},"author":2,"featured_media":132054,"comment_status":"open","ping_status":"open","sticky":false,"template":"","format":"standard","meta":{"footnotes":""},"categories":[1],"tags":[],"class_list":["post-132053","post","type-post","status-publish","format-standard","has-post-thumbnail","hentry","category-gundem"],"views":64,"_links":{"self":[{"href":"https:\/\/mersingazetesi.com\/index.php\/wp-json\/wp\/v2\/posts\/132053","targetHints":{"allow":["GET"]}}],"collection":[{"href":"https:\/\/mersingazetesi.com\/index.php\/wp-json\/wp\/v2\/posts"}],"about":[{"href":"https:\/\/mersingazetesi.com\/index.php\/wp-json\/wp\/v2\/types\/post"}],"author":[{"embeddable":true,"href":"https:\/\/mersingazetesi.com\/index.php\/wp-json\/wp\/v2\/users\/2"}],"replies":[{"embeddable":true,"href":"https:\/\/mersingazetesi.com\/index.php\/wp-json\/wp\/v2\/comments?post=132053"}],"version-history":[{"count":1,"href":"https:\/\/mersingazetesi.com\/index.php\/wp-json\/wp\/v2\/posts\/132053\/revisions"}],"predecessor-version":[{"id":132055,"href":"https:\/\/mersingazetesi.com\/index.php\/wp-json\/wp\/v2\/posts\/132053\/revisions\/132055"}],"wp:featuredmedia":[{"embeddable":true,"href":"https:\/\/mersingazetesi.com\/index.php\/wp-json\/wp\/v2\/media\/132054"}],"wp:attachment":[{"href":"https:\/\/mersingazetesi.com\/index.php\/wp-json\/wp\/v2\/media?parent=132053"}],"wp:term":[{"taxonomy":"category","embeddable":true,"href":"https:\/\/mersingazetesi.com\/index.php\/wp-json\/wp\/v2\/categories?post=132053"},{"taxonomy":"post_tag","embeddable":true,"href":"https:\/\/mersingazetesi.com\/index.php\/wp-json\/wp\/v2\/tags?post=132053"}],"curies":[{"name":"wp","href":"https:\/\/api.w.org\/{rel}","templated":true}]}}