{"id":132041,"date":"2026-05-01T11:34:01","date_gmt":"2026-05-01T08:34:01","guid":{"rendered":"https:\/\/mersingazetesi.com\/?p=132041"},"modified":"2026-05-01T11:34:01","modified_gmt":"2026-05-01T08:34:01","slug":"pasajda-olu-bulunan-eyup-canin-ilk-durusmasi-goruldu-olay-yerinde-cifte-kesif-yapildi","status":"publish","type":"post","link":"https:\/\/mersingazetesi.com\/index.php\/2026\/05\/01\/pasajda-olu-bulunan-eyup-canin-ilk-durusmasi-goruldu-olay-yerinde-cifte-kesif-yapildi\/","title":{"rendered":"Pasajda \u00f6l\u00fc bulunan Ey\u00fcp Can&#8217;\u0131n ilk duru\u015fmas\u0131 g\u00f6r\u00fcld\u00fc: Olay yerinde \u00e7ifte ke\u015fif yap\u0131ld\u0131"},"content":{"rendered":"<p><strong class=\"searchword\">Mersin<\/strong>&#8216;in Anamur il\u00e7esinde 9 ay \u00f6nce ya\u015fanan kovalamaca sonras\u0131nda d\u00fc\u015ft\u00fc\u011f\u00fc ileri s\u00fcr\u00fclerek bir pasajda \u00f6l\u00fc bulunan 12 ya\u015f\u0131ndaki Ey\u00fcp Can ile ilgili ilk duru\u015fma g\u00f6r\u00fcld\u00fc. Duru\u015fmada Ey\u00fcp Can&#8217;\u0131 kovalarken g\u00f6r\u00fcnt\u00fcleri ortaya \u00e7\u0131kan tutuklu \u015f\u00fcpheli ve tan\u0131klar dinlenirken, olay yerinde hem g\u00fcnd\u00fcz hem de gece ke\u015fif yap\u0131ld\u0131.<br \/>\nOlay, 29 Temmuz 2025&#8217;te sabaha kar\u015f\u0131 Saray Mahallesi Atat\u00fcrk Bulvar\u0131 \u00fczerinde bulunan Osman Sinano\u011flu isimli pasajda meydana geldi. \u0130ddiaya g\u00f6re, \u015f\u00fcpheli N.U. (24), d\u00f6nercide \u00e7al\u0131\u015fan 12 ya\u015f\u0131ndaki Ey\u00fcp Can G\u00fcner&#8217;i kovalad\u0131. N.U., Ey\u00fcp Can&#8217;\u0131 pasaj\u0131n soka\u011f\u0131na kadar takip etti. Bu esnada \u00e7ocuk g\u00f6zden kayboldu. Olay\u0131n ard\u0131ndan Ey\u00fcp Can&#8217;\u0131n i\u015f yerine geri d\u00f6nmemesi \u00fczerine, \u00e7al\u0131\u015fanlar \u00e7ocu\u011fu aramaya ba\u015flad\u0131. Pasaj i\u00e7erisine giren \u00e7al\u0131\u015fanlar, \u00e7ocu\u011fu zemin katta hareketsiz halde yatarken buldu. Durum hemen 112 Acil \u00c7a\u011fr\u0131 Merkezi&#8217;ne bildirildi. Olay yerine gelen sa\u011fl\u0131k ekipleri, k\u00fc\u00e7\u00fck \u00e7ocu\u011fun hayat\u0131n\u0131 kaybetti\u011fini belirledi. Yap\u0131lan otopside kafa travmas\u0131, v\u00fccutta kemik k\u0131r\u0131klar\u0131, kesi ve i\u00e7 organ yaralanmalar\u0131 sonucu hayat\u0131n\u0131 kaybetti\u011fi tespit edildi. G\u00f6zalt\u0131na al\u0131nan \u015f\u00fcpheli N.U. &#8216;ihmali davran\u0131\u015f sonucu \u00f6l\u00fcme sebebiyet verme su\u00e7undan adliyeye sevk edildi. Mahkemeye \u00e7\u0131kart\u0131lan \u015f\u00fcpheli tutuklanarak cezaevine g\u00f6nderildi. G\u00fcvenlik kameras\u0131 g\u00f6r\u00fcnt\u00fclerinde \u00e7ocu\u011fun sokakta y\u00fcr\u00fcme anlar\u0131 ve ard\u0131ndan tutuklanan \u015fahs\u0131n kovalamaya ba\u015flamas\u0131yla ka\u00e7mas\u0131 yer ald\u0131.<\/p>\n<p>&#8220;\u015eakala\u015f\u0131p mutlu etmek isterken \u00f6l\u00fcm\u00fcne neden olmu\u015f&#8221;<br \/>\nOlaydan 9 ay sonra bug\u00fcn Anamur Adliyesi Anamur A\u011f\u0131r Ceza Mahkemesi\u2019nde ilk duru\u015fma g\u00f6r\u00fcld\u00fc. Duru\u015fmaya Ey\u00fcp Can&#8217;\u0131n ailesi, yak\u0131nlar\u0131, tutuklu san\u0131k N.U ve taraf avukatlar\u0131 kat\u0131ld\u0131. Duru\u015fmada mahkeme heyeti, san\u0131\u011f\u0131 dinledi. Su\u00e7lamalar\u0131 kabul etmeyen san\u0131k,&#8221; Ben saf bir insan\u0131m, \u00e7ocukla \u00e7ocuk, yasl\u0131 ile yasl\u0131 olurum, ben Ey\u00fcp Can&#8217;\u0131 kovalarken neticenin bu \u015fekilde olabilece\u011fini asla \u00f6n g\u00f6remezdim. Benim kasti veya ihmal veya taksirle yapt\u0131\u011f\u0131m herhangi bir eylem yoktur. Benim \u00e7ocu\u011fu korkutmak veya darp etmek gibi bir eylemim olmad\u0131, g\u00f6r\u00fcnt\u00fclerde neden benden uzakla\u015fmaya \u00e7al\u0131\u015ft\u0131\u011f\u0131n\u0131 bilmiyorum. \u00c7ocukla aram\u0131zda yakalayamazs\u0131n seklinde muhabbet oldu\u011fundan ko\u015fal\u0131m dedim. Amac\u0131m onunla \u015fakala\u015f\u0131p onu mutlu etmekti, \u00e7ocu\u011fu tam pasaja girerken bedenen g\u00f6rmedim fakat k\u0131yafetlerinden g\u00f6rd\u00fcm. Ben pasaj\u0131 turlarken pasajda ba\u015fka bir canl\u0131 g\u00f6rmedim, pasaj\u0131n kap\u0131s\u0131ndan \u00e7\u0131karken kedi g\u00f6rd\u00fcm. Pasaj\u0131 ben ilk kez ke\u015ffetmi\u015ftim, pasaj\u0131n iki kap\u0131s\u0131 varm\u0131\u015f, ben ara sokaktaki kap\u0131dan girdim ve \u00e7\u0131kt\u0131m, duydu\u011fum t\u0131k\u0131rt\u0131 sesi cadde taraf\u0131ndan geldi&#8221; diyerek kendini savundu.<br \/>\nOlay gecesi d\u00f6nercide bulunan m\u00fc\u015fterilerin de tan\u0131k olarak dinlendi\u011fi duru\u015fmada, N.U.&#8217;nun Ey\u00fcp Can&#8217;a, &#8216;sen bana terbiyesizlik yapt\u0131n bedelini \u00f6deyeceksin&#8217; gibi tehditlerde bulunup kafas\u0131na vurdu\u011fu ifade edildi. Tan\u0131klar, N.U.&#8217;nun sarho\u015f oldu\u011funu da ileri s\u00fcrerken, san\u0131k olaydan sonra eve gidince alkol ald\u0131\u011f\u0131n\u0131 s\u00f6yledi. Test sonu\u00e7lar\u0131nda uyu\u015fturucu madde bulunan san\u0131k ifadesinde Anamur&#8217;da bir kez, Adana&#8217;da bulundu\u011fu s\u0131rada ise madde kulland\u0131\u011f\u0131n\u0131 itiraf etti.<br \/>\nTaraf avukatlar\u0131 ve maktul yak\u0131nlar\u0131n\u0131n dinlenmesinin ard\u0131ndan mahkemeye heyeti, san\u0131\u011f\u0131n kuvvetli su\u00e7 \u015f\u00fcphesinin varl\u0131\u011f\u0131n\u0131 g\u00f6steren somut delillerin bulunmas\u0131 nedeniyle tutukluluk halinin devam\u0131 ile olay yerinde ke\u015fif yap\u0131lmas\u0131na karar vererek, eksikliklerin giderilmesi i\u00e7in duru\u015fmay\u0131 ileri bir tarihe erteledi.<br \/>\nDuru\u015fma sonras\u0131nda a\u00e7\u0131klamada bulunan anne G\u00fcll\u00fc Can,&#8221;\u0130lk duru\u015fmam\u0131z oldu. Ben olayda o\u011flumun kafas\u0131nda beyaz tozlar bulundu\u011funu, darp sonucu \u00f6ld\u00fcr\u00fcld\u00fc\u011f\u00fcn\u00fc s\u00f6yledim. Ak\u015fam \u00fczeri ke\u015ffe gidece\u011fiz. Gece tekrar ke\u015fif yap\u0131lacak. Olayla ilgili detayl\u0131 ara\u015ft\u0131rmalar\u0131n yap\u0131lmas\u0131n\u0131 istiyorum&#8221; dedi.<\/p>\n<p>San\u0131k s\u00fcrekli \u00e7eli\u015fkili beyanlarda bulundu<br \/>\nM\u00fc\u015fteki avukatlar\u0131ndan Gurbet Bilbay ise &#8220;Az \u00f6nce Ey\u00fcp Can&#8217;\u0131n duru\u015fmas\u0131ndan \u00e7\u0131kt\u0131k. Evet ba\u015fta \u00e7ok teredd\u00fctlerimiz vard\u0131 ama heyet bizim istedi\u011fimiz gibi konu\u015ftu. Hatta bizim sormak istedi\u011fimiz b\u00fct\u00fcn sorular\u0131 kendileri sordu. Hatta kendisine kasten adam \u00f6ld\u00fcrmeden ek bir beyan verilip verilmemesi soruldu. Bizim \u00f6zellikle istedi\u011fimiz zaten ilk g\u00fcnden beri vurgulad\u0131\u011f\u0131m\u0131z Ey\u00fcp Can \u00f6ld\u00fcr\u00fcld\u00fc. Biz her zaman ilk g\u00fcnden beri kasten adam \u00f6ld\u00fcrmenin \u00fczerinde duruyoruz. Kesinlikle bu olay ihmal olarak yap\u0131lmad\u0131. Bununla ilgili zaten hakimimiz de bunun \u00fcst\u00fcne gitti. V\u00fccudundaki kesikler ensesindeki kesikler olsun bunlar hepsi incelenecek. San\u0131k s\u00fcrekli yok ay \u0131\u015f\u0131\u011f\u0131 vard\u0131, yok g\u00f6rmedim, yok zifiri karanl\u0131kt\u0131 gibi s\u00fcrekli \u00e7eli\u015fkili beyanlarda bulundu. Ey\u00fcp Can&#8217;\u0131n nasihat etmek i\u00e7in ko\u015ftu\u011funu, po\u015feti att\u0131\u011f\u0131n\u0131, terlikleri att\u0131\u011f\u0131n\u0131 s\u00f6yledi ve kendisini yakalad\u0131\u011f\u0131 zaman kendisine sar\u0131laca\u011f\u0131n\u0131, ok\u015fayaca\u011f\u0131n\u0131 hatta nasihat edece\u011fini s\u00f6yledi. Zaten bu durum hayat\u0131n ola\u011fan ak\u0131\u015f\u0131na ayk\u0131r\u0131. Bu olay kesinlikle ihmali de\u011fil bir kasten adam \u00f6ld\u00fcrme&#8221; ifadelerini kulland\u0131.<\/p>\n<p>Hem g\u00fcnd\u00fcz hem de gece ke\u015fif yap\u0131ld\u0131<br \/>\nDuru\u015fma sonras\u0131nda d\u00fcn saat: 18.00 s\u0131rlar\u0131nda mahkeme heyeti olay\u0131n ya\u015fand\u0131\u011f\u0131 pasaja geldi. Pasajda incelemelerde bulunan heyet gerekli \u00e7al\u0131\u015fmalar\u0131 yapt\u0131ktan sonra ayr\u0131ld\u0131. Gece 03.00 s\u0131ralar\u0131nda tekrar pasaja geldi\u011fi \u00f6\u011frenilen mahkemeye heyetinin ikinci ke\u015ffi de ger\u00e7ekle\u015ftirdi\u011fi bildirildi.<\/p>\n","protected":false},"excerpt":{"rendered":"<p>Mersin&#8216;in Anamur il\u00e7esinde 9 ay \u00f6nce ya\u015fanan kovalamaca sonras\u0131nda d\u00fc\u015ft\u00fc\u011f\u00fc ileri s\u00fcr\u00fclerek bir pasajda \u00f6l\u00fc bulunan 12 ya\u015f\u0131ndaki Ey\u00fcp Can ile ilgili ilk duru\u015fma g\u00f6r\u00fcld\u00fc. Duru\u015fmada Ey\u00fcp Can&#8217;\u0131 kovalarken g\u00f6r\u00fcnt\u00fcleri ortaya \u00e7\u0131kan tutuklu \u015f\u00fcpheli ve tan\u0131klar dinlenirken, olay yerinde hem g\u00fcnd\u00fcz hem de gece ke\u015fif yap\u0131ld\u0131. Olay, 29 Temmuz 2025&#8217;te sabaha kar\u015f\u0131 Saray Mahallesi Atat\u00fcrk [&hellip;]<\/p>\n","protected":false},"author":2,"featured_media":132042,"comment_status":"open","ping_status":"open","sticky":false,"template":"","format":"standard","meta":{"footnotes":""},"categories":[1],"tags":[],"class_list":["post-132041","post","type-post","status-publish","format-standard","has-post-thumbnail","hentry","category-gundem"],"views":71,"_links":{"self":[{"href":"https:\/\/mersingazetesi.com\/index.php\/wp-json\/wp\/v2\/posts\/132041","targetHints":{"allow":["GET"]}}],"collection":[{"href":"https:\/\/mersingazetesi.com\/index.php\/wp-json\/wp\/v2\/posts"}],"about":[{"href":"https:\/\/mersingazetesi.com\/index.php\/wp-json\/wp\/v2\/types\/post"}],"author":[{"embeddable":true,"href":"https:\/\/mersingazetesi.com\/index.php\/wp-json\/wp\/v2\/users\/2"}],"replies":[{"embeddable":true,"href":"https:\/\/mersingazetesi.com\/index.php\/wp-json\/wp\/v2\/comments?post=132041"}],"version-history":[{"count":2,"href":"https:\/\/mersingazetesi.com\/index.php\/wp-json\/wp\/v2\/posts\/132041\/revisions"}],"predecessor-version":[{"id":132044,"href":"https:\/\/mersingazetesi.com\/index.php\/wp-json\/wp\/v2\/posts\/132041\/revisions\/132044"}],"wp:featuredmedia":[{"embeddable":true,"href":"https:\/\/mersingazetesi.com\/index.php\/wp-json\/wp\/v2\/media\/132042"}],"wp:attachment":[{"href":"https:\/\/mersingazetesi.com\/index.php\/wp-json\/wp\/v2\/media?parent=132041"}],"wp:term":[{"taxonomy":"category","embeddable":true,"href":"https:\/\/mersingazetesi.com\/index.php\/wp-json\/wp\/v2\/categories?post=132041"},{"taxonomy":"post_tag","embeddable":true,"href":"https:\/\/mersingazetesi.com\/index.php\/wp-json\/wp\/v2\/tags?post=132041"}],"curies":[{"name":"wp","href":"https:\/\/api.w.org\/{rel}","templated":true}]}}