{"id":132034,"date":"2026-05-01T10:08:16","date_gmt":"2026-05-01T07:08:16","guid":{"rendered":"https:\/\/mersingazetesi.com\/?p=132034"},"modified":"2026-05-01T10:08:16","modified_gmt":"2026-05-01T07:08:16","slug":"2026-sezonunun-ilk-karakucak-guresleri-tarsusta-400u-askin-guresci-er-meydanina-cikiyor","status":"publish","type":"post","link":"https:\/\/mersingazetesi.com\/index.php\/2026\/05\/01\/2026-sezonunun-ilk-karakucak-guresleri-tarsusta-400u-askin-guresci-er-meydanina-cikiyor\/","title":{"rendered":"2026 SEZONUNUN \u0130LK KARAKUCAK G\u00dcRE\u015eLER\u0130 TARSUS\u2019TA: 400\u2019\u00dc A\u015eKIN G\u00dcRE\u015e\u00c7\u0130 ER MEYDANINA \u00c7IKIYOR"},"content":{"rendered":"<article class=\"prose prose-lg prose-slate max-w-none  prose-headings:font-bold prose-headings:text-[#0F172A] prose-p:text-slate-600 prose-p:leading-relaxed prose-li:text-slate-600 prose-strong:text-[#0F172A] prose-a:text-[#FFCC00] hover:prose-a:text-[#0F172A] prose-img:rounded-2xl overflow-hidden whitespace-pre-wrap\">\n<div class=\"content-render break-words\">\n<p>Tarsus Belediyesi ile T\u00fcrkiye Geleneksel G\u00fcre\u015fler Federasyonu i\u015f birli\u011finde d\u00fczenlenen 2026 sezonunun ilk Geleneksel Karakucak G\u00fcre\u015fleri, 2 May\u0131s Cumartesi g\u00fcn\u00fc Atat\u00fcrk G\u00f6steri Merkezi\u2019nde g\u00fcre\u015fseverlerle bulu\u015fuyor.<\/p>\n<p>&nbsp;<\/p>\n<p>T\u00fcrkiye\u2019nin d\u00f6rt bir yan\u0131ndan gelecek 400\u2019\u00fcn \u00fczerinde sporcu; minikler, y\u0131ld\u0131zlar ve b\u00fcy\u00fckler kategorilerinde er meydan\u0131na \u00e7\u0131karak kol ba\u011flayacak, al\u0131n teri d\u00f6kecek, g\u00fc\u00e7lerini ve y\u00fcreklerini ortaya koyacak. G\u00fcn boyu s\u00fcrecek b\u00fcy\u00fck organizasyonda g\u00fcre\u015f tart\u0131lar\u0131 09.00\u201311.00 saatleri aras\u0131nda ger\u00e7ekle\u015ftirilecek, m\u00fcsabakalar ise saat 12.00\u2019de ba\u015flayacak.<\/p>\n<p>&nbsp;<\/p>\n<p>Ancak bu y\u0131l Tarsus\u2019ta kurulacak er meydan\u0131n\u0131 \u00e7ok daha \u00f6zel, \u00e7ok daha tarihi k\u0131lan b\u00fcy\u00fck bir heyecan da ya\u015fanacak. T\u00fcrk g\u00fcre\u015finin son y\u0131llardaki en \u00f6nemli iki ismi, 3 Avrupa \u015fampiyonu ve 2025 K\u0131rkp\u0131nar ikincisi Feyzullah Akt\u00fcrk ile 2023 ve 2024 y\u0131llar\u0131n\u0131n K\u0131rkp\u0131nar \u015eampiyonu Yusuf Can Zeybek, \u00c7ukurova b\u00f6lgesinde ilk kez Tarsus\u2019ta, ilk kez ayn\u0131 Karakucak meydan\u0131nda m\u00fccadele edecek.<\/p>\n<p>&nbsp;<\/p>\n<p>Organizasyonda ayr\u0131ca Gen\u00e7ler Avrupa \u015eampiyonu ve B\u00fcy\u00fckler Avrupa \u00fc\u00e7\u00fcnc\u00fcs\u00fc Hakan B\u00fcy\u00fck\u00e7\u0131ng\u0131l, Gen\u00e7ler Avrupa ikincisi Do\u011fan Uzun, Gen\u00e7ler Avrupa \u015eampiyonu ve ge\u00e7ti\u011fimiz y\u0131l Tarsus H\u0131d\u0131rellez Molla Kerim Karakucak G\u00fcre\u015fleri ikincisi Ali B\u00f6nceo\u011flu, ge\u00e7ti\u011fimiz y\u0131l Tarsus H\u0131d\u0131rellez Molla Kerim Karakucak G\u00fcre\u015fleri \u015eampiyonu ve Aba G\u00fcre\u015fi D\u00fcnya \u015eampiyonu \u0130sa G\u00f6\u00e7en, B\u00fcy\u00fckler Avrupa \u015eampiyonu R\u0131za Y\u0131ld\u0131r\u0131m, K\u0131rkp\u0131nar Ba\u015fpehlivan\u0131 Mustafa Batu, \u0130slam Oyunlar\u0131 ikincisi Salim Ercan gibi \u00f6nemli isimlerin yan\u0131 s\u0131ra daha nice ba\u015far\u0131l\u0131 sporcu da Tarsus er meydan\u0131nda yer alacak.<\/p>\n<p>&nbsp;<\/p>\n<p>Minikler, y\u0131ld\u0131zlar ve b\u00fcy\u00fckler kategorilerinde ger\u00e7ekle\u015ftirilecek m\u00fcsabakalar; tecr\u00fcbe, g\u00fc\u00e7, gelenek ve rekabetin bir araya geldi\u011fi b\u00fcy\u00fck bir spor \u015f\u00f6lenine sahne olacak. Tarsus, 2 May\u0131s Cumartesi g\u00fcn\u00fc ata sporunun co\u015fkusunu, heyecan\u0131n\u0131 ve as\u0131rl\u0131k miras\u0131n\u0131 hep birlikte ya\u015fayacak.<\/p>\n<p>&nbsp;<\/p>\n<p><strong>BA\u015eKAN BOLTA\u00c7: \u201cTARSUS ER MEYDANINDA ATA SPORUNA SAH\u0130P \u00c7IKIYOR\u201d<\/strong><\/p>\n<p>&nbsp;<\/p>\n<p>Tarsus Belediye Ba\u015fkan\u0131 Ali Bolta\u00e7, organizasyona ili\u015fkin yapt\u0131\u011f\u0131 de\u011ferlendirmede Karakucak g\u00fcre\u015flerinin k\u00fclt\u00fcrel de\u011ferine dikkat \u00e7ekerek, \u201cAta sporumuz g\u00fcre\u015fi Tarsus\u2019ta ya\u015fatmak ve gelecek ku\u015faklara aktarmak bizim i\u00e7in b\u00fcy\u00fck bir sorumluluk. 2 May\u0131s Cumartesi g\u00fcn\u00fc Atat\u00fcrk G\u00f6steri Merkezi\u2019nde ger\u00e7ekle\u015fecek bu \u00f6nemli organizasyona t\u00fcm hem\u015fehrilerimizi davet ediyorum. Er meydan\u0131na \u00e7\u0131kacak t\u00fcm sporculara ba\u015far\u0131lar diliyorum.\u201d ifadelerini kulland\u0131.<\/p>\n<\/div>\n<\/article>\n<div class=\"mt-12 pt-12 border-t border-slate-100\">\n<div class=\"w-1.5 h-6 bg-[#FFCC00] rounded-full\"><\/div>\n<\/div>\n","protected":false},"excerpt":{"rendered":"<p>Tarsus Belediyesi ile T\u00fcrkiye Geleneksel G\u00fcre\u015fler Federasyonu i\u015f birli\u011finde d\u00fczenlenen 2026 sezonunun ilk Geleneksel Karakucak G\u00fcre\u015fleri, 2 May\u0131s Cumartesi g\u00fcn\u00fc Atat\u00fcrk G\u00f6steri Merkezi\u2019nde g\u00fcre\u015fseverlerle bulu\u015fuyor. &nbsp; T\u00fcrkiye\u2019nin d\u00f6rt bir yan\u0131ndan gelecek 400\u2019\u00fcn \u00fczerinde sporcu; minikler, y\u0131ld\u0131zlar ve b\u00fcy\u00fckler kategorilerinde er meydan\u0131na \u00e7\u0131karak kol ba\u011flayacak, al\u0131n teri d\u00f6kecek, g\u00fc\u00e7lerini ve y\u00fcreklerini ortaya koyacak. G\u00fcn boyu s\u00fcrecek [&hellip;]<\/p>\n","protected":false},"author":2,"featured_media":132035,"comment_status":"open","ping_status":"open","sticky":false,"template":"","format":"standard","meta":{"footnotes":""},"categories":[6],"tags":[],"class_list":["post-132034","post","type-post","status-publish","format-standard","has-post-thumbnail","hentry","category-spor"],"views":86,"_links":{"self":[{"href":"https:\/\/mersingazetesi.com\/index.php\/wp-json\/wp\/v2\/posts\/132034","targetHints":{"allow":["GET"]}}],"collection":[{"href":"https:\/\/mersingazetesi.com\/index.php\/wp-json\/wp\/v2\/posts"}],"about":[{"href":"https:\/\/mersingazetesi.com\/index.php\/wp-json\/wp\/v2\/types\/post"}],"author":[{"embeddable":true,"href":"https:\/\/mersingazetesi.com\/index.php\/wp-json\/wp\/v2\/users\/2"}],"replies":[{"embeddable":true,"href":"https:\/\/mersingazetesi.com\/index.php\/wp-json\/wp\/v2\/comments?post=132034"}],"version-history":[{"count":1,"href":"https:\/\/mersingazetesi.com\/index.php\/wp-json\/wp\/v2\/posts\/132034\/revisions"}],"predecessor-version":[{"id":132036,"href":"https:\/\/mersingazetesi.com\/index.php\/wp-json\/wp\/v2\/posts\/132034\/revisions\/132036"}],"wp:featuredmedia":[{"embeddable":true,"href":"https:\/\/mersingazetesi.com\/index.php\/wp-json\/wp\/v2\/media\/132035"}],"wp:attachment":[{"href":"https:\/\/mersingazetesi.com\/index.php\/wp-json\/wp\/v2\/media?parent=132034"}],"wp:term":[{"taxonomy":"category","embeddable":true,"href":"https:\/\/mersingazetesi.com\/index.php\/wp-json\/wp\/v2\/categories?post=132034"},{"taxonomy":"post_tag","embeddable":true,"href":"https:\/\/mersingazetesi.com\/index.php\/wp-json\/wp\/v2\/tags?post=132034"}],"curies":[{"name":"wp","href":"https:\/\/api.w.org\/{rel}","templated":true}]}}