{"id":132028,"date":"2026-05-01T10:03:27","date_gmt":"2026-05-01T07:03:27","guid":{"rendered":"https:\/\/mersingazetesi.com\/?p=132028"},"modified":"2026-05-01T10:03:27","modified_gmt":"2026-05-01T07:03:27","slug":"mersinli-oguzhan-aksu-fenerbahce-macini-yonetecek","status":"publish","type":"post","link":"https:\/\/mersingazetesi.com\/index.php\/2026\/05\/01\/mersinli-oguzhan-aksu-fenerbahce-macini-yonetecek\/","title":{"rendered":"Mersinli O\u011fuzhan Aksu Fenerbah\u00e7e ma\u00e7\u0131n\u0131 y\u00f6netecek"},"content":{"rendered":"<p>Trendyol S\u00fcper Lig&#8217;de 32. haftas\u0131nda oynanacak m\u00fcsabakalarda g\u00f6rev alacak hakemler belli oldu.<br \/>\nTrendyol S\u00fcper Lig&#8217;de 32. hafta heyecan\u0131 yar\u0131n, 2 May\u0131s Cumartesi ve 3 May\u0131s Pazar g\u00fcn\u00fc oynanacak ma\u00e7larla ya\u015fanacak. Bu haftaki m\u00fccadeleleri hakemler de T\u00fcrkiye Futbol Federasyonu&#8217;nun (TFF) resmi internet sitesinden duyuruldu.<br \/>\nTrendyol S\u00fcper Lig&#8217;de 32. hafta program\u0131 ve kar\u015f\u0131la\u015fmalarda d\u00fcd\u00fck \u00e7alacak hakemler \u015f\u00f6yle:<\/p>\n<p>Yar\u0131n<br \/>\n17.00 \u00c7aykur Rizespor &#8211; Konyaspor: \u00d6mer Faruk Turtay<br \/>\n20.00 Gaziantep FK &#8211; Be\u015fikta\u015f: Abdullah Bu\u011fra Ta\u015fk\u0131nsoy<\/p>\n<p>2 May\u0131s Cumartesi<br \/>\n20.00\u00a0<strong class=\"searchword\">Fenerbah\u00e7e<\/strong>\u00a0&#8211; RAMS Ba\u015fak\u015fehir: O\u011fuzhan Aksu<br \/>\n20.00 Trabzonspor &#8211; G\u00f6ztepe: Ozan Erg\u00fcn<br \/>\n20.00 Samsunspor &#8211; Galatasaray: Re\u015fat Onur Co\u015fkunses<\/p>\n<p>3 May\u0131s Pazar<br \/>\n20.00 Kayserispor &#8211; Ey\u00fcpspor: Mehmet T\u00fcrkmen<br \/>\n20.00 Antalyaspor &#8211; Corendon Alanyaspor: Atilla Karao\u011flan<br \/>\n20.00 Fatih Karag\u00fcmr\u00fck &#8211; Gen\u00e7lerbirli\u011fi: O\u011fuzhan \u00c7ak\u0131r<br \/>\n20.00 Kas\u0131mpa\u015fa &#8211; Kocaelispor: Yasin Kol<\/p>\n","protected":false},"excerpt":{"rendered":"<p>Trendyol S\u00fcper Lig&#8217;de 32. haftas\u0131nda oynanacak m\u00fcsabakalarda g\u00f6rev alacak hakemler belli oldu. Trendyol S\u00fcper Lig&#8217;de 32. hafta heyecan\u0131 yar\u0131n, 2 May\u0131s Cumartesi ve 3 May\u0131s Pazar g\u00fcn\u00fc oynanacak ma\u00e7larla ya\u015fanacak. Bu haftaki m\u00fccadeleleri hakemler de T\u00fcrkiye Futbol Federasyonu&#8217;nun (TFF) resmi internet sitesinden duyuruldu. Trendyol S\u00fcper Lig&#8217;de 32. hafta program\u0131 ve kar\u015f\u0131la\u015fmalarda d\u00fcd\u00fck \u00e7alacak hakemler \u015f\u00f6yle: [&hellip;]<\/p>\n","protected":false},"author":2,"featured_media":132029,"comment_status":"open","ping_status":"open","sticky":false,"template":"","format":"standard","meta":{"footnotes":""},"categories":[6],"tags":[],"class_list":["post-132028","post","type-post","status-publish","format-standard","has-post-thumbnail","hentry","category-spor"],"views":83,"_links":{"self":[{"href":"https:\/\/mersingazetesi.com\/index.php\/wp-json\/wp\/v2\/posts\/132028","targetHints":{"allow":["GET"]}}],"collection":[{"href":"https:\/\/mersingazetesi.com\/index.php\/wp-json\/wp\/v2\/posts"}],"about":[{"href":"https:\/\/mersingazetesi.com\/index.php\/wp-json\/wp\/v2\/types\/post"}],"author":[{"embeddable":true,"href":"https:\/\/mersingazetesi.com\/index.php\/wp-json\/wp\/v2\/users\/2"}],"replies":[{"embeddable":true,"href":"https:\/\/mersingazetesi.com\/index.php\/wp-json\/wp\/v2\/comments?post=132028"}],"version-history":[{"count":1,"href":"https:\/\/mersingazetesi.com\/index.php\/wp-json\/wp\/v2\/posts\/132028\/revisions"}],"predecessor-version":[{"id":132030,"href":"https:\/\/mersingazetesi.com\/index.php\/wp-json\/wp\/v2\/posts\/132028\/revisions\/132030"}],"wp:featuredmedia":[{"embeddable":true,"href":"https:\/\/mersingazetesi.com\/index.php\/wp-json\/wp\/v2\/media\/132029"}],"wp:attachment":[{"href":"https:\/\/mersingazetesi.com\/index.php\/wp-json\/wp\/v2\/media?parent=132028"}],"wp:term":[{"taxonomy":"category","embeddable":true,"href":"https:\/\/mersingazetesi.com\/index.php\/wp-json\/wp\/v2\/categories?post=132028"},{"taxonomy":"post_tag","embeddable":true,"href":"https:\/\/mersingazetesi.com\/index.php\/wp-json\/wp\/v2\/tags?post=132028"}],"curies":[{"name":"wp","href":"https:\/\/api.w.org\/{rel}","templated":true}]}}