{"id":132025,"date":"2026-05-01T09:59:31","date_gmt":"2026-05-01T06:59:31","guid":{"rendered":"https:\/\/mersingazetesi.com\/?p=132025"},"modified":"2026-05-01T09:59:31","modified_gmt":"2026-05-01T06:59:31","slug":"smmm-meslegi-alarm-veriyor-tukenen-bir-meslekle-karsi-karsiyayiz","status":"publish","type":"post","link":"https:\/\/mersingazetesi.com\/index.php\/2026\/05\/01\/smmm-meslegi-alarm-veriyor-tukenen-bir-meslekle-karsi-karsiyayiz\/","title":{"rendered":"SMMM Mesle\u011fi Alarm Veriyor: \u201cT\u00fckenen Bir Meslekle Kar\u015f\u0131 Kar\u015f\u0131yay\u0131z\u201d"},"content":{"rendered":"<p>Mersin Serbest Muhasebeci Mali M\u00fc\u015favirler Odas\u0131 Ba\u015fkan\u0131 Emin Levent T\u00fcrkili, meslekta\u015flar\u0131n\u0131n artan i\u015f y\u00fck\u00fc ve \u00e7\u00f6z\u00fcms\u00fcz b\u0131rak\u0131lan sorunlar nedeniyle ciddi bir t\u00fckenmi\u015flik ya\u015fad\u0131\u011f\u0131n\u0131 a\u00e7\u0131klad\u0131. T\u00fcrkili, Ankara\u2019da yap\u0131lan temaslar kapsam\u0131nda 49 No\u2019lu Tebli\u011f\u2019e ili\u015fkin dava ve ek taleplerin Dan\u0131\u015ftay\u2019a elden sunuldu\u011funu belirtti.<\/p>\n<p>T\u00fcrkili, meslek mensuplar\u0131n\u0131n art\u0131k s\u00fcrd\u00fcr\u00fclemez bir y\u00fck alt\u0131nda \u00e7al\u0131\u015ft\u0131\u011f\u0131n\u0131 vurgulayarak, \u201cSabah gidip ayn\u0131 g\u00fcn Ankara\u2019dan d\u00f6n\u00fcyoruz. Sahada ya\u015fanan ger\u00e7ekler ortada ama \u00e7\u00f6z\u00fcm yok. G\u00fcndem par\u00e7al\u0131, zihinler da\u011f\u0131n\u0131k. Herkes kendi derdine d\u00fc\u015fm\u00fc\u015f durumda\u201d dedi.<\/p>\n<p>\u00d6zellikle kurumlar vergisi beyan s\u00fcrecine dikkat \u00e7eken T\u00fcrkili, kamuoyunda tart\u0131\u015f\u0131lan \u201cbeyan uzayacak m\u0131?\u201d sorusunun as\u0131l sorunu perdeledi\u011fini ifade etti. T\u00fcrkili, \u201cMesele s\u00fcrenin uzay\u0131p uzamamas\u0131 de\u011fil. O s\u00fcre i\u00e7inde mali m\u00fc\u015favirin s\u0131rt\u0131na y\u00fcklenen a\u011f\u0131r k\u00fclfet. S\u00fcre dar, i\u015f \u00e7ok, beklenti s\u0131n\u0131rs\u0131z\u201d diye konu\u015ftu.<\/p>\n<p>Art arda gelen izaha \u00e7a\u011fr\u0131 yaz\u0131lar\u0131yla birlikte meslek mensuplar\u0131n\u0131n hem beyan yeti\u015ftirmeye hem de savunma haz\u0131rlamaya zorland\u0131\u011f\u0131n\u0131 belirten T\u00fcrkili, sistemin y\u00fck\u00fc a\u015fa\u011f\u0131ya itti\u011fini s\u00f6yledi. \u201cYeti\u015ftir deniyor ama nas\u0131l yeti\u015fece\u011fi sorulmuyor. \u0130\u015fini yeti\u015ftiremeyen meslekta\u015f yaln\u0131z b\u0131rak\u0131l\u0131yor. Ne destek var ne ger\u00e7ek\u00e7i planlama\u201d ifadelerini kulland\u0131.<\/p>\n<p>Mesle\u011fin gelece\u011fine ili\u015fkin de \u00e7arp\u0131c\u0131 de\u011ferlendirmelerde bulunan T\u00fcrkili, gen\u00e7lerin mali m\u00fc\u015favirlikten uzakla\u015ft\u0131\u011f\u0131n\u0131 belirtti. Artan sorumluluk, s\u00fcrekli de\u011fi\u015fen mevzuat, d\u00fc\u015fen kazan\u00e7 ve y\u00fckselen riskin mesle\u011fi cazip olmaktan \u00e7\u0131kard\u0131\u011f\u0131n\u0131 dile getiren T\u00fcrkili, \u201cYeni mali m\u00fc\u015favir yeti\u015fmiyor. Bu \u015fartlarda kim bu y\u00fck\u00fcn alt\u0131na girmek ister?\u201d dedi.<\/p>\n<p>49 No\u2019lu Tebli\u011f\u2019e de tepki g\u00f6steren Emin Levent T\u00fcrkili, d\u00fczenlemenin sahada \u201cy\u00fck aktar\u0131m\u0131\u201d anlam\u0131na geldi\u011fini savundu. \u201cKa\u011f\u0131t \u00fczerinde bir d\u00fczenleme gibi g\u00f6r\u00fcn\u00fcyor ama uygulamada sorumluluk a\u015fa\u011f\u0131ya indirildi, risk b\u00fcy\u00fcd\u00fc, i\u015f y\u00fck\u00fc katland\u0131\u201d dedi.<\/p>\n<p>Meslekta\u015flar\u0131n ya\u015fad\u0131\u011f\u0131 bask\u0131n\u0131n ciddi sonu\u00e7lar do\u011furdu\u011funu ifade eden T\u00fcrkili, stres kaynakl\u0131 sa\u011fl\u0131k sorunlar\u0131n\u0131n artt\u0131\u011f\u0131na da dikkat \u00e7ekti. \u201cMasa ba\u015f\u0131 strese ba\u011fl\u0131 \u00f6l\u00fcmler art\u0131yor. Bu mesle\u011fi ger\u00e7ekten yapanlar konu\u015fuyor, uzaktan ahk\u00e2m kesenler de\u011fil\u201d dedi.<\/p>\n<p>A\u00e7\u0131klamas\u0131n\u0131 \u00e7arp\u0131c\u0131 bir uyar\u0131yla tamamlayan T\u00fcrkili, \u201cBug\u00fcn sorulmas\u0131 gereken soru \u2018beyan uzayacak m\u0131?\u2019 de\u011fil. \u2018Bu meslek bu y\u00fckle nas\u0131l ayakta kalacak?\u2019 olmal\u0131. \u00c7\u00fcnk\u00fc t\u00fckenen sadece s\u00fcreler de\u011fil, bir meslek\u201d ifadelerini kulland\u0131.<\/p>\n","protected":false},"excerpt":{"rendered":"<p>Mersin Serbest Muhasebeci Mali M\u00fc\u015favirler Odas\u0131 Ba\u015fkan\u0131 Emin Levent T\u00fcrkili, meslekta\u015flar\u0131n\u0131n artan i\u015f y\u00fck\u00fc ve \u00e7\u00f6z\u00fcms\u00fcz b\u0131rak\u0131lan sorunlar nedeniyle ciddi bir t\u00fckenmi\u015flik ya\u015fad\u0131\u011f\u0131n\u0131 a\u00e7\u0131klad\u0131. T\u00fcrkili, Ankara\u2019da yap\u0131lan temaslar kapsam\u0131nda 49 No\u2019lu Tebli\u011f\u2019e ili\u015fkin dava ve ek taleplerin Dan\u0131\u015ftay\u2019a elden sunuldu\u011funu belirtti. T\u00fcrkili, meslek mensuplar\u0131n\u0131n art\u0131k s\u00fcrd\u00fcr\u00fclemez bir y\u00fck alt\u0131nda \u00e7al\u0131\u015ft\u0131\u011f\u0131n\u0131 vurgulayarak, \u201cSabah gidip ayn\u0131 g\u00fcn [&hellip;]<\/p>\n","protected":false},"author":2,"featured_media":132026,"comment_status":"open","ping_status":"open","sticky":false,"template":"","format":"standard","meta":{"footnotes":""},"categories":[1],"tags":[],"class_list":["post-132025","post","type-post","status-publish","format-standard","has-post-thumbnail","hentry","category-gundem"],"views":92,"_links":{"self":[{"href":"https:\/\/mersingazetesi.com\/index.php\/wp-json\/wp\/v2\/posts\/132025","targetHints":{"allow":["GET"]}}],"collection":[{"href":"https:\/\/mersingazetesi.com\/index.php\/wp-json\/wp\/v2\/posts"}],"about":[{"href":"https:\/\/mersingazetesi.com\/index.php\/wp-json\/wp\/v2\/types\/post"}],"author":[{"embeddable":true,"href":"https:\/\/mersingazetesi.com\/index.php\/wp-json\/wp\/v2\/users\/2"}],"replies":[{"embeddable":true,"href":"https:\/\/mersingazetesi.com\/index.php\/wp-json\/wp\/v2\/comments?post=132025"}],"version-history":[{"count":1,"href":"https:\/\/mersingazetesi.com\/index.php\/wp-json\/wp\/v2\/posts\/132025\/revisions"}],"predecessor-version":[{"id":132027,"href":"https:\/\/mersingazetesi.com\/index.php\/wp-json\/wp\/v2\/posts\/132025\/revisions\/132027"}],"wp:featuredmedia":[{"embeddable":true,"href":"https:\/\/mersingazetesi.com\/index.php\/wp-json\/wp\/v2\/media\/132026"}],"wp:attachment":[{"href":"https:\/\/mersingazetesi.com\/index.php\/wp-json\/wp\/v2\/media?parent=132025"}],"wp:term":[{"taxonomy":"category","embeddable":true,"href":"https:\/\/mersingazetesi.com\/index.php\/wp-json\/wp\/v2\/categories?post=132025"},{"taxonomy":"post_tag","embeddable":true,"href":"https:\/\/mersingazetesi.com\/index.php\/wp-json\/wp\/v2\/tags?post=132025"}],"curies":[{"name":"wp","href":"https:\/\/api.w.org\/{rel}","templated":true}]}}