{"id":132022,"date":"2026-05-01T09:58:06","date_gmt":"2026-05-01T06:58:06","guid":{"rendered":"https:\/\/mersingazetesi.com\/?p=132022"},"modified":"2026-05-01T09:58:06","modified_gmt":"2026-05-01T06:58:06","slug":"savas-cokduygulu-eski-bakan-halit-dagli-ile-ankarada-bulustu","status":"publish","type":"post","link":"https:\/\/mersingazetesi.com\/index.php\/2026\/05\/01\/savas-cokduygulu-eski-bakan-halit-dagli-ile-ankarada-bulustu\/","title":{"rendered":"Sava\u015f \u00c7okduygulu, Eski Bakan Halit Da\u011fl\u0131 ile Ankara\u2019da Bulu\u015ftu"},"content":{"rendered":"<p>5 Ocak Medya Grubu Kurucu ve Onursal Ba\u015fkan\u0131 Sava\u015f \u00c7okduygulu, ba\u015fkent Ankara\u2019da Devlet eski Bakan\u0131 Halit Da\u011fl\u0131 ile bir araya geldi.<\/p>\n<p>&nbsp;<\/p>\n<p>Ger\u00e7ekle\u015fen g\u00f6r\u00fc\u015fmede Adana \u00fczerine samimi ve kapsaml\u0131 bir sohbet yap\u0131ld\u0131. Kentin ge\u00e7mi\u015ften bug\u00fcne geli\u015fimi, mevcut durumu ve gelece\u011fe y\u00f6nelik beklentiler masaya yat\u0131r\u0131ld\u0131.<\/p>\n<p>&nbsp;<\/p>\n<p>S\u0131cak bir atmosferde ge\u00e7en bulu\u015fmada, Adana\u2019n\u0131n sahip oldu\u011fu potansiyel ve yap\u0131labilecek \u00e7al\u0131\u015fmalar \u00fczerine kar\u015f\u0131l\u0131kl\u0131 fikir al\u0131\u015fveri\u015finde bulunuldu. Halit Da\u011fl\u0131 da kente olan ilgisini ve ba\u011fl\u0131l\u0131\u011f\u0131n\u0131 dile getirerek t\u00fcm Adanal\u0131lara selamlar\u0131n\u0131 iletti.<\/p>\n<p>&nbsp;<\/p>\n<p>G\u00f6r\u00fc\u015fme, g\u00fcn\u00fcn an\u0131s\u0131na \u00e7ekilen hat\u0131ra foto\u011fraflar\u0131yla sona erdi.<\/p>\n<p>&nbsp;<\/p>\n","protected":false},"excerpt":{"rendered":"<p>5 Ocak Medya Grubu Kurucu ve Onursal Ba\u015fkan\u0131 Sava\u015f \u00c7okduygulu, ba\u015fkent Ankara\u2019da Devlet eski Bakan\u0131 Halit Da\u011fl\u0131 ile bir araya geldi. &nbsp; Ger\u00e7ekle\u015fen g\u00f6r\u00fc\u015fmede Adana \u00fczerine samimi ve kapsaml\u0131 bir sohbet yap\u0131ld\u0131. Kentin ge\u00e7mi\u015ften bug\u00fcne geli\u015fimi, mevcut durumu ve gelece\u011fe y\u00f6nelik beklentiler masaya yat\u0131r\u0131ld\u0131. &nbsp; S\u0131cak bir atmosferde ge\u00e7en bulu\u015fmada, Adana\u2019n\u0131n sahip oldu\u011fu potansiyel ve [&hellip;]<\/p>\n","protected":false},"author":2,"featured_media":132023,"comment_status":"open","ping_status":"open","sticky":false,"template":"","format":"standard","meta":{"footnotes":""},"categories":[1],"tags":[],"class_list":["post-132022","post","type-post","status-publish","format-standard","has-post-thumbnail","hentry","category-gundem"],"views":79,"_links":{"self":[{"href":"https:\/\/mersingazetesi.com\/index.php\/wp-json\/wp\/v2\/posts\/132022","targetHints":{"allow":["GET"]}}],"collection":[{"href":"https:\/\/mersingazetesi.com\/index.php\/wp-json\/wp\/v2\/posts"}],"about":[{"href":"https:\/\/mersingazetesi.com\/index.php\/wp-json\/wp\/v2\/types\/post"}],"author":[{"embeddable":true,"href":"https:\/\/mersingazetesi.com\/index.php\/wp-json\/wp\/v2\/users\/2"}],"replies":[{"embeddable":true,"href":"https:\/\/mersingazetesi.com\/index.php\/wp-json\/wp\/v2\/comments?post=132022"}],"version-history":[{"count":1,"href":"https:\/\/mersingazetesi.com\/index.php\/wp-json\/wp\/v2\/posts\/132022\/revisions"}],"predecessor-version":[{"id":132024,"href":"https:\/\/mersingazetesi.com\/index.php\/wp-json\/wp\/v2\/posts\/132022\/revisions\/132024"}],"wp:featuredmedia":[{"embeddable":true,"href":"https:\/\/mersingazetesi.com\/index.php\/wp-json\/wp\/v2\/media\/132023"}],"wp:attachment":[{"href":"https:\/\/mersingazetesi.com\/index.php\/wp-json\/wp\/v2\/media?parent=132022"}],"wp:term":[{"taxonomy":"category","embeddable":true,"href":"https:\/\/mersingazetesi.com\/index.php\/wp-json\/wp\/v2\/categories?post=132022"},{"taxonomy":"post_tag","embeddable":true,"href":"https:\/\/mersingazetesi.com\/index.php\/wp-json\/wp\/v2\/tags?post=132022"}],"curies":[{"name":"wp","href":"https:\/\/api.w.org\/{rel}","templated":true}]}}