{"id":132019,"date":"2026-05-01T09:56:14","date_gmt":"2026-05-01T06:56:14","guid":{"rendered":"https:\/\/mersingazetesi.com\/?p=132019"},"modified":"2026-05-01T09:56:14","modified_gmt":"2026-05-01T06:56:14","slug":"mersin-ekonomisinde-aidiyet-tartismasi-mtso-daha-guclu-bir-platforma-donusmeli","status":"publish","type":"post","link":"https:\/\/mersingazetesi.com\/index.php\/2026\/05\/01\/mersin-ekonomisinde-aidiyet-tartismasi-mtso-daha-guclu-bir-platforma-donusmeli\/","title":{"rendered":"MERS\u0130N EKONOM\u0130S\u0130NDE &#8216;A\u0130D\u0130YET&#8217; TARTI\u015eMASI:    &#8216;MTSO DAHA G\u00dc\u00c7L\u00dc B\u0130R PLATFORMA D\u00d6N\u00dc\u015eMEL\u0130&#8217;"},"content":{"rendered":"<p>Mersin Mobilya Sanayicileri \u0130\u015f \u0130nsanlar\u0131 Derne\u011fi (MERMOB) Ba\u015fkan\u0131 Muhammed Sad\u0131k \u00d6zkan, Mersin ekonomisinin yap\u0131sal sorunlar\u0131na dikkat \u00e7ekerek, kentin ekonomik g\u00fcc\u00fcn\u00fcn karar alma mekanizmalar\u0131nda yeterince temsil edilmedi\u011fini vurgulad\u0131. \u00d6zkan, \u201cMersin\u2019in ekonomik potansiyeli ile bu potansiyeli y\u00f6netenlerin kente aidiyeti aras\u0131nda ciddi bir kopukluk var\u201d dedi.<\/p>\n<p><b>\u201cY\u00f6netimler Mersin\u2019de De\u011fil\u201d<\/b><\/p>\n<p>Mersin\u2019in lojistik ve d\u0131\u015f ticaret a\u00e7\u0131s\u0131ndan T\u00fcrkiye\u2019nin en stratejik merkezlerinden biri olmas\u0131na ra\u011fmen, b\u00fcy\u00fck \u00f6l\u00e7ekli \u015firketlerin y\u00f6netim merkezlerinin \u00e7o\u011funlukla \u0130stanbul ve Ankara\u2019da bulundu\u011funu belirten \u00d6zkan, bu durumun \u015fehir ad\u0131na \u00f6nemli bir dezavantaj yaratt\u0131\u011f\u0131n\u0131 ifade etti. \u00d6zkan, \u00f6zellikle Mersin Uluslararas\u0131 Liman\u0131 gibi kritik kurumlar\u0131n \u00fcst d\u00fczey y\u00f6neticilerinin kentle s\u0131n\u0131rl\u0131 ba\u011f kurdu\u011funu savunarak, \u201c\u015eehrin sorunlar\u0131n\u0131 ya\u015famayan bir y\u00f6netim anlay\u0131\u015f\u0131n\u0131n kal\u0131c\u0131 \u00e7\u00f6z\u00fcmler \u00fcretmesi zor\u201d diye konu\u015ftu.<\/p>\n<p><b>\u201cMisafir De\u011fil, Ev Sahibi Y\u00f6netim \u015eart\u201d<\/b><\/p>\n<div dir=\"ltr\"><b>\u00a0<\/b><\/div>\n<div dir=\"ltr\"><b>Mersin Ticaret ve Sanayi Odas\u0131\u2019n\u0131n (MTSO) mevcut yap\u0131s\u0131n\u0131n \u00f6nemli olmakla birlikte yeterli olmad\u0131\u011f\u0131n\u0131 kaydeden\u00a0<\/b><b>Muhammed Sad\u0131k\u00a0<\/b><\/div>\n<div>\u00d6zkan, kentin en b\u00fcy\u00fck \u015firketlerinin y\u00f6neticilerinin do\u011frudan oda y\u00f6netiminde yer almas\u0131 gerekti\u011fini s\u00f6yledi. \u00d6zkan\u2019a g\u00f6re, bu t\u00fcr bir g\u00fc\u00e7 birli\u011fi sa\u011flanmas\u0131 halinde; \u00c7ukurova Havaliman\u0131\u2019n\u0131n tam kapasite kullan\u0131m\u0131, Lojistik k\u00f6y projeleri, Ana konteyner liman\u0131 yat\u0131r\u0131mlar\u0131 gibi kritik ba\u015fl\u0131klarda Ankara nezdinde daha h\u0131zl\u0131 ve etkili sonu\u00e7lar al\u0131nabilir.<\/div>\n<p><b>\u201cMersin Sadece Operasyon Sahas\u0131 Olmamal\u0131\u201d<\/b><\/p>\n<p>\u015eirket merkezlerinin Mersin d\u0131\u015f\u0131nda bulunmas\u0131n\u0131n, kentin ekonomik getirilerden yeterince pay alamamas\u0131na yol a\u00e7t\u0131\u011f\u0131n\u0131 dile getiren \u00d6zkan, vergi gelirlerinin yerelde kalmas\u0131n\u0131n \u00f6nemine dikkat \u00e7ekti. \u201cMersin\u2019den kazanan\u0131n, Mersin\u2019e kazand\u0131rmas\u0131 gerekir\u201d diyen \u00d6zkan, bu durumun altyap\u0131dan ya\u015fam kalitesine kadar pek \u00e7ok alanda olumlu etkiler yarataca\u011f\u0131n\u0131 ifade etti.<\/p>\n<p><b>\u00c7a\u011fr\u0131: \u201cB\u00fcy\u00fck Sermaye Ta\u015f\u0131n Alt\u0131na Elini Koymal\u0131\u201d<\/b><\/p>\n<p>A\u00e7\u0131klamas\u0131n\u0131n sonunda i\u015f d\u00fcnyas\u0131na \u00e7a\u011fr\u0131da bulunan\u00a0Muhammed Sad\u0131k<\/p>\n<div>\u00d6zkan, Mersin\u2019in yaln\u0131zca ticaret yap\u0131lan bir ge\u00e7i\u015f noktas\u0131 de\u011fil, kararlar\u0131n al\u0131nd\u0131\u011f\u0131 bir merkez olmas\u0131 gerekti\u011fini belirtti. \u00d6zkan, \u201cBu \u015fehir, potansiyelini ger\u00e7ekle\u015ftirecek g\u00fcce sahip. Ancak bunun i\u00e7in b\u00fcy\u00fck sermayenin yerel sorumluluk \u00fcstlenmesi \u015fart\u201d dedi.<\/div>\n","protected":false},"excerpt":{"rendered":"<p>Mersin Mobilya Sanayicileri \u0130\u015f \u0130nsanlar\u0131 Derne\u011fi (MERMOB) Ba\u015fkan\u0131 Muhammed Sad\u0131k \u00d6zkan, Mersin ekonomisinin yap\u0131sal sorunlar\u0131na dikkat \u00e7ekerek, kentin ekonomik g\u00fcc\u00fcn\u00fcn karar alma mekanizmalar\u0131nda yeterince temsil edilmedi\u011fini vurgulad\u0131. \u00d6zkan, \u201cMersin\u2019in ekonomik potansiyeli ile bu potansiyeli y\u00f6netenlerin kente aidiyeti aras\u0131nda ciddi bir kopukluk var\u201d dedi. \u201cY\u00f6netimler Mersin\u2019de De\u011fil\u201d Mersin\u2019in lojistik ve d\u0131\u015f ticaret a\u00e7\u0131s\u0131ndan T\u00fcrkiye\u2019nin en stratejik [&hellip;]<\/p>\n","protected":false},"author":2,"featured_media":132020,"comment_status":"open","ping_status":"open","sticky":false,"template":"","format":"standard","meta":{"footnotes":""},"categories":[1],"tags":[],"class_list":["post-132019","post","type-post","status-publish","format-standard","has-post-thumbnail","hentry","category-gundem"],"views":80,"_links":{"self":[{"href":"https:\/\/mersingazetesi.com\/index.php\/wp-json\/wp\/v2\/posts\/132019","targetHints":{"allow":["GET"]}}],"collection":[{"href":"https:\/\/mersingazetesi.com\/index.php\/wp-json\/wp\/v2\/posts"}],"about":[{"href":"https:\/\/mersingazetesi.com\/index.php\/wp-json\/wp\/v2\/types\/post"}],"author":[{"embeddable":true,"href":"https:\/\/mersingazetesi.com\/index.php\/wp-json\/wp\/v2\/users\/2"}],"replies":[{"embeddable":true,"href":"https:\/\/mersingazetesi.com\/index.php\/wp-json\/wp\/v2\/comments?post=132019"}],"version-history":[{"count":1,"href":"https:\/\/mersingazetesi.com\/index.php\/wp-json\/wp\/v2\/posts\/132019\/revisions"}],"predecessor-version":[{"id":132021,"href":"https:\/\/mersingazetesi.com\/index.php\/wp-json\/wp\/v2\/posts\/132019\/revisions\/132021"}],"wp:featuredmedia":[{"embeddable":true,"href":"https:\/\/mersingazetesi.com\/index.php\/wp-json\/wp\/v2\/media\/132020"}],"wp:attachment":[{"href":"https:\/\/mersingazetesi.com\/index.php\/wp-json\/wp\/v2\/media?parent=132019"}],"wp:term":[{"taxonomy":"category","embeddable":true,"href":"https:\/\/mersingazetesi.com\/index.php\/wp-json\/wp\/v2\/categories?post=132019"},{"taxonomy":"post_tag","embeddable":true,"href":"https:\/\/mersingazetesi.com\/index.php\/wp-json\/wp\/v2\/tags?post=132019"}],"curies":[{"name":"wp","href":"https:\/\/api.w.org\/{rel}","templated":true}]}}