{"id":132017,"date":"2026-05-01T09:54:18","date_gmt":"2026-05-01T06:54:18","guid":{"rendered":"https:\/\/mersingazetesi.com\/?p=132017"},"modified":"2026-05-01T09:54:18","modified_gmt":"2026-05-01T06:54:18","slug":"mhpli-dr-levent-uysal-limon-ureticisi-destek-bekliyor","status":"publish","type":"post","link":"https:\/\/mersingazetesi.com\/index.php\/2026\/05\/01\/mhpli-dr-levent-uysal-limon-ureticisi-destek-bekliyor\/","title":{"rendered":"MHP\u2019L\u0130 DR. LEVENT UYSAL: \u201cL\u0130MON \u00dcRET\u0130C\u0130S\u0130 DESTEK BEKL\u0130YOR\u201d"},"content":{"rendered":"<p><span style=\"font-family: Times New Roman, serif;\"><span style=\"font-size: medium;\">Milliyet\u00e7i Hareket Partisi Mersin Milletvekili ve MYK \u00dcyesi Dr. Levent Uysal, T\u00fcrkiye B\u00fcy\u00fck Millet Meclisi\u2019nde yapt\u0131\u011f\u0131 konu\u015fmada limon \u00fcreticilerinin ya\u015fad\u0131\u011f\u0131 sorunlara dikkat \u00e7ekerek, sekt\u00f6re y\u00f6nelik destek \u00e7a\u011fr\u0131s\u0131nda bulundu. Uysal <\/span><\/span><span style=\"font-family: Times New Roman, serif;\"><span style=\"font-size: medium;\"><b>\u201cLimon ihracat\u0131na Fiyat \u0130stikrar Fonu deste\u011fi verilmesini ve limon ithalat\u0131nda y\u00fczde 56\u2019dan y\u00fczde 10\u2019a d\u00fc\u015f\u00fcr\u00fclen g\u00fcmr\u00fck vergisinin yeniden de\u011ferlendirilmesini talep ediyoruz.\u201d<\/b><\/span><\/span><span style=\"font-family: Times New Roman, serif;\"><span style=\"font-size: medium;\"> \u015feklinde konu\u015ftu.<\/span><\/span><\/p>\n<p><span style=\"font-family: Times New Roman, serif;\"><span style=\"font-size: medium;\">Milliyet\u00e7i Hareket Partisi Mersin Milletvekili ve MYK \u00dcyesi Dr. Levent Uysal, TBMM\u2019de T\u00fcrkiye\u2019deki limon \u00fcretim verilerini payla\u015ft\u0131. Uysal, \u00fclke genelinde y\u0131lda yakla\u015f\u0131k 2 milyon ton limon \u00fcretildi\u011fini, bunun 1 milyon tonunun ise Mersin\u2019de ger\u00e7ekle\u015ftirildi\u011fini ifade etti.<\/span><\/span><\/p>\n<p><span style=\"font-family: Times New Roman, serif;\"><span style=\"font-size: medium;\">Depolardaki stok miktar\u0131na da de\u011finen Levent Uysal, bug\u00fcn itibar\u0131yla 450 bin ton limon bulundu\u011funu, y\u0131l sonuna kadar ise yakla\u015f\u0131k 300 bin tonluk t\u00fcketim \u00f6ng\u00f6r\u00fcld\u00fc\u011f\u00fcn\u00fc belirtti. Bu durumun \u00fcreticiler a\u00e7\u0131s\u0131ndan ciddi bir arz fazlas\u0131 riski olu\u015fturdu\u011funu vurgulayan MHP\u2019li Uysal, \u00e7\u00f6z\u00fcm \u00f6nerilerini de s\u0131ralad\u0131.<\/span><\/span><\/p>\n<p><span style=\"font-family: Times New Roman, serif;\"><span style=\"font-size: medium;\">Milliyet\u00e7i Hareket Partisi Mersin Milletvekili ve MYK \u00dcyesi Dr. Levent Uysal, limon ihracat\u0131na Fiyat \u0130stikrar Fonu deste\u011fi verilmesi gerekti\u011fini ifade ederek, ithalatta uygulanan g\u00fcmr\u00fck vergisinin yeniden g\u00f6zden ge\u00e7irilmesini talep etti. \u00d6zellikle limon ithalat\u0131nda g\u00fcmr\u00fck vergisinin y\u00fczde 56\u2019dan y\u00fczde 10\u2019a d\u00fc\u015f\u00fcr\u00fclmesinin \u00fcreticiyi zor durumda b\u0131rakt\u0131\u011f\u0131n\u0131 dile getirerek \u015f\u00f6yle konu\u015ftu;<\/span><\/span><\/p>\n<p>\u201c<span style=\"font-family: Times New Roman, serif;\"><span style=\"font-size: medium;\"><b>\u00dclkemizde y\u0131lda 2 milyon ton limon \u00fcretilmektedir. Bunun 1 milyonu Mersin\u2019de \u00fcretiliyor. G\u00fcn itibar\u0131yla depolar\u0131m\u0131zda 450 bin ton limon stoku var. Y\u0131l sonuna kadar 300 bin ton t\u00fcketim olacakt\u0131r. Limon ihracat\u0131na Fiyat \u0130stikrar Fonu deste\u011fi verilmesini ve limon ithalat\u0131nda y\u00fczde 56\u2019dan y\u00fczde 10\u2019a d\u00fc\u015f\u00fcr\u00fclen g\u00fcmr\u00fck vergisinin yeniden de\u011ferlendirilmesini talep ediyoruz. \u00c7ift\u00e7ilerimizin hep yan\u0131nday\u0131z.\u201d<\/b><\/span><\/span><\/p>\n<p>&nbsp;<\/p>\n","protected":false},"excerpt":{"rendered":"<p>Milliyet\u00e7i Hareket Partisi Mersin Milletvekili ve MYK \u00dcyesi Dr. Levent Uysal, T\u00fcrkiye B\u00fcy\u00fck Millet Meclisi\u2019nde yapt\u0131\u011f\u0131 konu\u015fmada limon \u00fcreticilerinin ya\u015fad\u0131\u011f\u0131 sorunlara dikkat \u00e7ekerek, sekt\u00f6re y\u00f6nelik destek \u00e7a\u011fr\u0131s\u0131nda bulundu. Uysal \u201cLimon ihracat\u0131na Fiyat \u0130stikrar Fonu deste\u011fi verilmesini ve limon ithalat\u0131nda y\u00fczde 56\u2019dan y\u00fczde 10\u2019a d\u00fc\u015f\u00fcr\u00fclen g\u00fcmr\u00fck vergisinin yeniden de\u011ferlendirilmesini talep ediyoruz.\u201d \u015feklinde konu\u015ftu. Milliyet\u00e7i Hareket Partisi [&hellip;]<\/p>\n","protected":false},"author":2,"featured_media":109495,"comment_status":"open","ping_status":"open","sticky":false,"template":"","format":"standard","meta":{"footnotes":""},"categories":[1],"tags":[],"class_list":["post-132017","post","type-post","status-publish","format-standard","has-post-thumbnail","hentry","category-gundem"],"views":84,"_links":{"self":[{"href":"https:\/\/mersingazetesi.com\/index.php\/wp-json\/wp\/v2\/posts\/132017","targetHints":{"allow":["GET"]}}],"collection":[{"href":"https:\/\/mersingazetesi.com\/index.php\/wp-json\/wp\/v2\/posts"}],"about":[{"href":"https:\/\/mersingazetesi.com\/index.php\/wp-json\/wp\/v2\/types\/post"}],"author":[{"embeddable":true,"href":"https:\/\/mersingazetesi.com\/index.php\/wp-json\/wp\/v2\/users\/2"}],"replies":[{"embeddable":true,"href":"https:\/\/mersingazetesi.com\/index.php\/wp-json\/wp\/v2\/comments?post=132017"}],"version-history":[{"count":1,"href":"https:\/\/mersingazetesi.com\/index.php\/wp-json\/wp\/v2\/posts\/132017\/revisions"}],"predecessor-version":[{"id":132018,"href":"https:\/\/mersingazetesi.com\/index.php\/wp-json\/wp\/v2\/posts\/132017\/revisions\/132018"}],"wp:featuredmedia":[{"embeddable":true,"href":"https:\/\/mersingazetesi.com\/index.php\/wp-json\/wp\/v2\/media\/109495"}],"wp:attachment":[{"href":"https:\/\/mersingazetesi.com\/index.php\/wp-json\/wp\/v2\/media?parent=132017"}],"wp:term":[{"taxonomy":"category","embeddable":true,"href":"https:\/\/mersingazetesi.com\/index.php\/wp-json\/wp\/v2\/categories?post=132017"},{"taxonomy":"post_tag","embeddable":true,"href":"https:\/\/mersingazetesi.com\/index.php\/wp-json\/wp\/v2\/tags?post=132017"}],"curies":[{"name":"wp","href":"https:\/\/api.w.org\/{rel}","templated":true}]}}