{"id":132011,"date":"2026-05-01T09:49:12","date_gmt":"2026-05-01T06:49:12","guid":{"rendered":"https:\/\/mersingazetesi.com\/?p=132011"},"modified":"2026-05-01T09:49:12","modified_gmt":"2026-05-01T06:49:12","slug":"silifkede-sezonun-ilk-uzumu-hasat-edildi-kilosu-600-tlden-ihrac-edildi","status":"publish","type":"post","link":"https:\/\/mersingazetesi.com\/index.php\/2026\/05\/01\/silifkede-sezonun-ilk-uzumu-hasat-edildi-kilosu-600-tlden-ihrac-edildi\/","title":{"rendered":"Silifke&#8217;de sezonun ilk \u00fcz\u00fcm\u00fc hasat edildi, kilosu 600 TL&#8217;den ihra\u00e7 edildi"},"content":{"rendered":"<p><strong class=\"searchword\">Mersin<\/strong>&#8216;in Silifke il\u00e7esinde sezonun ilk \u00f6rt\u00fc alt\u0131 \u00fcz\u00fcm hasad\u0131 ger\u00e7ekle\u015ftirildi. Atakent Mahallesi&#8217;nde \u00fcretici Mustafa Sak&#8217;a ait 6 d\u00f6n\u00fcml\u00fck seradan toplanan Yalova incisi cinsi \u00fcz\u00fcmler, kilosu 600 liradan Ortado\u011fu ve Avrupa \u00fclkelerine ihra\u00e7 edildi.<br \/>\nSilifke&#8217;de y\u0131l\u0131n ilk \u00fcz\u00fcm hasad\u0131 Atakent Mahallesi&#8217;nde yap\u0131ld\u0131. \u00d6rt\u00fc alt\u0131nda yeti\u015ftirilen \u00fcz\u00fcmlerin kesimine ba\u015flan\u0131rken \u00fcretici Mustafa Sak, sezonun bereketli ge\u00e7mesini temenni etti. Hasat s\u0131ras\u0131nda a\u00e7\u0131klamalarda bulunan Sak, &#8220;Silifke&#8217;de \u00fcz\u00fcmde ilk hasad\u0131 ger\u00e7ekle\u015ftirdik. Hay\u0131rl\u0131, u\u011furlu ve bereketli olmas\u0131n\u0131 diliyorum&#8221; dedi.<br \/>\n6 d\u00f6n\u00fcml\u00fck seras\u0131nda \u00fcretim yapt\u0131\u011f\u0131n\u0131 belirten Sak, yakla\u015f\u0131k 17 ton rekolte beklediklerini ifade ederek, &#8220;\u00d6rt\u00fc alt\u0131 \u00fcz\u00fcm yeti\u015ftiricili\u011fi yap\u0131yorum. Bu y\u0131l 6 d\u00f6n\u00fcmden 17 ton \u00fcr\u00fcn bekliyoruz. T\u00fcrkiye&#8217;de ilk hasat burada yap\u0131l\u0131yor. \u00dcr\u00fcnlerimiz i\u00e7 piyasan\u0131n yan\u0131 s\u0131ra Ortado\u011fu ve Avrupa \u00fclkelerine g\u00f6nderiliyor. Fiyatlardan memnunuz&#8221; diye konu\u015ftu.<br \/>\nZiraat M\u00fchendisi Deniz G\u00fcrb\u00fcz ise turfanda \u00fcz\u00fcm \u00fcretiminde\u00a0<strong class=\"searchword\">Mersin<\/strong>&#8216;in \u00f6nemli bir merkez oldu\u011funu belirterek, &#8220;Turfanda \u00fcz\u00fcm denildi\u011finde Silifke, Erdemli ve Mezitli il\u00e7eleri \u00f6ne \u00e7\u0131k\u0131yor. \u00d6nceleri k\u00fc\u00e7\u00fck alanlarda yap\u0131lan \u00fcretim, bug\u00fcn\u00a0<strong class=\"searchword\">Mersin<\/strong>\u00a0genelinde yakla\u015f\u0131k 2 bin 500 d\u00f6n\u00fcme ula\u015ft\u0131. Y\u0131ll\u0131k \u00fcretim ise 8-10 bin ton civar\u0131nda. \u00dcr\u00fcnler Rusya ba\u015fta olmak \u00fczere Arap \u00fclkeleri ve k\u0131smen Avrupa&#8217;ya ihra\u00e7 ediliyor&#8221; dedi.<br \/>\nG\u00fcrb\u00fcz, i\u00e7 piyasada \u00fcreticiden 300-350 TL&#8217;ye \u00e7\u0131kan \u00fcz\u00fcm\u00fcn t\u00fcketiciye 500-600 TL aras\u0131nda ula\u015ft\u0131\u011f\u0131n\u0131, ihracatta ise kilogram fiyat\u0131n\u0131n 600 TL&#8217;ye kadar \u00e7\u0131kt\u0131\u011f\u0131n\u0131 kaydetti.<br \/>\n\u00d6te yandan Silifke&#8217;de \u00fcz\u00fcm \u00fcretiminin \u00f6zellikle Uzuncabur\u00e7 Mahallesi ile G\u00f6ksu Vadisi&#8217;ndeki Keben, Sabak, Karakaya, Karg\u0131cak, Evkaf\u00e7iftli\u011fi, G\u00fcnd\u00fczler ve Kepez mahallelerinde yo\u011fun olarak yap\u0131ld\u0131\u011f\u0131 bildirildi.<\/p>\n","protected":false},"excerpt":{"rendered":"<p>Mersin&#8216;in Silifke il\u00e7esinde sezonun ilk \u00f6rt\u00fc alt\u0131 \u00fcz\u00fcm hasad\u0131 ger\u00e7ekle\u015ftirildi. Atakent Mahallesi&#8217;nde \u00fcretici Mustafa Sak&#8217;a ait 6 d\u00f6n\u00fcml\u00fck seradan toplanan Yalova incisi cinsi \u00fcz\u00fcmler, kilosu 600 liradan Ortado\u011fu ve Avrupa \u00fclkelerine ihra\u00e7 edildi. Silifke&#8217;de y\u0131l\u0131n ilk \u00fcz\u00fcm hasad\u0131 Atakent Mahallesi&#8217;nde yap\u0131ld\u0131. \u00d6rt\u00fc alt\u0131nda yeti\u015ftirilen \u00fcz\u00fcmlerin kesimine ba\u015flan\u0131rken \u00fcretici Mustafa Sak, sezonun bereketli ge\u00e7mesini temenni etti. [&hellip;]<\/p>\n","protected":false},"author":2,"featured_media":132012,"comment_status":"open","ping_status":"open","sticky":false,"template":"","format":"standard","meta":{"footnotes":""},"categories":[1],"tags":[],"class_list":["post-132011","post","type-post","status-publish","format-standard","has-post-thumbnail","hentry","category-gundem"],"views":69,"_links":{"self":[{"href":"https:\/\/mersingazetesi.com\/index.php\/wp-json\/wp\/v2\/posts\/132011","targetHints":{"allow":["GET"]}}],"collection":[{"href":"https:\/\/mersingazetesi.com\/index.php\/wp-json\/wp\/v2\/posts"}],"about":[{"href":"https:\/\/mersingazetesi.com\/index.php\/wp-json\/wp\/v2\/types\/post"}],"author":[{"embeddable":true,"href":"https:\/\/mersingazetesi.com\/index.php\/wp-json\/wp\/v2\/users\/2"}],"replies":[{"embeddable":true,"href":"https:\/\/mersingazetesi.com\/index.php\/wp-json\/wp\/v2\/comments?post=132011"}],"version-history":[{"count":1,"href":"https:\/\/mersingazetesi.com\/index.php\/wp-json\/wp\/v2\/posts\/132011\/revisions"}],"predecessor-version":[{"id":132013,"href":"https:\/\/mersingazetesi.com\/index.php\/wp-json\/wp\/v2\/posts\/132011\/revisions\/132013"}],"wp:featuredmedia":[{"embeddable":true,"href":"https:\/\/mersingazetesi.com\/index.php\/wp-json\/wp\/v2\/media\/132012"}],"wp:attachment":[{"href":"https:\/\/mersingazetesi.com\/index.php\/wp-json\/wp\/v2\/media?parent=132011"}],"wp:term":[{"taxonomy":"category","embeddable":true,"href":"https:\/\/mersingazetesi.com\/index.php\/wp-json\/wp\/v2\/categories?post=132011"},{"taxonomy":"post_tag","embeddable":true,"href":"https:\/\/mersingazetesi.com\/index.php\/wp-json\/wp\/v2\/tags?post=132011"}],"curies":[{"name":"wp","href":"https:\/\/api.w.org\/{rel}","templated":true}]}}