{"id":132005,"date":"2026-05-01T00:04:39","date_gmt":"2026-04-30T21:04:39","guid":{"rendered":"https:\/\/mersingazetesi.com\/?p=132005"},"modified":"2026-05-01T00:04:39","modified_gmt":"2026-04-30T21:04:39","slug":"mersin-buyuksehirden-ulasima-dev-yatirim-hal-katli-kavsagi-acildi","status":"publish","type":"post","link":"https:\/\/mersingazetesi.com\/index.php\/2026\/05\/01\/mersin-buyuksehirden-ulasima-dev-yatirim-hal-katli-kavsagi-acildi\/","title":{"rendered":"MERS\u0130N B\u00dcY\u00dcK\u015eEH\u0130R&#8217;DEN ULA\u015eIMA DEV YATIRIM: HAL KATLI KAV\u015eA\u011eI A\u00c7ILDI"},"content":{"rendered":"<p>T\u00fcrkiye Belediyeler Birli\u011fi (TBB) Ba\u015fkan Vekili ve Mersin B\u00fcy\u00fck\u015fehir Belediye Ba\u015fkan\u0131 Vahap Se\u00e7er, Mersin ula\u015f\u0131m\u0131n\u0131 rahatlatacak \u00f6nemli projelerden biri olan\u00a0<strong>&#8216;Hal Katl\u0131 Kav\u015fa\u011f\u0131&#8217;<\/strong>n\u0131n a\u00e7\u0131l\u0131\u015f\u0131n\u0131 ger\u00e7ekle\u015ftirdi. Mersin&#8217;in \u015fimdiye kadar yap\u0131lan en b\u00fcy\u00fck katl\u0131 kav\u015fa\u011f\u0131 olma \u00f6zelli\u011fini ta\u015f\u0131yan Hal Katl\u0131 Kav\u015fa\u011f\u0131, \u00f6zellikle t\u0131r ve kamyon gibi a\u011f\u0131r tonajl\u0131 ara\u00e7lar\u0131n yo\u011fun olarak kulland\u0131\u011f\u0131 b\u00f6lgede ya\u015fanan trafik s\u0131k\u0131\u015f\u0131kl\u0131\u011f\u0131na kal\u0131c\u0131 \u00e7\u00f6z\u00fcm olarak hayata ge\u00e7irildi.<\/p>\n<p>&nbsp;<\/p>\n<p>A\u00e7\u0131l\u0131\u015f program\u0131na; Cumhuriyet Halk Partisi (CHP) Mersin Milletvekilleri G\u00fclcan K\u0131\u015f ile Talat Din\u00e7er, CHP Parti Meclis \u00dcyeleri Ozan Varal ile Emre Y\u0131lmaz, CHP Mersin \u0130l Ba\u015fkan\u0131 Koral \u00d6m\u00fcr, Toroslar Belediye Ba\u015fkan\u0131 Abdurrahman Y\u0131ld\u0131z, Mezitli Belediye Ba\u015fkan\u0131 Ahmet Serkan Tuncer, Akdeniz Belediyesi Se\u00e7ilmi\u015f Ba\u015fkan\u0131 Ho\u015fyar Sar\u0131y\u0131ld\u0131z, DEM Parti Mersin \u0130l E\u015f Ba\u015fkan\u0131 Bedriye Ku\u015f, Demokrat Parti Mersin \u0130l Ba\u015fkan\u0131 Halil Yal\u0131n, Deva Partisi Mersin \u0130l Ba\u015fkan\u0131 Necmi A\u011fao\u011flu, Mersin Baro Ba\u015fkan\u0131 Av. Gazi \u00d6zdemir, Mersin Ticaret ve Sanayi Odas\u0131 (MTSO) Y\u00f6netim Kurulu Ba\u015fkan\u0131 Hakan Sefa \u00c7ak\u0131r, MTSO Meclis Ba\u015fkan\u0131 Hamit \u0130zol, Mersin Ticaret Borsas\u0131 Meclis Ba\u015fkan\u0131 M\u00fcnir \u015een, Mersin Esnaf ve Sanatkarlar Odas\u0131 Ba\u015fkan\u0131 Veysel Sar\u0131, mahalle muhtarlar\u0131, sivil toplum kurulu\u015flar\u0131n\u0131n ve siyasi partilerin temsilcileri, Mersin B\u00fcy\u00fck\u015fehir Belediyesi ve MESK\u0130 B\u00fcrokratlar\u0131 ile meclis \u00fcyeleri ve \u00e7ok say\u0131da yurtta\u015f kat\u0131ld\u0131.<\/p>\n<p><strong>\u00a0<\/strong><\/p>\n<p><strong>Ba\u015fkan Se\u00e7er: &#8220;Mersin&#8217;e de\u011fer katacak bir hizmeti hayata ge\u00e7irmenin mutlulu\u011fu i\u00e7erisindeyiz&#8221;<\/strong><\/p>\n<p>Ba\u015fkan Se\u00e7er konu\u015fmas\u0131na, 5 ayl\u0131k bir \u00e7al\u0131\u015fmayla Mersin&#8217;e de\u011fer katacak bir hizmeti yerine getirmenin mutlulu\u011fu i\u00e7erisinde olduklar\u0131n\u0131 aktararak ba\u015flad\u0131. Mersin&#8217;e hizmet etmenin kar\u015f\u0131l\u0131\u011f\u0131n\u0131, vatanda\u015flar\u0131n sand\u0131kta g\u00f6sterdi\u011fini ve bunun bir te\u015fekk\u00fcr anlam\u0131na geldi\u011finin alt\u0131n\u0131 \u00e7izen Se\u00e7er, Hal Katl\u0131 Kav\u015fa\u011f\u0131&#8217;n\u0131n Mersin&#8217;de \u015fimdiye kadar yap\u0131lan en b\u00fcy\u00fck katl\u0131 kav\u015fak oldu\u011funa dikkat \u00e7ekerek,\u00a0<strong>&#8220;G\u00f6reve geldi\u011fimiz 2019&#8217;dan bu yana toplamda 4 katl\u0131 kav\u015fak ve Dikenli Yol dedi\u011fimiz b\u00f6lgede alt ge\u00e7it-t\u00fcnel ge\u00e7it yap\u0131m\u0131n\u0131 ger\u00e7ekle\u015ftirmi\u015ftik. Bunun yan\u0131nda, g\u00f6reve geldi\u011fimizde yar\u0131m kalm\u0131\u015f bir proje olan Kuva-yi Milliye An\u0131t Kav\u015fa\u011f\u0131&#8217;n\u0131, mazbatay\u0131 ald\u0131ktan yakla\u015f\u0131k 35 g\u00fcn sonra, 19 May\u0131s 2019&#8217;da hizmete a\u00e7t\u0131k. Ard\u0131ndan; Sevgi Katl\u0131 Kav\u015fa\u011f\u0131, G\u00f6\u00e7men Katl\u0131 Kav\u015fa\u011f\u0131 ve t\u00fcnel ge\u00e7i\u015fi hayata ge\u00e7irdik. Bug\u00fcn de burada 29 Kas\u0131m&#8217;da ba\u015flad\u0131\u011f\u0131m\u0131z Hal Katl\u0131 Kav\u015fa\u011f\u0131&#8217;n\u0131n a\u00e7\u0131l\u0131\u015f\u0131n\u0131 ger\u00e7ekle\u015ftiriyoruz&#8221;<\/strong>\u00a0dedi.<\/p>\n<p><strong>\u00a0<\/strong><\/p>\n<p><strong>&#8220;Hal Katl\u0131 Kav\u015fa\u011f\u0131 ile beraber b\u00f6lgedeki trafik sorunu ortadan kalkacak&#8221;<\/strong><\/p>\n<p>Hal Katl\u0131 Kav\u015fa\u011f\u0131&#8217;n\u0131n toptanc\u0131 sebze halinin otoban ba\u011flant\u0131s\u0131, bakliyat firmalar\u0131n\u0131n depolar\u0131 ve bir\u00e7ok i\u015f yerinin oldu\u011fu<strong>\u00a0<\/strong>\u00f6nemli bir alan oldu\u011funu belirten Se\u00e7er,\u00a0<strong>&#8220;Hem a\u011f\u0131r tonajl\u0131 ara\u00e7lar\u0131n hem de otomobillerin yo\u011fun kulland\u0131\u011f\u0131 bir g\u00fczergah oldu\u011fundan b\u00f6lgede trafik \u00e7ok yo\u011fun ve \u00e7ok sorunluydu. Hal Katl\u0131 Kav\u015fa\u011f\u0131 ile beraber buradaki trafik sorunu ortadan kalkacak&#8221;<\/strong>\u00a0diye konu\u015ftu. Hal Katl\u0131 Kav\u015fa\u011f\u0131 projesinin toplam 1820 metre uzunlu\u011funda oldu\u011funu, yan yollar ve ba\u011flant\u0131 yollar\u0131 ile birlikte ise toplam 3 bin 750 metre \u00e7al\u0131\u015fma yap\u0131ld\u0131\u011f\u0131n\u0131 kaydeden Se\u00e7er,\u00a0<strong>&#8220;2 km&#8217;lik bir yol g\u00fczerg\u00e2h\u0131n\u0131 da k\u00f6pr\u00fcl\u00fc kav\u015fakla beraber yenilemi\u015f bulunuyoruz. Mersin B\u00fcy\u00fck\u015fehir Belediyesi&#8217;nin Yol Yap\u0131m Bak\u0131m ve Onar\u0131m Dairesi Ba\u015fkanl\u0131\u011f\u0131, kaymak gibi yol yap\u0131yor. Sar\u0131 \u00e7izgi g\u00f6rd\u00fc\u011f\u00fcn\u00fcz zaman bilin ki Mersin B\u00fcy\u00fck\u015fehir Belediyesi&#8217;nin yapt\u0131\u011f\u0131 \u00e7al\u0131\u015fmalard\u0131r&#8221;<\/strong>\u00a0ifadelerini kulland\u0131.<\/p>\n<p>&nbsp;<\/p>\n<p><strong>&#8220;Yeni bir katl\u0131 kav\u015fak modelini Mersin&#8217;e kazand\u0131rd\u0131k&#8221;<\/strong><\/p>\n<p>Projenin detaylar\u0131n\u0131 ve teknik bilgilerini aktaran Se\u00e7er,\u00a0<strong>&#8220;Burada yeni bir uygulama, yeni bir katl\u0131 kav\u015fak modeli var. 60 metrelik bir b\u00f6l\u00fcm\u00fcn \u00fcst\u00fc a\u00e7\u0131k. Bu sayede g\u00fcn \u0131\u015f\u0131\u011f\u0131ndan faydalan\u0131yoruz. Hem maliyeti d\u00fc\u015f\u00fcr\u00fcyoruz hem yeni bir katl\u0131 kav\u015fak modelini de Mersin&#8217;e kazand\u0131rm\u0131\u015f oluyoruz&#8221;<\/strong>\u00a0dedi. Projenin yap\u0131ld\u0131\u011f\u0131 b\u00f6lgenin zemin a\u00e7\u0131s\u0131ndan sorunlu bir yer oldu\u011funa dikkat \u00e7eken Se\u00e7er, deprem ve farkl\u0131 afetlere de dayan\u0131kl\u0131 bir k\u00f6pr\u00fc in\u015fa edildi\u011fini s\u00f6yledi. Projede 740 adet forekaz\u0131k kullan\u0131ld\u0131\u011f\u0131n\u0131 belirten Se\u00e7er,\u00a0<strong>&#8220;Kullan\u0131lan forekaz\u0131klar yakla\u015f\u0131k 14 km uzunlu\u011funda. Yerin alt\u0131na girdi\u011fimiz bu forekaz\u0131klar zemin emniyeti a\u00e7\u0131s\u0131ndan \u00f6nemli. Mersin&#8217;imize hay\u0131rl\u0131 u\u011furlu olsun&#8221;\u00a0<\/strong>diye konu\u015ftu.<\/p>\n<p>&nbsp;<\/p>\n<p><strong>&#8220;Yapt\u0131\u011f\u0131m\u0131z her i\u015f, bir ak\u0131l \u00fcr\u00fcn\u00fc&#8221;<\/strong><\/p>\n<p>2,5 milyondan fazla insan\u0131n ya\u015fad\u0131\u011f\u0131, 16 bin kilometrekare alanda bir u\u00e7tan bir uca 321 kilometrelik bir co\u011frafyada belediyecilik yapt\u0131klar\u0131n\u0131 vurgulayan Se\u00e7er,\u00a0<strong>&#8220;7. y\u0131l\u0131m\u0131z\u0131 bitirdik, 2019&#8217;dan bu yana 2 milyon 785 bin ton s\u0131cak asfalt \u00e7al\u0131\u015fmas\u0131 ger\u00e7ekle\u015ftirdik. 4 bin 758 kilometre grup yollar\u0131 ve k\u00f6y yollar\u0131 olmak \u00fczere sathi asfalt kaplama yapt\u0131k. Her i\u015fin uzmanlar\u0131 ile Mersin halk\u0131na hizmet ediyoruz. Ekip arkada\u015flar\u0131m\u0131z\u0131n ge\u00e7mi\u015flerine bakt\u0131\u011f\u0131n\u0131z zaman ne kadar liyakatli oldu\u011funu, T\u00fcrkiye&#8217;nin \u00f6nemli kamu kurumlar\u0131nda deneyim kazan\u0131p, Mersin B\u00fcy\u00fck\u015fehir Belediyesi&#8217;nin Yol Yap\u0131m Bak\u0131m ve Onar\u0131m Dairesi Ba\u015fkanl\u0131\u011f\u0131&#8217;nda hizmet etti\u011fini g\u00f6r\u00fcrs\u00fcn\u00fcz. Yapt\u0131\u011f\u0131m\u0131z her i\u015f, bir ak\u0131l \u00fcr\u00fcn\u00fc&#8221;<\/strong>\u00a0diye belirtti. Bunun yan\u0131 s\u0131ra 2 milyon 102 bin metrekare kald\u0131r\u0131m imalat\u0131n\u0131 da ger\u00e7ekle\u015ftirdiklerini ifade eden Se\u00e7er, son 7 y\u0131lda yap\u0131lan yol yap\u0131m, bak\u0131m ve onar\u0131m yat\u0131r\u0131mlar\u0131na de\u011finerek, &#8220;<strong>Bu y\u0131l Mersin B\u00fcy\u00fck\u015fehir Belediyesi&#8217;nin toplam 32.7 milyar TL b\u00fct\u00e7esi var. Biz 7 y\u0131l s\u00fcre i\u00e7erisinde Yol Yap\u0131m Bak\u0131m ve Onar\u0131m Dairesi Ba\u015fkanl\u0131\u011f\u0131 arac\u0131l\u0131\u011f\u0131yla, bug\u00fcnk\u00fc maliyetlerle az \u00f6nce sayd\u0131\u011f\u0131m hizmetlerin parasal kar\u015f\u0131l\u0131\u011f\u0131 olarak yakla\u015f\u0131k 30 milyar TL tutar\u0131nda yat\u0131r\u0131m yapt\u0131k. Sadece bu a\u00e7\u0131l\u0131\u015f\u0131n\u0131 yapt\u0131\u011f\u0131m\u0131z katl\u0131 kav\u015fa\u011f\u0131n maliyeti bile 750 milyon TL&#8221;\u00a0<\/strong>dedi.<\/p>\n<p>&nbsp;<\/p>\n<p><strong>&#8220;T\u00fcrkiye&#8217;de ilk kanalize kav\u015faklar\u0131 biz yapt\u0131k&#8221;<\/strong><\/p>\n<p>Se\u00e7er, Mersin&#8217;in her noktas\u0131nda B\u00fcy\u00fck\u015fehir&#8217;e dair hizmetlerin oldu\u011funa dikkat \u00e7ekerek, g\u00f6reve geldikleri 2019 y\u0131l\u0131ndan itibaren Anamur&#8217;dan Tarsus&#8217;a kadar yap\u0131m\u0131 tamamlanarak hizmete a\u00e7\u0131lan yat\u0131r\u0131mlar\u0131 aktard\u0131. Se\u00e7er, \u00a0<strong>&#8220;T\u00fcrkiye&#8217;de ilk kanalize kav\u015faklar\u0131 biz yapt\u0131k. Bizimki \u00f6rnektir. \u015eu anda bir\u00e7ok ilde, metropollerde bu kanalize kav\u015fak modeli uygulan\u0131yor. Bunu da 2023 y\u0131l\u0131nda hayata ge\u00e7irdik. Liman\u0131n \u00f6n\u00fcn\u00fc, t\u0131r kuyruklar\u0131n\u0131 ve trafi\u011fin, yollar\u0131n ne kadar k\u00f6t\u00fc oldu\u011funu hat\u0131rlay\u0131n; 2023 y\u0131l\u0131nda da Liman caddesini \u015eanzelize gibi yapt\u0131k&#8221;<\/strong>\u00a0s\u00f6zlerine yer verdi.<\/p>\n<p>&nbsp;<\/p>\n<p><strong>Se\u00e7er, yeni d\u00f6nem projelerinden s\u00f6z etti<\/strong><\/p>\n<p><strong><em>&#8216;Mezitli Vatan-Kuyuluk Farkl\u0131 Seviyeli B\u00fct\u00fcnle\u015fik Kav\u015fa\u011f\u0131<\/em>&#8216;<\/strong>n\u0131n deplase \u00e7al\u0131\u015fmalar\u0131na ba\u015flad\u0131klar\u0131n\u0131 dile getiren Se\u00e7er,\u00a0<strong>&#8220;<em>&#8216;Ba\u015flayaca\u011f\u0131z, yapaca\u011f\u0131z&#8217;<\/em>\u00a0de\u011fil, yap\u0131yoruz. Temmuz 2026&#8217;da ba\u015flamay\u0131 planlad\u0131k ve oray\u0131 2026&#8217;n\u0131n sonbahar\u0131nda a\u00e7aca\u011f\u0131z&#8221;<\/strong>\u00a0ifadelerine yer verdi. Bu t\u00fcr imalatlar\u0131 m\u00fcmk\u00fcn oldu\u011funca \u00e7ok h\u0131zl\u0131 yapt\u0131klar\u0131n\u0131n da alt\u0131n\u0131 \u00e7izen Se\u00e7er, Hal Katl\u0131 Kav\u015fa\u011f\u0131&#8217;n\u0131n ya\u011fmurlardan dolay\u0131 20 g\u00fcn gecikti\u011finden s\u00f6z ederek,\u00a0<strong>&#8220;Aylar \u00f6nce;\u00a0<em>&#8216;Nisan&#8217;\u0131n ilk haftas\u0131 a\u00e7aca\u011f\u0131z.&#8217;<\/em>\u00a0dedik ve 3 hafta geciktik. \u00c7\u00fcnk\u00fc bu sene son 30-40 y\u0131l\u0131n en yo\u011fun ya\u011f\u0131\u015flar\u0131n\u0131 ald\u0131k. Hal Katl\u0131 Kav\u015fa\u011f\u0131 projesinde bunun s\u0131k\u0131nt\u0131s\u0131n\u0131 ya\u015fad\u0131k. Ama \u015funu bilin; planlad\u0131\u011f\u0131m\u0131z i\u015fler, e\u011fer bir hava muhalefetiyle kar\u015f\u0131la\u015fmazsak, bizim hesaplad\u0131\u011f\u0131m\u0131z g\u00fcnden 1 g\u00fcn \u015fa\u015fm\u0131yor. Daha k\u00fc\u00e7\u00fck montanl\u0131 projeleri 80-90 g\u00fcnde yap\u0131yoruz. Sevgi ya da G\u00f6\u00e7men Katl\u0131 Kav\u015fa\u011f\u0131&#8217;n\u0131 k\u0131sa s\u00fcrede bitirdi\u011fimizi hepiniz biliyorsunuz&#8221;<\/strong>\u00a0diye konu\u015ftu.<\/p>\n<p>&nbsp;<\/p>\n<p>2027 y\u0131l\u0131nda Sayapark Farkl\u0131 Seviyeli Kav\u015fak ve H\u00fcseyin Okan Merzeci Bulvar\u0131 ile 34. Cadde kesi\u015fimini yapacaklar\u0131n\u0131 belirten Se\u00e7er, ayn\u0131 y\u0131l i\u00e7erisinde H\u00fcseyin Okan Merzeci Bulvar\u0131 ile Dumlup\u0131nar Caddesi kesi\u015fimine de Yeni\u015fehir Be\u015fyol Kav\u015fa\u011f\u0131 T\u00fcp Ge\u00e7iti&#8217;ni yapacaklar\u0131n\u0131 kaydetti ve b\u00f6ylelikle orada ya\u015fanan trafik problemini de 2027 y\u0131l\u0131nda \u00e7\u00f6zm\u00fc\u015f olacaklar\u0131n\u0131 ifade etti. 2028 program\u0131nda ise 2. \u00c7evre Yolu ile Mersinli Ahmet Bulvar\u0131&#8217;n\u0131n kesi\u015fti\u011fi noktada yine bir katl\u0131 kav\u015fak imalat\u0131 yap\u0131p, ayn\u0131 y\u0131l hizmete a\u00e7acaklar\u0131n\u0131 s\u00f6zlerine ekleyen Se\u00e7er, Tarsuslulara da bir m\u00fcjde verdi. \u00a0Se\u00e7er, Tarsus Berdan K\u00f6pr\u00fc Projesi&#8217;ni bu y\u0131l i\u00e7erisinde yapacaklar\u0131n\u0131 belirterek, Tarsus Do\u011fa Park\u0131&#8217;n\u0131n oldu\u011fu b\u00f6lgede \u00e7ok b\u00fcy\u00fck sorun haline gelen dar k\u00f6pr\u00fcy\u00fc, yapacaklar\u0131 \u00e7al\u0131\u015fma ile \u00e7ok geni\u015f bir k\u00f6pr\u00fc haline getireceklerini s\u00f6yledi.<\/p>\n<p>&nbsp;<\/p>\n<p>Akbelen Bulvar\u0131 ile 36. Cadde aras\u0131ndaki 4. \u00c7evre Yolu devam\u0131 yol ve viyad\u00fck \u00e7al\u0131\u015fmas\u0131n\u0131n da 2 bin 700 metre bir \u00e7al\u0131\u015fma oldu\u011fundan bahseden Se\u00e7er, imar \u00e7al\u0131\u015fmalar\u0131n\u0131n tamamlanmas\u0131n\u0131 beklediklerinden s\u00f6z etti.\u00a0 2027 y\u0131l\u0131 i\u00e7erisinde de 2 bin 300 metrelik bir proje olan Mezitli Sanayi Caddesi&#8217;nde yeni yol a\u00e7ma \u00e7al\u0131\u015fmas\u0131 yapacaklar\u0131ndan bahseden Se\u00e7er, 2. \u00c7evreyolunun \u00c7e\u015fmeli-Otoban ba\u011flant\u0131s\u0131na kadar uzat\u0131lmas\u0131 \u00e7al\u0131\u015fmas\u0131n\u0131 da kamula\u015ft\u0131rma ya da 18 uygulamas\u0131 yap\u0131ld\u0131k\u00e7a devam ettireceklerini ifade etti. 3. \u00c7evreyolu devam\u0131n\u0131n, \u00dcniversite Kav\u015fa\u011f\u0131&#8217;ndan Vatan Caddesi&#8217;ne kadar olan ba\u011flant\u0131n\u0131n 4 bin 200 metre oldu\u011fundan da s\u00f6z eden Se\u00e7er, b\u00f6lgede kamula\u015ft\u0131rma ve 18 uygulamas\u0131 sorunu oldu\u011fundan bahsederek, sorunlar\u0131n \u00e7\u00f6z\u00fcm\u00fcn\u00fcn ard\u0131ndan 35 metrelik bir bulvar a\u00e7ma \u00e7al\u0131\u015fmalar\u0131n\u0131n devam edece\u011fini ifade etti.<\/p>\n<p>&nbsp;<\/p>\n<p><strong>&#8220;D-400 Karayolu k\u00f6t\u00fc durumda&#8221;<\/strong><\/p>\n<p>D-400 Karayolu&#8217;nun durumunun k\u00f6t\u00fc oldu\u011funu kaydederek konu\u015fmas\u0131n\u0131 s\u00fcrd\u00fcren Se\u00e7er,\u00a0<strong>&#8220;Karayollar\u0131 Genel M\u00fcd\u00fcrl\u00fc\u011f\u00fc proje ihalesine \u00e7\u0131kt\u0131. Umar\u0131m k\u0131sa s\u00fcrede bitirirler ve bir an \u00f6nce oran\u0131n rehabilitasyonuna ba\u015flarlar. Akdeniz planlar\u0131n\u0131n 1. Etap&#8217;\u0131n\u0131 bitirdik. Mevcut demir yoluna paralel, OSB&#8217;ye kadar giden 50 metrelik bulvar\u0131n yap\u0131m\u0131na da ba\u015flayaca\u011f\u0131z. Yeni yol a\u00e7ma \u00e7al\u0131\u015fmalar\u0131na da \u00f6n\u00fcm\u00fczdeki g\u00fcnlerde ba\u015flayaca\u011f\u0131z. B\u00f6lgede bizi yine engelleyen yine imar uygulama \u00e7al\u0131\u015fmalar\u0131. Arkada\u015flar\u0131m\u0131z imar planlar\u0131n\u0131 k\u0131sa s\u00fcrede bitirmek i\u00e7in \u00e7aba sarf ediyor. 2028&#8217;i planl\u0131yoruz ve tamamlad\u0131\u011f\u0131m\u0131z zaman da proje \u00e7al\u0131\u015fmalar\u0131n\u0131 ba\u015flatm\u0131\u015f olaca\u011f\u0131z&#8221;<\/strong>\u00a0diye konu\u015ftu.<\/p>\n<p>&nbsp;<\/p>\n<p><strong>&#8220;Mersin&#8217;de g\u00fczel i\u015fler oluyor&#8221;<\/strong><\/p>\n<p>Mersin&#8217;de g\u00fczel i\u015fler oldu\u011funun alt\u0131n\u0131 \u00e7izen Se\u00e7er, Mersin B\u00fcy\u00fck\u015fehir olarak \u00e7al\u0131\u015fmalar\u0131 s\u00fcrd\u00fcrd\u00fcklerini ifade etti ve Hal Katl\u0131 Kav\u015fa\u011f\u0131&#8217;n\u0131n yap\u0131m\u0131nda eme\u011fi ge\u00e7en herkese ve t\u00fcm kurumlara te\u015fekk\u00fcrlerini iletti. Se\u00e7er,\u00a0<strong>&#8220;Bu konuyla ilgili yapacak bir \u015feyi olan herkes geldi ve buraya katk\u0131 verdi. Mersin halk\u0131na hay\u0131rl\u0131 ve u\u011furlu olsun&#8221;<\/strong>\u00a0dedi.<\/p>\n<p><strong>\u00a0<\/strong><\/p>\n<p><strong>&#8220;Biz kente hepinizin g\u00f6z\u00fcnden bakmay\u0131 biliyoruz&#8221;<\/strong><\/p>\n<p>Belediye ba\u015fkanlar\u0131 i\u00e7in zorlu bir s\u00fcre\u00e7te olduklar\u0131n\u0131 s\u00f6yleyen Se\u00e7er, 2019-2024 d\u00f6neminde Meclis \u00e7o\u011funlu\u011funun olmamas\u0131ndan kaynakl\u0131 bor\u00e7lanma alamad\u0131klar\u0131n\u0131 ve kredilere eri\u015fimde b\u00fcy\u00fck zorluklar ya\u015fad\u0131klar\u0131n\u0131 belirtti. Yurtta\u015flar\u0131n ya\u015fad\u0131klar\u0131 s\u0131k\u0131nt\u0131y\u0131 g\u00f6rd\u00fcklerini aktaran Se\u00e7er,\u00a0<strong>&#8220;Mersin&#8217;de 15 puan bir oy art\u0131\u015f\u0131yla her 10 ki\u015fiden 6 ki\u015fi bize oy verdi. Vatanda\u015f,\u00a0<em>&#8216;Biz ba\u015fkan\u0131m\u0131z\u0131n niyetine inan\u0131yoruz&#8217;<\/em>\u00a0dedi. Ama bunu Cumhur \u0130ttifak\u0131&#8217;n\u0131n se\u00e7menleri de s\u00f6yledi. \u00c7\u00fcnk\u00fc bir d\u00f6nem \u00f6nce hem CHP hem HDP se\u00e7meni, y\u00fczde birka\u00e7 da sa\u011f se\u00e7men Vahap Se\u00e7er&#8217;e oy verdi ve y\u00fczde 45 oyla se\u00e7ildim. Ama y\u00fczde 15 puan art\u0131\u015f\u0131 tamamen Cumhur \u0130ttifak\u0131&#8217;n\u0131n se\u00e7meninin oylar\u0131d\u0131r. G\u00fclnar&#8217;daki milliyet\u00e7i karde\u015fim de Akdeniz&#8217;deki sosyalist karde\u015fim de oy verdi. Dediler ki\u00a0<em>&#8216;Bize hizmet edecek adam laz\u0131m. Ben d\u00fcnyaya buradan bak\u0131yorum, di\u011fer se\u00e7men oradan bak\u0131yor. Vahap Ba\u015fkan herkesin bakt\u0131\u011f\u0131 yeri sentezliyor&#8217;<\/em>\u00a0dedi&#8221;<\/strong>\u00a0diyerek, kente herkesin g\u00f6z\u00fcnden bakabildiklerini belirtti.<\/p>\n<p>&nbsp;<\/p>\n<p><strong>&#8220;Hizmet anlay\u0131\u015f\u0131m\u0131zda ayr\u0131m yapmak yok&#8221;<\/strong><\/p>\n<p>Siyaseten farkl\u0131 d\u00fc\u015f\u00fcnen bir\u00e7ok insan\u0131 kapsayan bir belediye ba\u015fkan\u0131 oldu\u011funu ve oy art\u0131\u015f\u0131n\u0131n sebebinin bu oldu\u011funu belirten Se\u00e7er; sosyalistin de milliyet\u00e7inin de, liberal bir i\u015f insan\u0131n\u0131n da kendisine oy verdi\u011fini vurgulad\u0131. Se\u00e7er,\u00a0<strong>&#8220;Kimsenin kafas\u0131 kar\u0131\u015fmas\u0131n, biz ya\u011fmur neredeyse tarlay\u0131 oraya ta\u015f\u0131yan siyaset\u00e7ilerden de\u011filiz. Ben CHP&#8217;liyim, Atat\u00fcrk\u00e7\u00fcy\u00fcm, bu yolda da gitmekten gurur duyuyorum. Belediyecilikte y\u00f6netim tarz\u0131m\u0131z: &#8216;kimseyi ay\u0131rmamak&#8217;.\u00a0<em>&#8216;Sen sa\u011fc\u0131s\u0131n, sen solcusun, senin rengin k\u0131rm\u0131z\u0131, senin sar\u0131&#8217;<\/em>\u00a0diye, ay\u0131ramay\u0131z. O zaman \u00fclkeye zarar vermi\u015f oluruz&#8221;<\/strong>\u00a0diyerek, T\u00fcrkiye&#8217;de bar\u0131\u015f\u0131 Mersin&#8217;den sa\u011flayacaklar\u0131 iddialar\u0131n\u0131n bu kapsay\u0131c\u0131l\u0131klar\u0131 sayesinde oldu\u011funu ifade etti.<\/p>\n<p>&nbsp;<\/p>\n<p><strong>Cumhur \u0130ttifak\u0131&#8217;n\u0131n Mersin milletvekillerine \u00e7a\u011fr\u0131: &#8220;Mersin&#8217;in hakk\u0131n\u0131 aray\u0131n!&#8221;<\/strong><\/p>\n<p>Cumhur \u0130ttifak\u0131&#8217;na mensup siyaset\u00e7ilerin metro ele\u015ftirilerine yan\u0131t veren Se\u00e7er,\u00a0<strong>&#8220;Hazine ve Maliye Bakanl\u0131\u011f\u0131 orada, siz Cumhur \u0130ttifak\u0131&#8217;n\u0131n milletvekillerisiniz, ba\u015fkanlar\u0131s\u0131n\u0131z, gidip g\u00f6r\u00fc\u015fme yapabilirsiniz. Hazine ve Maliye Bakanl\u0131\u011f\u0131 \u015fu anda yurt d\u0131\u015f\u0131ndan kredi kullan\u0131m\u0131na izin vermiyor, siz gidin Mersin&#8217;in hakk\u0131n\u0131 bir aray\u0131n. Hazine ve Maliye Bakanl\u0131\u011f\u0131 ve Cumhurba\u015fkanl\u0131\u011f\u0131 Strateji ve B\u00fct\u00e7e Ba\u015fkanl\u0131\u011f\u0131;\u00a0<em>&#8216;Tramvay projesi, metroya g\u00f6re \u00e7ok daha k\u00fc\u00e7\u00fck oldu\u011fu i\u00e7in bu miktarda bir bor\u00e7lanma izni verece\u011fiz&#8217;<\/em>\u00a0dedi, biz \u015fu anda bunun \u00e7al\u0131\u015fmas\u0131n\u0131 yap\u0131yoruz&#8221;<\/strong>\u00a0diyerek, Tren Gar\u0131&#8217;ndan ME\u015eOT&#8217;a kadar 10 km&#8217;lik bir rayl\u0131 sistem projesinin \u00e7al\u0131\u015fmalar\u0131n\u0131n sonuna geldiklerini kaydetti. Cumhur \u0130ttifak\u0131 siyaset\u00e7ilerine seslenen Se\u00e7er, izinlerin h\u0131zland\u0131r\u0131lmas\u0131 i\u00e7in ilgili bakanl\u0131klar ile g\u00f6r\u00fc\u015fmeleri hususunda \u00e7a\u011fr\u0131 yapt\u0131.<\/p>\n<p>&nbsp;<\/p>\n<p><strong>Se\u00e7er&#8217;den siyasi operasyonlara ele\u015ftiri: &#8220;Halk sizi affetmez&#8221;<\/strong><\/p>\n<p>Siyasetin \u00e7ok gergin oldu\u011fu bir d\u00f6nemde olduklar\u0131n\u0131 aktaran Se\u00e7er, iktidar\u0131n belediye ba\u015fkanlar\u0131na y\u00f6nelik operasyonlar\u0131n\u0131 i\u015faret ederek,\u00a0<strong>&#8220;Mersin&#8217;deki siyaset\u00e7iler meseleyi bir cad\u0131 av\u0131na d\u00f6n\u00fc\u015ft\u00fcr\u00fcrlerse, bu memlekete hata etmi\u015f olurlar. Yani;\u00a0<em>&#8216;Biz CHP&#8217;li belediye ba\u015fkanlar\u0131n\u0131n a\u00e7\u0131\u011f\u0131n\u0131 arayal\u0131m. Onlar\u0131n kolunu k\u0131v\u0131ral\u0131m, nas\u0131l olsa bizim d\u00f6nem. G\u00fcc\u00fc, g\u00fcc\u00fc yetene&#8217;<\/em>\u00a0derseniz, bu halk sizi affetmez. Milletvekillerine oy, Mersin&#8217;in menfaatini korumalar\u0131 i\u00e7in veriliyor&#8221;<\/strong>\u00a0diye konu\u015ftu.<\/p>\n<figure id=\"attachment_132007\" aria-describedby=\"caption-attachment-132007\" style=\"width: 354px\" class=\"wp-caption alignnone\"><img loading=\"lazy\" decoding=\"async\" class=\" wp-image-132007\" src=\"http:\/\/mersingazetesi.com\/wp-content\/uploads\/2026\/05\/MERSIN-BUYUKSEHIRDEN-ULASIMA-DEV-YATIRIM-HAL-KATLI-KAVSAGI-ACILDI-11.jpg\" alt=\"\" width=\"354\" height=\"199\" srcset=\"https:\/\/mersingazetesi.com\/wp-content\/uploads\/2026\/05\/MERSIN-BUYUKSEHIRDEN-ULASIMA-DEV-YATIRIM-HAL-KATLI-KAVSAGI-ACILDI-11.jpg 2500w, https:\/\/mersingazetesi.com\/wp-content\/uploads\/2026\/05\/MERSIN-BUYUKSEHIRDEN-ULASIMA-DEV-YATIRIM-HAL-KATLI-KAVSAGI-ACILDI-11-400x225.jpg 400w, https:\/\/mersingazetesi.com\/wp-content\/uploads\/2026\/05\/MERSIN-BUYUKSEHIRDEN-ULASIMA-DEV-YATIRIM-HAL-KATLI-KAVSAGI-ACILDI-11-540x304.jpg 540w\" sizes=\"auto, (max-width: 354px) 100vw, 354px\" \/><figcaption id=\"caption-attachment-132007\" class=\"wp-caption-text\">default<\/figcaption><\/figure>\n<p><strong>&#8220;Umudumuz, T\u00fcrkiye&#8217;de siyasi gerginlik ortam\u0131n\u0131n kaybolmas\u0131&#8221;<\/strong><\/p>\n<p>T\u00fcrkiye&#8217;nin siyasi tart\u0131\u015fmalardan s\u0131yr\u0131l\u0131p daha iyi bir s\u00fcrece girmesini umut etti\u011fini s\u00f6yleyen Se\u00e7er,\u00a0<strong>&#8220;Umut ediyorum; bu siyasi gerginlik ortam\u0131 ortadan kaybolur, herkes demokrasiye inan\u0131r.\u00a0<em>&#8216;Biz hukuk devletiyiz, bizde ba\u011f\u0131ms\u0131z mahkemeler var&#8217;<\/em>\u00a0der. Herkes hukuka ve yarg\u0131ya g\u00fcven duymaya ba\u015flar. Umut ediyorum k\u0131sa s\u00fcrede T\u00fcrkiye&#8217;de iklim bu \u015fekilde de\u011fi\u015fir. Karde\u015f\u00e7e ve huzur i\u00e7erisinde ya\u015far\u0131z. Ter\u00f6rs\u00fcz T\u00fcrkiye s\u00fcreci devam ediyor. Umut ediyoruz, akamete u\u011framas\u0131n, ba\u015far\u0131yla sonu\u00e7lans\u0131n. Bu topraklarda bin y\u0131ld\u0131r nas\u0131l karde\u015f\u00e7e ya\u015fad\u0131ysak, bundan sonra da karde\u015f\u00e7e ya\u015fayal\u0131m. Bizim arzumuz budur&#8221;\u00a0<\/strong>dedi. Se\u00e7er, Hal Katl\u0131 Kav\u015fa\u011f\u0131&#8217;n\u0131n t\u00fcm Mersinlilere hay\u0131rl\u0131 olmas\u0131n\u0131 temenni ederek konu\u015fmas\u0131n\u0131 sonland\u0131rd\u0131.<\/p>\n<p>&nbsp;<\/p>\n<p>Programda ayr\u0131ca CHP Mersin Milletvekili G\u00fclcan K\u0131\u015f ve Talat Din\u00e7er de birer konu\u015fma ger\u00e7ekle\u015ftirdi. Protokol \u00fcyeleri ile beraber kurdele kesilerek Hal Katl\u0131 Kav\u015fa\u011f\u0131 resmen hizmete a\u00e7\u0131ld\u0131. A\u00e7\u0131l\u0131\u015f\u0131n ard\u0131ndan toplu foto\u011fraf \u00e7ekimi ger\u00e7ekle\u015ftirildi. Program, Ba\u015fkan Se\u00e7er&#8217;in Hal Katl\u0131 Kav\u015fa\u011f\u0131&#8217;nda ger\u00e7ekle\u015ftirdi\u011fi deneyim s\u00fcr\u00fc\u015f\u00fcn\u00fcn ard\u0131ndan sona erdi.<\/p>\n<p><strong>\u00a0<\/strong><\/p>\n<p><strong>Yeni a\u00e7\u0131lan katl\u0131 kav\u015fak esnaf\u0131 memnun etti<\/strong><\/p>\n<p>27 y\u0131ld\u0131r b\u00f6lgede benzin istasyonu i\u015fleten Cemil S\u00f6nmezcan, Hal Katl\u0131 Kav\u015fa\u011f\u0131&#8217;n\u0131n \u00f6rnek ve \u00e7ok g\u00fczel bir proje oldu\u011funa de\u011findi. Yo\u011fun t\u0131r trafi\u011fine bir d\u00fczen gelece\u011fine inand\u0131klar\u0131ndan s\u00f6z eden S\u00f6nmezcan,\u00a0<strong>&#8220;Yap\u0131lan hizmete kar\u015f\u0131l\u0131k kurallara uyulaca\u011f\u0131n\u0131 umut ediyoruz. \u00c7\u00fcnk\u00fc kurallara uyulmazsa ne yaparsan\u0131z yap\u0131n, buras\u0131 yine kilitlenir ve t\u0131kan\u0131r. \u00c7ok g\u00fczel bir proje oldu. Belediye g\u00f6revini yapt\u0131 kav\u015fak da g\u00f6revini yapacak. Bir aksilik olmadan g\u00fczel bir hizmet olmu\u015f olacak&#8221;\u00a0<\/strong>dedi ve eme\u011fi ge\u00e7enlere te\u015fekk\u00fcrlerini iletti.\u00a0<strong>&#8220;Vahap Se\u00e7er \u00e7al\u0131\u015f\u0131yor&#8221;\u00a0<\/strong>diyerek konu\u015fmas\u0131na devam eden S\u00f6nmezcan,\u00a0<strong>&#8220;Ba\u015fkan\u0131m\u0131z imkanlar dahilinde yap\u0131lmas\u0131 gerekenleri yap\u0131yor. S\u0131rada Kuyuluk ve Sayapark taraf\u0131n\u0131n oldu\u011funu s\u00f6yledi arkada\u015flar. Ellerinden geleni yap\u0131yorlar ve ortaya g\u00fczel bir i\u015f \u00e7\u0131k\u0131yor. Biz burada bu katl\u0131 kav\u015fa\u011f\u0131n s\u0131f\u0131rdan bitimine kadar her \u015feyine \u015fahit olduk. \u00d6zellikle i\u015fin ba\u015f\u0131ndaki arkada\u015flar i\u015finin ehli. Vatana, millete hay\u0131rl\u0131 bir kav\u015fak olsun&#8221;\u00a0<\/strong>diye belirtti.<\/p>\n<p>&nbsp;<\/p>\n<p>Esnaf Hayrettin S\u00f6nmezcan ise Ba\u015fkan Se\u00e7er&#8217;e te\u015fekk\u00fcrlerini sunarken,\u00a0<strong>&#8220;Hal Kav\u015fa\u011f\u0131 uzun y\u0131ldan beri kanayan yaram\u0131zd\u0131. Burada her g\u00fcn 2-3 tane ara\u00e7 trafik kazas\u0131 yap\u0131yordu. \u0130n\u015fallah bundan sonra \u00f6nlenir ve kazalar\u0131m\u0131z da olmaz&#8221;\u00a0<\/strong>ifadelerine yer verdi. Kav\u015fa\u011f\u0131n \u00e7ok g\u00fczel oldu\u011funun alt\u0131n\u0131 \u00e7izen S\u00f6nmezcan,\u00a0<strong>&#8220;Hal b\u00f6lgesine yak\u0131\u015f\u0131r bir batt\u0131-\u00e7\u0131kt\u0131 oldu. Hepimize hay\u0131rl\u0131 ve u\u011furlu olsun&#8221;\u00a0<\/strong>dedi. S\u00f6nmezcan, esnafl\u0131k yapt\u0131\u011f\u0131 27 y\u0131l boyunca \u00e7\u00f6z\u00fclmeyen sorunun Ba\u015fkan Se\u00e7er d\u00f6neminde \u00e7\u00f6z\u00fclm\u00fc\u015f olmas\u0131ndan dolay\u0131 duydu\u011fu memnuniyeti de ifade etti.<\/p>\n<p>&nbsp;<\/p>\n<p>Vatanda\u015flardan \u0130n\u015faat M\u00fchendisi Tankut \u00dcnal, Hal Katl\u0131 Kav\u015fa\u011f\u0131&#8217;n\u0131 son sistem bir proje olarak de\u011ferlendirdi. \u00dcnal,\u00a0<strong>&#8220;Buras\u0131 Mersin&#8217;in zor \u015fartlar\u0131 olan bir yer. \u00c7al\u0131\u015fmalar, bundan daha k\u0131sa s\u00fcrede de bitmezdi. Hem de k\u0131\u015f mevsiminde yap\u0131ld\u0131.\u00a0 Ba\u015far\u0131l\u0131, Avrupai bir yer olmu\u015f. Allah kazas\u0131z belas\u0131z kullanmak nasip etsin.\u00a0 Ba\u015fkan\u0131ma da ba\u015far\u0131lar&#8221;\u00a0<\/strong>diye konu\u015ftu.<\/p>\n<p>&nbsp;<\/p>\n<p>Lokanta esnaf\u0131 Halil \u00d6zcan, daha \u00f6nce b\u00f6lgenin \u00e7ok s\u0131k\u0131nt\u0131l\u0131 oldu\u011funu anlatarak,\u00a0<strong>&#8220;\u00c7ok fazla kaza oluyordu. Buras\u0131 sanayi b\u00f6lgesi oldu\u011fu i\u00e7in t\u0131rlar\u0131n kav\u015fa\u011f\u0131 d\u00f6nmesi \u00e7ok s\u0131k\u0131nt\u0131l\u0131yd\u0131. K\u0131sa s\u00fcrede bitirdi\u011fi i\u00e7in Vahap Ba\u015fkan&#8217;a \u00e7ok te\u015fekk\u00fcr ediyoruz. \u00c7ok \u015fahane oldu&#8221;\u00a0<\/strong>ifadelerine yer verdi.<\/p>\n<p>&nbsp;<\/p>\n<p>Hal Katl\u0131 Kav\u015fa\u011f\u0131 b\u00f6lgesinde \u00e7al\u0131\u015fanlardan Mehmet Salih,\u00a0<strong>&#8220;Burada insanlar \u00e7ok ma\u011fdur oluyorlard\u0131. Biz esnaf olarak burada \u00e7ok s\u0131k\u0131nt\u0131 ya\u015fad\u0131k. Yap\u0131lan bu i\u015f \u00e7ok \u015fahane oldu. \u0130n\u015fallah bundan sonras\u0131 g\u00fczel olacak&#8221;\u00a0<\/strong>dedi.<\/p>\n<p>&nbsp;<\/p>\n<p>Otomotiv sekt\u00f6r\u00fcnden esnaf Mehmet Kisin ise\u00a0<strong>&#8220;Mersin&#8217;in kanayan yaralar\u0131ndan bir tanesi daha tedavi edilmi\u015f oldu. O y\u00fczden eme\u011fi ge\u00e7enlere ve yapt\u0131ran Ba\u015fkan\u0131m\u0131za da \u00e7ok te\u015fekk\u00fcr ederiz&#8221;\u00a0<\/strong>dedi.<\/p>\n","protected":false},"excerpt":{"rendered":"<p>T\u00fcrkiye Belediyeler Birli\u011fi (TBB) Ba\u015fkan Vekili ve Mersin B\u00fcy\u00fck\u015fehir Belediye Ba\u015fkan\u0131 Vahap Se\u00e7er, Mersin ula\u015f\u0131m\u0131n\u0131 rahatlatacak \u00f6nemli projelerden biri olan\u00a0&#8216;Hal Katl\u0131 Kav\u015fa\u011f\u0131&#8217;n\u0131n a\u00e7\u0131l\u0131\u015f\u0131n\u0131 ger\u00e7ekle\u015ftirdi. Mersin&#8217;in \u015fimdiye kadar yap\u0131lan en b\u00fcy\u00fck katl\u0131 kav\u015fa\u011f\u0131 olma \u00f6zelli\u011fini ta\u015f\u0131yan Hal Katl\u0131 Kav\u015fa\u011f\u0131, \u00f6zellikle t\u0131r ve kamyon gibi a\u011f\u0131r tonajl\u0131 ara\u00e7lar\u0131n yo\u011fun olarak kulland\u0131\u011f\u0131 b\u00f6lgede ya\u015fanan trafik s\u0131k\u0131\u015f\u0131kl\u0131\u011f\u0131na kal\u0131c\u0131 \u00e7\u00f6z\u00fcm [&hellip;]<\/p>\n","protected":false},"author":2,"featured_media":132006,"comment_status":"open","ping_status":"open","sticky":false,"template":"","format":"standard","meta":{"footnotes":""},"categories":[1],"tags":[],"class_list":["post-132005","post","type-post","status-publish","format-standard","has-post-thumbnail","hentry","category-gundem"],"views":78,"_links":{"self":[{"href":"https:\/\/mersingazetesi.com\/index.php\/wp-json\/wp\/v2\/posts\/132005","targetHints":{"allow":["GET"]}}],"collection":[{"href":"https:\/\/mersingazetesi.com\/index.php\/wp-json\/wp\/v2\/posts"}],"about":[{"href":"https:\/\/mersingazetesi.com\/index.php\/wp-json\/wp\/v2\/types\/post"}],"author":[{"embeddable":true,"href":"https:\/\/mersingazetesi.com\/index.php\/wp-json\/wp\/v2\/users\/2"}],"replies":[{"embeddable":true,"href":"https:\/\/mersingazetesi.com\/index.php\/wp-json\/wp\/v2\/comments?post=132005"}],"version-history":[{"count":2,"href":"https:\/\/mersingazetesi.com\/index.php\/wp-json\/wp\/v2\/posts\/132005\/revisions"}],"predecessor-version":[{"id":132009,"href":"https:\/\/mersingazetesi.com\/index.php\/wp-json\/wp\/v2\/posts\/132005\/revisions\/132009"}],"wp:featuredmedia":[{"embeddable":true,"href":"https:\/\/mersingazetesi.com\/index.php\/wp-json\/wp\/v2\/media\/132006"}],"wp:attachment":[{"href":"https:\/\/mersingazetesi.com\/index.php\/wp-json\/wp\/v2\/media?parent=132005"}],"wp:term":[{"taxonomy":"category","embeddable":true,"href":"https:\/\/mersingazetesi.com\/index.php\/wp-json\/wp\/v2\/categories?post=132005"},{"taxonomy":"post_tag","embeddable":true,"href":"https:\/\/mersingazetesi.com\/index.php\/wp-json\/wp\/v2\/tags?post=132005"}],"curies":[{"name":"wp","href":"https:\/\/api.w.org\/{rel}","templated":true}]}}