{"id":131996,"date":"2026-04-30T17:59:45","date_gmt":"2026-04-30T14:59:45","guid":{"rendered":"https:\/\/mersingazetesi.com\/?p=131996"},"modified":"2026-04-30T17:59:45","modified_gmt":"2026-04-30T14:59:45","slug":"basin-ilan-kurumu-ile-anadolu-universitesi-arasinda-is-birligi-protokolu","status":"publish","type":"post","link":"https:\/\/mersingazetesi.com\/index.php\/2026\/04\/30\/basin-ilan-kurumu-ile-anadolu-universitesi-arasinda-is-birligi-protokolu\/","title":{"rendered":"Bas\u0131n \u0130lan Kurumu ile Anadolu \u00dcniversitesi aras\u0131nda i\u015f birli\u011fi protokol\u00fc"},"content":{"rendered":"<p class=\"v1MsoNormal\" align=\"center\"><b>Protokolle, e\u011fitim ve staj programlar\u0131ndan akademik \u00e7al\u0131\u015fmalara, ara\u015ft\u0131rma projelerinden ortak bilimsel etkinliklere uzanan geni\u015f bir \u00e7er\u00e7evede i\u015f birlikleri hayata ge\u00e7irilecek.<\/b><\/p>\n<p class=\"v1MsoNoSpacing\">Bas\u0131n \u0130lan Kurumu (B\u0130K), kamu-akademi i\u015f birli\u011fi vizyonu do\u011frultusunda \u00fcniversitelerle y\u00fcr\u00fctt\u00fc\u011f\u00fc ortakl\u0131klara bir yenisini daha ekleyerek Anadolu \u00dcniversitesi ile i\u015f birli\u011fi protokol\u00fc imzalad\u0131.<\/p>\n<p class=\"v1MsoNoSpacing\">Protokol ile e\u011fitim, uygulama ve sekt\u00f6r deneyimini bir araya getiren \u00e7al\u0131\u015fmalar\u0131n hayata ge\u00e7irilmesinin yan\u0131 s\u0131ra \u00f6\u011frencilerin mesleki yetkinliklerinin art\u0131r\u0131lmas\u0131 ve medya alan\u0131ndaki nitelikli insan kayna\u011f\u0131n\u0131n g\u00fc\u00e7lendirilmesi hedefleniyor.<\/p>\n<p class=\"v1MsoNoSpacing\"><b>Protokol, \u00f6\u011frencilere \u00f6nemli f\u0131rsatlar sunacak<\/b><\/p>\n<p class=\"v1MsoNoSpacing\">\u0130mza t\u00f6reninde konu\u015fan Anadolu \u00dcniversitesi Rekt\u00f6r\u00fc Prof. Dr. Yusuf Ad\u0131g\u00fczel, protokol\u00fcn \u00f6zellikle ileti\u015fim ve bas\u0131n-yay\u0131n alan\u0131nda \u00f6\u011frencilere \u00f6nemli f\u0131rsatlar sunaca\u011f\u0131n\u0131 belirtti.<\/p>\n<p class=\"v1MsoNoSpacing\">Rekt\u00f6r Ad\u0131g\u00fczel, \u201c\u0130leti\u015fim bilimleri alan\u0131ndaki g\u00fc\u00e7l\u00fc birikimimizle, sekt\u00f6rle daha yak\u0131n temas kurmay\u0131 \u00f6nemsiyoruz. Genel M\u00fcd\u00fcr\u00fcm\u00fczle ger\u00e7ekle\u015ftirdi\u011fimiz g\u00f6r\u00fc\u015fmeler sonucunda medya ve ileti\u015fim alan\u0131nda yap\u0131labilecek ortak \u00e7al\u0131\u015fmalar\u0131 de\u011ferlendirdik ve bu i\u015f birli\u011fi protokol\u00fcn\u00fc hayata ge\u00e7irdik. Bu ad\u0131mla birlikte ba\u015fta bas\u0131n-yay\u0131n alan\u0131 olmak \u00fczere \u00f6\u011frencilerimizin sekt\u00f6re haz\u0131rlanmas\u0131 ve istihdam olanaklar\u0131n\u0131n art\u0131r\u0131lmas\u0131 hedeflenmektedir\u201d ifadelerini kulland\u0131.<\/p>\n<p class=\"v1MsoNoSpacing\"><b>\u0130\u015f birli\u011fi, sekt\u00f6re ge\u00e7i\u015fte k\u00f6pr\u00fc i\u015flevi g\u00f6recek<\/b><\/p>\n<p class=\"v1MsoNoSpacing\">T\u00fcrkiye\u2019nin en k\u00f6kl\u00fc \u00fcniversitelerinden biri olan Anadolu \u00dcniversitesi\u2019nde bulunmaktan b\u00fcy\u00fck memnuniyet duyduklar\u0131n\u0131 dile getiren Bas\u0131n \u0130lan Kurumu Genel M\u00fcd\u00fcr\u00fc Abdulkadir \u00c7ay ise \u201c\u0130ki k\u00f6kl\u00fc kurum aras\u0131nda kurulan bu i\u015f birli\u011finin; Eski\u015fehir\u2019deki yerel medya i\u00e7in oldu\u011fu kadar \u00dcniversitede e\u011fitim g\u00f6ren \u00f6\u011frencilerin sekt\u00f6re daha h\u0131zl\u0131 uyum sa\u011flamalar\u0131 a\u00e7\u0131s\u0131ndan da \u00f6nemli bir k\u00f6pr\u00fc i\u015flevi g\u00f6rece\u011fine inan\u0131yoruz. Amac\u0131m\u0131z gen\u00e7 ileti\u015fimcilerin mesleki geli\u015fimlerine katk\u0131 sunmak ve sekt\u00f6re daha donan\u0131ml\u0131 bireyler kazand\u0131rmakt\u0131r\u201d \u015feklinde konu\u015ftu.<\/p>\n<p class=\"v1MsoNoSpacing\"><b>Akademik ve mesleki i\u015f birlikleri geli\u015ftirilecek<\/b><\/p>\n<p class=\"v1MsoNoSpacing\">Genel M\u00fcd\u00fcr \u00c7ay ve Rekt\u00f6r Ad\u0131g\u00fczel\u2019in imza att\u0131\u011f\u0131 protokol \u00e7er\u00e7evesinde taraflar; sertifika programlar\u0131, e\u011fitim programlar\u0131, seminer, \u00e7al\u0131\u015ftay, konferans, uygulamal\u0131 e\u011fitim, ara\u015ft\u0131rma projeleri ve benzeri somut akademik ve mesleki i\u015f birli\u011fi faaliyetleri ger\u00e7ekle\u015ftirecek.<\/p>\n<p class=\"v1MsoNoSpacing\">E\u011fitim materyallerinin geli\u015ftirilmesi, kar\u015f\u0131l\u0131kl\u0131 uzman deste\u011fi sa\u011flanmas\u0131 ve ihtiya\u00e7lar do\u011frultusunda \u00f6zel e\u011fitim programlar\u0131n\u0131n tasarlanmas\u0131n\u0131n yan\u0131 s\u0131ra \u00f6\u011frencilerin, akademisyenlerin ve kurum personelinin yer alaca\u011f\u0131 e\u011fitim, ara\u015ft\u0131rma ve sosyal sorumluluk projeleri y\u00fcr\u00fct\u00fclmesi de protokol kapsam\u0131nda yer al\u0131yor.<\/p>\n<p class=\"v1MsoNoSpacing\"><b>Staj ve uygulamal\u0131 e\u011fitim imk\u00e2n\u0131<\/b><\/p>\n<p class=\"v1MsoNoSpacing\">Anadolu \u00dcniversitesi \u00f6\u011frencileri, ilgili mevzuat h\u00fck\u00fcmleri do\u011frultusunda Bas\u0131n \u0130lan Kurumu b\u00fcnyesinde uygulamal\u0131 e\u011fitim ve staj imk\u00e2n\u0131ndan yararlanabilecek. Staj programlar\u0131, akademik takvimle s\u0131n\u0131rl\u0131 ve e\u011fitim ama\u00e7l\u0131 olarak y\u00fcr\u00fct\u00fclecek.<\/p>\n<p class=\"v1MsoNoSpacing\">Anadolu \u00dcniversitesi Rekt\u00f6rl\u00fc\u011f\u00fc Senato Odas\u0131\u2019nda ger\u00e7ekle\u015ftirilen imza t\u00f6renine Rekt\u00f6r Dan\u0131\u015fman\u0131 ve \u0130leti\u015fim Bilimleri Fak\u00fcltesi Dekan\u0131 Prof. Dr. Bar\u0131\u015f K\u0131l\u0131n\u00e7, B\u0130K \u00d6zel Kalem M\u00fcd\u00fcr\u00fc Sabri \u0130\u015fbilen, Kurumsal \u0130leti\u015fim M\u00fcd\u00fcr\u00fc U\u011fur \u00c7elik ile Bursa B\u00f6lge M\u00fcd\u00fcr\u00fc G\u00f6khan Eren de kat\u0131ld\u0131.<\/p>\n","protected":false},"excerpt":{"rendered":"<p>Protokolle, e\u011fitim ve staj programlar\u0131ndan akademik \u00e7al\u0131\u015fmalara, ara\u015ft\u0131rma projelerinden ortak bilimsel etkinliklere uzanan geni\u015f bir \u00e7er\u00e7evede i\u015f birlikleri hayata ge\u00e7irilecek. Bas\u0131n \u0130lan Kurumu (B\u0130K), kamu-akademi i\u015f birli\u011fi vizyonu do\u011frultusunda \u00fcniversitelerle y\u00fcr\u00fctt\u00fc\u011f\u00fc ortakl\u0131klara bir yenisini daha ekleyerek Anadolu \u00dcniversitesi ile i\u015f birli\u011fi protokol\u00fc imzalad\u0131. Protokol ile e\u011fitim, uygulama ve sekt\u00f6r deneyimini bir araya getiren \u00e7al\u0131\u015fmalar\u0131n hayata [&hellip;]<\/p>\n","protected":false},"author":2,"featured_media":131997,"comment_status":"open","ping_status":"open","sticky":false,"template":"","format":"standard","meta":{"footnotes":""},"categories":[1],"tags":[],"class_list":["post-131996","post","type-post","status-publish","format-standard","has-post-thumbnail","hentry","category-gundem"],"views":71,"_links":{"self":[{"href":"https:\/\/mersingazetesi.com\/index.php\/wp-json\/wp\/v2\/posts\/131996","targetHints":{"allow":["GET"]}}],"collection":[{"href":"https:\/\/mersingazetesi.com\/index.php\/wp-json\/wp\/v2\/posts"}],"about":[{"href":"https:\/\/mersingazetesi.com\/index.php\/wp-json\/wp\/v2\/types\/post"}],"author":[{"embeddable":true,"href":"https:\/\/mersingazetesi.com\/index.php\/wp-json\/wp\/v2\/users\/2"}],"replies":[{"embeddable":true,"href":"https:\/\/mersingazetesi.com\/index.php\/wp-json\/wp\/v2\/comments?post=131996"}],"version-history":[{"count":2,"href":"https:\/\/mersingazetesi.com\/index.php\/wp-json\/wp\/v2\/posts\/131996\/revisions"}],"predecessor-version":[{"id":131999,"href":"https:\/\/mersingazetesi.com\/index.php\/wp-json\/wp\/v2\/posts\/131996\/revisions\/131999"}],"wp:featuredmedia":[{"embeddable":true,"href":"https:\/\/mersingazetesi.com\/index.php\/wp-json\/wp\/v2\/media\/131997"}],"wp:attachment":[{"href":"https:\/\/mersingazetesi.com\/index.php\/wp-json\/wp\/v2\/media?parent=131996"}],"wp:term":[{"taxonomy":"category","embeddable":true,"href":"https:\/\/mersingazetesi.com\/index.php\/wp-json\/wp\/v2\/categories?post=131996"},{"taxonomy":"post_tag","embeddable":true,"href":"https:\/\/mersingazetesi.com\/index.php\/wp-json\/wp\/v2\/tags?post=131996"}],"curies":[{"name":"wp","href":"https:\/\/api.w.org\/{rel}","templated":true}]}}