{"id":131990,"date":"2026-04-30T14:30:14","date_gmt":"2026-04-30T11:30:14","guid":{"rendered":"https:\/\/mersingazetesi.com\/?p=131990"},"modified":"2026-04-30T14:30:14","modified_gmt":"2026-04-30T11:30:14","slug":"yuzlerce-ogrenciden-arda-gulere-10-numara-davet","status":"publish","type":"post","link":"https:\/\/mersingazetesi.com\/index.php\/2026\/04\/30\/yuzlerce-ogrenciden-arda-gulere-10-numara-davet\/","title":{"rendered":"Y\u00fczlerce \u00f6\u011frenciden Arda G\u00fcler\u2019e &#8220;10 numara&#8221; davet"},"content":{"rendered":"<p><strong class=\"searchword\">Mersin<\/strong>&#8216;in Tarsus il\u00e7esindeki bir ilkokulda yakla\u015f\u0131k 400 \u00f6\u011frenci, s\u0131rtlar\u0131nda &#8220;Arda&#8221; yaz\u0131l\u0131 10 numaral\u0131 milli formalar\u0131yla, Real Madrid&#8217;de top ko\u015fturan y\u0131ld\u0131z futbolcu Arda G\u00fcler&#8217;i okullar\u0131na davet etti.<br \/>\nTarsus&#8217;ta bulunan Pakize Bayraktar \u0130lkokulu \u00f6\u011frencileri, hayran\u0131 olduklar\u0131 milli futbolcu Arda G\u00fcler i\u00e7in unutulmaz bir etkinlik d\u00fczenledi. Okul bah\u00e7esini adeta bir stadyuma \u00e7eviren minikler, y\u0131ld\u0131z futbolcuya seslerini duyurabilmek i\u00e7in hep bir a\u011f\u0131zdan \u00e7a\u011fr\u0131da bulundu. Okul y\u00f6netimi ve \u00f6\u011fretmenlerin deste\u011fiyle organize edilen etkinlikte, yakla\u015f\u0131k 400 \u00f6\u011frenci okul bah\u00e7esinde topland\u0131. S\u0131rtlar\u0131nda &#8220;10 numara&#8221; ve &#8220;Arda&#8221; yaz\u0131l\u0131 milli formalar\u0131 giyen \u00f6\u011frenciler, renkli g\u00f6r\u00fcnt\u00fcler olu\u015fturdu.<\/p>\n<p>&#8220;Arda abi okulumuza gel&#8221;<br \/>\nEtkinlik s\u0131ras\u0131nda heyecanlar\u0131 g\u00f6zlerinden okunan minik \u00f6\u011frenciler, hep bir a\u011f\u0131zdan &#8220;Arda abi okulumuza gel&#8221; sloganlar\u0131 atarak, milli futbolcuya olan sevgilerini dile getirdi.<\/p>\n","protected":false},"excerpt":{"rendered":"<p>Mersin&#8216;in Tarsus il\u00e7esindeki bir ilkokulda yakla\u015f\u0131k 400 \u00f6\u011frenci, s\u0131rtlar\u0131nda &#8220;Arda&#8221; yaz\u0131l\u0131 10 numaral\u0131 milli formalar\u0131yla, Real Madrid&#8217;de top ko\u015fturan y\u0131ld\u0131z futbolcu Arda G\u00fcler&#8217;i okullar\u0131na davet etti. Tarsus&#8217;ta bulunan Pakize Bayraktar \u0130lkokulu \u00f6\u011frencileri, hayran\u0131 olduklar\u0131 milli futbolcu Arda G\u00fcler i\u00e7in unutulmaz bir etkinlik d\u00fczenledi. Okul bah\u00e7esini adeta bir stadyuma \u00e7eviren minikler, y\u0131ld\u0131z futbolcuya seslerini duyurabilmek i\u00e7in [&hellip;]<\/p>\n","protected":false},"author":2,"featured_media":131991,"comment_status":"open","ping_status":"open","sticky":false,"template":"","format":"standard","meta":{"footnotes":""},"categories":[6],"tags":[],"class_list":["post-131990","post","type-post","status-publish","format-standard","has-post-thumbnail","hentry","category-spor"],"views":76,"_links":{"self":[{"href":"https:\/\/mersingazetesi.com\/index.php\/wp-json\/wp\/v2\/posts\/131990","targetHints":{"allow":["GET"]}}],"collection":[{"href":"https:\/\/mersingazetesi.com\/index.php\/wp-json\/wp\/v2\/posts"}],"about":[{"href":"https:\/\/mersingazetesi.com\/index.php\/wp-json\/wp\/v2\/types\/post"}],"author":[{"embeddable":true,"href":"https:\/\/mersingazetesi.com\/index.php\/wp-json\/wp\/v2\/users\/2"}],"replies":[{"embeddable":true,"href":"https:\/\/mersingazetesi.com\/index.php\/wp-json\/wp\/v2\/comments?post=131990"}],"version-history":[{"count":1,"href":"https:\/\/mersingazetesi.com\/index.php\/wp-json\/wp\/v2\/posts\/131990\/revisions"}],"predecessor-version":[{"id":131992,"href":"https:\/\/mersingazetesi.com\/index.php\/wp-json\/wp\/v2\/posts\/131990\/revisions\/131992"}],"wp:featuredmedia":[{"embeddable":true,"href":"https:\/\/mersingazetesi.com\/index.php\/wp-json\/wp\/v2\/media\/131991"}],"wp:attachment":[{"href":"https:\/\/mersingazetesi.com\/index.php\/wp-json\/wp\/v2\/media?parent=131990"}],"wp:term":[{"taxonomy":"category","embeddable":true,"href":"https:\/\/mersingazetesi.com\/index.php\/wp-json\/wp\/v2\/categories?post=131990"},{"taxonomy":"post_tag","embeddable":true,"href":"https:\/\/mersingazetesi.com\/index.php\/wp-json\/wp\/v2\/tags?post=131990"}],"curies":[{"name":"wp","href":"https:\/\/api.w.org\/{rel}","templated":true}]}}