{"id":131987,"date":"2026-04-30T14:29:29","date_gmt":"2026-04-30T11:29:29","guid":{"rendered":"https:\/\/mersingazetesi.com\/?p=131987"},"modified":"2026-04-30T14:29:41","modified_gmt":"2026-04-30T11:29:41","slug":"cimerden-bilgi-edinme-basvurusuna-ret-yaniti-50-yil-geriye-gitmisiz","status":"publish","type":"post","link":"https:\/\/mersingazetesi.com\/index.php\/2026\/04\/30\/cimerden-bilgi-edinme-basvurusuna-ret-yaniti-50-yil-geriye-gitmisiz\/","title":{"rendered":"C\u0130MER&#8217;den Bilgi Edinme Ba\u015fvurusuna \u201cRet\u201d Yan\u0131t\u0131  &#8217;50 YIL GER\u0130YE G\u0130TM\u0130\u015e\u0130Z!&#8217;"},"content":{"rendered":"<div>Ara\u015ft\u0131rmac\u0131-yazar Abdullah Ayan, Ticaret Sicil kay\u0131tlar\u0131na ili\u015fkin yapt\u0131\u011f\u0131 bilgi edinme ba\u015fvurusuna verilen yan\u0131t \u00fczerinden kamu idaresini sert s\u00f6zlerle ele\u015ftirdi. Ayan, s\u00fcrecin T\u00fcrkiye\u2019yi \u015feffafl\u0131k a\u00e7\u0131s\u0131ndan \u201c50 y\u0131l geriye g\u00f6t\u00fcrd\u00fc\u011f\u00fcn\u00fc\u201d savundu.<\/div>\n<div dir=\"ltr\"><\/div>\n<div>Ayan, 4982 Say\u0131l\u0131 Bilgi Edinme Hakk\u0131 Kanunu kapsam\u0131nda Ticaret Bakanl\u0131\u011f\u0131 arac\u0131l\u0131\u011f\u0131yla Mersin Ticaret ve Sanayi Odas\u0131\u2019na y\u00f6neltilmek \u00fczere yapt\u0131\u011f\u0131 ba\u015fvuruda, 2020-2025 y\u0131llar\u0131 aras\u0131nda ticaret sicil kayd\u0131 yap\u0131lmayan \u015firket veya ki\u015fi olup olmad\u0131\u011f\u0131n\u0131 ve varsa say\u0131lar\u0131n\u0131n a\u00e7\u0131klanmas\u0131n\u0131 talep etti.<\/div>\n<div dir=\"ltr\"><\/div>\n<div>Ba\u015fvuruya 29 Nisan 2026 tarihinde yan\u0131t veren Ticaret Sicili Dairesi Ba\u015fkanl\u0131\u011f\u0131 ise talebin, \u201cAyr\u0131 bir \u00e7al\u0131\u015fma ve analiz gerektirdi\u011fi\u201d gerek\u00e7esiyle kar\u015f\u0131lanamayaca\u011f\u0131n\u0131 bildirdi. Yan\u0131tta ayr\u0131ca ilgili bilgi i\u00e7in do\u011frudan Mersin Ticaret ve Sanayi Odas\u0131\u2019na ba\u015fvurulabilece\u011fi ifade edildi.<\/div>\n<div dir=\"ltr\"><\/div>\n<div>Ayan, s\u00f6z konusu cevab\u0131n yasal sorumlulu\u011fun yerine getirilmemesi anlam\u0131na geldi\u011fini belirterek, ba\u015fvurunun zaten C\u0130MER \u00fczerinden yap\u0131ld\u0131\u011f\u0131n\u0131 ve Bakanl\u0131\u011f\u0131n talebi ilgili kuruma iletmesi gerekti\u011fini savundu.<\/div>\n<div dir=\"ltr\"><\/div>\n<div>Bilgi Edinme Hakk\u0131 Kanunu\u2019nun Avrupa Birli\u011fi uyum s\u00fcrecinde \u201cDevrim niteli\u011finde\u201d bir d\u00fczenleme olarak y\u00fcr\u00fcrl\u00fc\u011fe girdi\u011fini hat\u0131rlatan Ayan, mevcut uygulamalar\u0131n ise bu kazan\u0131mlar\u0131 geriye g\u00f6t\u00fcrd\u00fc\u011f\u00fcn\u00fc \u00f6ne s\u00fcrd\u00fc.<\/div>\n<div dir=\"ltr\"><\/div>\n<div>Ayan, s\u00fcreci \u201cBir arpa boyu yol al\u0131namamas\u0131 bir yana, 50 y\u0131l geriye gidi\u015f\u201d s\u00f6zleriyle de\u011ferlendirdi.<\/div>\n<div id=\"m_6024996473377716331ms-outlook-mobile-body-separator-line\" dir=\"ltr\"><\/div>\n","protected":false},"excerpt":{"rendered":"<p>Ara\u015ft\u0131rmac\u0131-yazar Abdullah Ayan, Ticaret Sicil kay\u0131tlar\u0131na ili\u015fkin yapt\u0131\u011f\u0131 bilgi edinme ba\u015fvurusuna verilen yan\u0131t \u00fczerinden kamu idaresini sert s\u00f6zlerle ele\u015ftirdi. Ayan, s\u00fcrecin T\u00fcrkiye\u2019yi \u015feffafl\u0131k a\u00e7\u0131s\u0131ndan \u201c50 y\u0131l geriye g\u00f6t\u00fcrd\u00fc\u011f\u00fcn\u00fc\u201d savundu. Ayan, 4982 Say\u0131l\u0131 Bilgi Edinme Hakk\u0131 Kanunu kapsam\u0131nda Ticaret Bakanl\u0131\u011f\u0131 arac\u0131l\u0131\u011f\u0131yla Mersin Ticaret ve Sanayi Odas\u0131\u2019na y\u00f6neltilmek \u00fczere yapt\u0131\u011f\u0131 ba\u015fvuruda, 2020-2025 y\u0131llar\u0131 aras\u0131nda ticaret sicil kayd\u0131 [&hellip;]<\/p>\n","protected":false},"author":2,"featured_media":131988,"comment_status":"open","ping_status":"open","sticky":false,"template":"","format":"standard","meta":{"footnotes":""},"categories":[1],"tags":[],"class_list":["post-131987","post","type-post","status-publish","format-standard","has-post-thumbnail","hentry","category-gundem"],"views":80,"_links":{"self":[{"href":"https:\/\/mersingazetesi.com\/index.php\/wp-json\/wp\/v2\/posts\/131987","targetHints":{"allow":["GET"]}}],"collection":[{"href":"https:\/\/mersingazetesi.com\/index.php\/wp-json\/wp\/v2\/posts"}],"about":[{"href":"https:\/\/mersingazetesi.com\/index.php\/wp-json\/wp\/v2\/types\/post"}],"author":[{"embeddable":true,"href":"https:\/\/mersingazetesi.com\/index.php\/wp-json\/wp\/v2\/users\/2"}],"replies":[{"embeddable":true,"href":"https:\/\/mersingazetesi.com\/index.php\/wp-json\/wp\/v2\/comments?post=131987"}],"version-history":[{"count":1,"href":"https:\/\/mersingazetesi.com\/index.php\/wp-json\/wp\/v2\/posts\/131987\/revisions"}],"predecessor-version":[{"id":131989,"href":"https:\/\/mersingazetesi.com\/index.php\/wp-json\/wp\/v2\/posts\/131987\/revisions\/131989"}],"wp:featuredmedia":[{"embeddable":true,"href":"https:\/\/mersingazetesi.com\/index.php\/wp-json\/wp\/v2\/media\/131988"}],"wp:attachment":[{"href":"https:\/\/mersingazetesi.com\/index.php\/wp-json\/wp\/v2\/media?parent=131987"}],"wp:term":[{"taxonomy":"category","embeddable":true,"href":"https:\/\/mersingazetesi.com\/index.php\/wp-json\/wp\/v2\/categories?post=131987"},{"taxonomy":"post_tag","embeddable":true,"href":"https:\/\/mersingazetesi.com\/index.php\/wp-json\/wp\/v2\/tags?post=131987"}],"curies":[{"name":"wp","href":"https:\/\/api.w.org\/{rel}","templated":true}]}}