{"id":131985,"date":"2026-04-30T13:44:14","date_gmt":"2026-04-30T10:44:14","guid":{"rendered":"https:\/\/mersingazetesi.com\/?p=131985"},"modified":"2026-04-30T13:44:14","modified_gmt":"2026-04-30T10:44:14","slug":"tgcden-1-mayista-gazetecilerin-calismasini-engellemeyin-cagrisi","status":"publish","type":"post","link":"https:\/\/mersingazetesi.com\/index.php\/2026\/04\/30\/tgcden-1-mayista-gazetecilerin-calismasini-engellemeyin-cagrisi\/","title":{"rendered":"TGC\u2019den \u201c1 May\u0131s\u2019ta gazetecilerin \u00e7al\u0131\u015fmas\u0131n\u0131 engellemeyin\u201d \u00e7a\u011fr\u0131s\u0131"},"content":{"rendered":"<p>T\u00fcrkiye Gazetecileri Cemiyeti Y\u00f6netim Kurulu, 1 May\u0131s Emek ve Dayan\u0131\u015fma G\u00fcn\u00fc etkinliklerini takip edecek gazetecilerin \u00e7al\u0131\u015fma ve can g\u00fcvenliklerinin sa\u011flanmas\u0131 amac\u0131yla \u0130\u00e7i\u015fleri Bakanl\u0131\u011f\u0131\u2019na \u00e7a\u011fr\u0131da bulundu. A\u00e7\u0131klamada \u015fu g\u00f6r\u00fc\u015flere yer verildi:<\/p>\n<p>\u201c1 May\u0131s Emek ve Dayan\u0131\u015fma G\u00fcn\u00fc, demokratik toplumlarda bas\u0131n ve d\u00fc\u015f\u00fcnceyi ifade \u00f6zg\u00fcrl\u00fc\u011f\u00fc a\u00e7\u0131s\u0131ndan en \u00f6nemli g\u00fcnlerden biridir.<\/p>\n<p>Emek \u00f6rg\u00fctlerinin etkinliklerini takip ederken gazeteciler, halk\u0131n haber alma hakk\u0131n\u0131n g\u00fcvencesi olarak kamusal bir sorumluluk \u00fcstlenmektedir.<\/p>\n<p>Anayasa\u2019n\u0131n bas\u0131n ve d\u00fc\u015f\u00fcnceyi ifade \u00f6zg\u00fcrl\u00fc\u011f\u00fcn\u00fc g\u00fcvence alt\u0131na alan h\u00fck\u00fcmleri uyar\u0131nca gazetecilerin haber takibi s\u0131ras\u0131nda \u00e7al\u0131\u015fma ve can g\u00fcvenliklerinin korunmas\u0131 devletin temel y\u00fck\u00fcml\u00fcl\u00fckleri aras\u0131ndad\u0131r. Bas\u0131n \u00f6zg\u00fcrl\u00fc\u011f\u00fcn\u00fcn etkin bi\u00e7imde kullan\u0131labilmesi ancak gazetecilerin herhangi bir bask\u0131, engelleme, fiziksel m\u00fcdahale ya da \u00f6zg\u00fcrl\u00fcklerinden yoksun b\u0131rak\u0131lma riskiyle kar\u015f\u0131la\u015fmadan g\u00f6rev yapabilmelerine ba\u011fl\u0131d\u0131r.<\/p>\n<p>Ge\u00e7mi\u015f y\u0131llarda 1 May\u0131s etkinliklerini izleyen \u00e7ok say\u0131da gazetecinin haks\u0131z g\u00f6zalt\u0131, fiziksel m\u00fcdahale, ekipmanlar\u0131na zarar verilmesi ve haber takibinin engellenmesi gibi uygulamalarla kar\u015f\u0131 kar\u015f\u0131ya kald\u0131\u011f\u0131n\u0131 biliyoruz.<\/p>\n<p>Bu t\u00fcr m\u00fcdahaleler yaln\u0131zca gazetecilerin de\u011fil, toplumun haber alma hakk\u0131n\u0131 ve demokratik kamu d\u00fczenini de zedelemektedir.<\/p>\n<p>T\u00fcrkiye Gazetecileri Cemiyeti olarak; \u0130\u00e7i\u015fleri Bakanl\u0131\u011f\u0131\u2019ndan 1 May\u0131s\u2019ta t\u00fcm illerdeki etkinlikleri izleyecek gazetecilerin g\u00f6revlerini \u00f6zg\u00fcrce yerine getirebilmesi i\u00e7in \u00e7al\u0131\u015fma g\u00fcvenliklerinin sa\u011flanmas\u0131n\u0131, haber takibinin engellenmemesini ve hukuka ayk\u0131r\u0131 g\u00f6zalt\u0131 uygulamalar\u0131ndan ka\u00e7\u0131n\u0131lmas\u0131n\u0131 talep ediyoruz. T\u00fcm bas\u0131n emek\u00e7ilerinin ve yurtta\u015flar\u0131m\u0131z\u0131n 1 May\u0131s Emek ve Dayan\u0131\u015fma G\u00fcn\u00fc\u2019n\u00fc kutluyoruz.\u201d<\/p>\n","protected":false},"excerpt":{"rendered":"<p>T\u00fcrkiye Gazetecileri Cemiyeti Y\u00f6netim Kurulu, 1 May\u0131s Emek ve Dayan\u0131\u015fma G\u00fcn\u00fc etkinliklerini takip edecek gazetecilerin \u00e7al\u0131\u015fma ve can g\u00fcvenliklerinin sa\u011flanmas\u0131 amac\u0131yla \u0130\u00e7i\u015fleri Bakanl\u0131\u011f\u0131\u2019na \u00e7a\u011fr\u0131da bulundu. A\u00e7\u0131klamada \u015fu g\u00f6r\u00fc\u015flere yer verildi: \u201c1 May\u0131s Emek ve Dayan\u0131\u015fma G\u00fcn\u00fc, demokratik toplumlarda bas\u0131n ve d\u00fc\u015f\u00fcnceyi ifade \u00f6zg\u00fcrl\u00fc\u011f\u00fc a\u00e7\u0131s\u0131ndan en \u00f6nemli g\u00fcnlerden biridir. Emek \u00f6rg\u00fctlerinin etkinliklerini takip ederken gazeteciler, halk\u0131n [&hellip;]<\/p>\n","protected":false},"author":2,"featured_media":111239,"comment_status":"open","ping_status":"open","sticky":false,"template":"","format":"standard","meta":{"footnotes":""},"categories":[1],"tags":[],"class_list":["post-131985","post","type-post","status-publish","format-standard","has-post-thumbnail","hentry","category-gundem"],"views":80,"_links":{"self":[{"href":"https:\/\/mersingazetesi.com\/index.php\/wp-json\/wp\/v2\/posts\/131985","targetHints":{"allow":["GET"]}}],"collection":[{"href":"https:\/\/mersingazetesi.com\/index.php\/wp-json\/wp\/v2\/posts"}],"about":[{"href":"https:\/\/mersingazetesi.com\/index.php\/wp-json\/wp\/v2\/types\/post"}],"author":[{"embeddable":true,"href":"https:\/\/mersingazetesi.com\/index.php\/wp-json\/wp\/v2\/users\/2"}],"replies":[{"embeddable":true,"href":"https:\/\/mersingazetesi.com\/index.php\/wp-json\/wp\/v2\/comments?post=131985"}],"version-history":[{"count":1,"href":"https:\/\/mersingazetesi.com\/index.php\/wp-json\/wp\/v2\/posts\/131985\/revisions"}],"predecessor-version":[{"id":131986,"href":"https:\/\/mersingazetesi.com\/index.php\/wp-json\/wp\/v2\/posts\/131985\/revisions\/131986"}],"wp:featuredmedia":[{"embeddable":true,"href":"https:\/\/mersingazetesi.com\/index.php\/wp-json\/wp\/v2\/media\/111239"}],"wp:attachment":[{"href":"https:\/\/mersingazetesi.com\/index.php\/wp-json\/wp\/v2\/media?parent=131985"}],"wp:term":[{"taxonomy":"category","embeddable":true,"href":"https:\/\/mersingazetesi.com\/index.php\/wp-json\/wp\/v2\/categories?post=131985"},{"taxonomy":"post_tag","embeddable":true,"href":"https:\/\/mersingazetesi.com\/index.php\/wp-json\/wp\/v2\/tags?post=131985"}],"curies":[{"name":"wp","href":"https:\/\/api.w.org\/{rel}","templated":true}]}}