{"id":131980,"date":"2026-04-30T12:46:39","date_gmt":"2026-04-30T09:46:39","guid":{"rendered":"https:\/\/mersingazetesi.com\/?p=131980"},"modified":"2026-04-30T12:46:39","modified_gmt":"2026-04-30T09:46:39","slug":"herkes-aday-olabilir-ama-herkes-baskan-olabilmeli-mi","status":"publish","type":"post","link":"https:\/\/mersingazetesi.com\/index.php\/2026\/04\/30\/herkes-aday-olabilir-ama-herkes-baskan-olabilmeli-mi\/","title":{"rendered":"Herkes Aday Olabilir, Ama Herkes &#8220;Ba\u015fkan&#8221; Olabilmeli mi?"},"content":{"rendered":"<div>Bir d\u00fc\u015f\u00fcn\u00fcn.<\/div>\n<div>Bir ameliyata girmek \u00fczeresiniz. Cerrah masaya yakla\u015f\u0131yor. &#8220;Ben asl\u0131nda esnaf\u0131m&#8221; diyor. &#8220;Ama insanlara yard\u0131m etmek istedim, aday oldum, se\u00e7ildim.&#8221;<\/div>\n<div>Ne hissedersiniz?<\/div>\n<div>\u0130\u015fte baz\u0131 STK&#8217;larda, ticaret odalar\u0131nda, meslek \u00f6rg\u00fctlerinde durum tam olarak bu.<\/div>\n<div dir=\"ltr\"><\/div>\n<div>Kendi i\u015finin d\u0131\u015f\u0131nda hi\u00e7bir \u015fey bilmiyor!<\/div>\n<div>Mersin&#8217;de y\u0131llard\u0131r \u015funu g\u00f6r\u00fcyorum: Kendi i\u015finde ba\u015far\u0131l\u0131 olmu\u015f, para kazanm\u0131\u015f, \u00e7evresinde sayg\u0131n birisi var. &#8220;Adam iyi biri, ba\u015fkan olsun&#8221; deniyor. Oluyor da.<\/div>\n<div>Ama ba\u015fkanl\u0131k ba\u015flad\u0131ktan sonra ne oluyor?<\/div>\n<div>T\u00fcz\u00fc\u011f\u00fc okumuyor. Mevzuat\u0131 bilmiyor. Proje nedir, nas\u0131l yaz\u0131l\u0131r, nas\u0131l y\u00f6netilir-hi\u00e7 bakmam\u0131\u015f. B\u00fct\u00e7eyi nas\u0131l denetleyece\u011fini bilmiyor. Ve en \u00f6nemlisi: Temsil etti\u011fi insanlara nas\u0131l hizmet edece\u011fini bilmiyor.<\/div>\n<div>Kendi i\u015fi d\u0131\u015f\u0131nda d\u00fcnyas\u0131 yok. Ama elinde \u00e7ok b\u00fcy\u00fck bir g\u00fc\u00e7 var.<\/div>\n<div dir=\"ltr\"><\/div>\n<div>Ara\u00e7 ama\u00e7 oldu<\/div>\n<div dir=\"ltr\"><\/div>\n<div>STK&#8217;lar, ticaret odalar\u0131, meslek \u00f6rg\u00fctleri neden kurulur?<\/div>\n<div>\u015eehre katk\u0131 vermek i\u00e7in. \u00dcyelerin sorunlar\u0131n\u0131 \u00e7\u00f6zmek i\u00e7in. Topluma hizmet etmek i\u00e7in.<\/div>\n<div>Ama bir s\u00fcre sonra ne oluyor? Ba\u015fkanl\u0131k koltu\u011fu, as\u0131l ama\u00e7 haline geliyor. Foto\u011fraf, protokol, tan\u0131nma-bunlar \u00f6ne \u00e7\u0131k\u0131yor. \u015eehrin derdi geri planda kal\u0131yor.<\/div>\n<div>Ara\u00e7, amac\u0131n \u00f6n\u00fcne ge\u00e7ti mi-her \u015fey tersine d\u00f6ner. Kurum hizmet etmez, temsil eder. \u00c7\u00f6zmez, var olur.<\/div>\n<div dir=\"ltr\"><\/div>\n<div>Kar\u015f\u0131 cephe do\u011far<\/div>\n<div dir=\"ltr\"><\/div>\n<div>\u0130\u015fte tam burada \u00e7ok \u00f6nemli bir \u015fey oluyor.<\/div>\n<div>Bir ki\u015fi i\u015fi beceremedi\u011finde ele\u015ftiri gelir. Ele\u015ftiri geldi\u011finde savunmaya ge\u00e7er. Savunmaya ge\u00e7ince kar\u015f\u0131 taraf olu\u015fur. Kar\u015f\u0131 taraf olu\u015funca kurum ikiye b\u00f6l\u00fcn\u00fcr.<\/div>\n<div>B\u00f6l\u00fcnen kurum ne \u00fcyesine hizmet eder, ne \u015fehre. Sadece kendi i\u00e7indeki kavgayla me\u015fgul olur.<\/div>\n<div>Ve o kavgan\u0131n bedeli; hem kuruma, hem meslek grubuna, hem \u015fehre, hem de o ba\u015fkan\u0131n kendi sosyal \u00e7evresine yans\u0131r.<\/div>\n<div>K\u00f6t\u00fc ekilen tohum, her yere sa\u00e7\u0131l\u0131r.<\/div>\n<div dir=\"ltr\"><\/div>\n<div>Ama iyi tohum da \u00f6yle<\/div>\n<div dir=\"ltr\"><\/div>\n<div>\u015eimdi \u015funu d\u00fc\u015f\u00fcn\u00fcn.<\/div>\n<div>Mersin&#8217;de bir STK ger\u00e7ekten i\u015fe yarayan bir \u015fey yap\u0131yor. Bir gencin \u00f6n\u00fcn\u00fc a\u00e7\u0131yor. Bir sorunu \u00e7\u00f6z\u00fcyor. Bir projeyi hayata ge\u00e7iriyor.<\/div>\n<div>Ne olur?<\/div>\n<div>Durgun suya at\u0131lm\u0131\u015f ta\u015f gibi-daireler yava\u015f yava\u015f b\u00fcy\u00fcr. O ba\u015far\u0131 konu\u015fulur. Ba\u015fka kurumlar ilham al\u0131r. \u00dcyeler &#8220;biz de yapabiliriz&#8221; der. \u015eehir hisseder.<\/div>\n<div>Bir tek kurumun d\u00fcr\u00fcst, \u00e7al\u0131\u015fkan ve ger\u00e7ek bir d\u00f6n\u00fc\u015f\u00fcm\u00fc-zamanla toplumsal bir harekete d\u00f6n\u00fc\u015febilir.<\/div>\n<div>Ne ekersek onu bi\u00e7eriz.<\/div>\n<div dir=\"ltr\"><\/div>\n<div>Peki ne yap\u0131lmal\u0131?<\/div>\n<div>\u015eu an T\u00fcrkiye&#8217;de herkes aday olabiliyor. Kriter yok. \u00d6l\u00e7\u00fct yok. &#8220;\u0130stiyorum&#8221; yeterli.<\/div>\n<div>Bu de\u011fi\u015fmeli. Ama nas\u0131l?<\/div>\n<div>Diploma \u015fart\u0131 koymak \u00e7\u00f6z\u00fcm de\u011fil. Zaten kendi alan\u0131nda ba\u015far\u0131l\u0131 olmu\u015f insanlar bu \u00f6rg\u00fctlere giriyor. As\u0131l eksik olan \u015fu:<\/div>\n<div>-Kendi i\u015finin d\u0131\u015f\u0131nda bir vizyonu var m\u0131?<\/div>\n<div>-\u0130nsanlara hizmet etmeyi biliyor mu?<\/div>\n<div>-Birlikte hareket edebiliyor mu?<\/div>\n<div>-Ya\u015fad\u0131\u011f\u0131 \u015fehre, \u00fclkeye katk\u0131y\u0131 bir t\u00fcm olarak g\u00f6rebiliyor mu?<\/div>\n<div>Bunlar\u0131 \u00f6l\u00e7mek i\u00e7in \u015fu ad\u0131mlar at\u0131labilir:<\/div>\n<div>Aday olmak isteyen ki\u015fi, se\u00e7imden \u00f6nce \u00fcyelere somut bir eylem plan\u0131 sunmal\u0131. &#8220;Ba\u015fkan olursam \u015funu yapaca\u011f\u0131m&#8221; de\u011fil- &#8220;Bu sorunu, bu y\u00f6ntemle, bu s\u00fcrede \u00e7\u00f6zece\u011fim.&#8221;<\/div>\n<div>G\u00f6rev s\u00fcresi boyunca y\u0131lda bir kez \u00fcyelere a\u00e7\u0131k hesap vermeli. Ka\u00e7 sorun \u00e7\u00f6z\u00fcld\u00fc, para nereye harcand\u0131, ne de\u011fi\u015fti?<\/div>\n<div>Proje y\u00f6netimini, mevzuat\u0131, b\u00fct\u00e7eyi bilmiyorsa-\u00f6\u011frenmeli ya da ile birileriyle \u00e7al\u0131\u015fmal\u0131. &#8220;Ben bilmiyorum ama \u00f6\u011frenirim&#8221; demek cesarettir. &#8220;Ben bilirim&#8221; deyip bilmemek ise en b\u00fcy\u00fck zarard\u0131r.<\/div>\n<div>Kendi grubuna de\u011fil, t\u00fcm \u00fcyelerine e\u015fit davranmal\u0131. \u0130mtiyaz de\u011fil, hizmet.<\/div>\n<div dir=\"ltr\"><\/div>\n<div>Son s\u00f6z<\/div>\n<div dir=\"ltr\"><\/div>\n<div>K\u00f6t\u00fc bir lider sadece kendine zarar vermez.<\/div>\n<div>Kurumuna zarar verir. Meslek grubuna zarar verir. \u015eehre zarar verir.<\/div>\n<div>Ama iyi bir lider de sadece kendine iyi yapmaz.<\/div>\n<div>\u00c7evresi de\u011fi\u015fir. Kurumu de\u011fi\u015fir. \u015eehri de\u011fi\u015fir.<\/div>\n<div>Mersin&#8217;in ihtiyac\u0131; daha fazla koltu\u011fa oturan de\u011fil, oturdu\u011fu koltu\u011fun a\u011f\u0131rl\u0131\u011f\u0131n\u0131 hisseden insanlard\u0131r.<\/div>\n<div>O a\u011f\u0131rl\u0131\u011f\u0131 hissedenler i\u00e7in kap\u0131m her zaman a\u00e7\u0131k.<\/div>\n","protected":false},"excerpt":{"rendered":"<p>Bir d\u00fc\u015f\u00fcn\u00fcn. Bir ameliyata girmek \u00fczeresiniz. Cerrah masaya yakla\u015f\u0131yor. &#8220;Ben asl\u0131nda esnaf\u0131m&#8221; diyor. &#8220;Ama insanlara yard\u0131m etmek istedim, aday oldum, se\u00e7ildim.&#8221; Ne hissedersiniz? \u0130\u015fte baz\u0131 STK&#8217;larda, ticaret odalar\u0131nda, meslek \u00f6rg\u00fctlerinde durum tam olarak bu. Kendi i\u015finin d\u0131\u015f\u0131nda hi\u00e7bir \u015fey bilmiyor! Mersin&#8217;de y\u0131llard\u0131r \u015funu g\u00f6r\u00fcyorum: Kendi i\u015finde ba\u015far\u0131l\u0131 olmu\u015f, para kazanm\u0131\u015f, \u00e7evresinde sayg\u0131n birisi var. &#8220;Adam [&hellip;]<\/p>\n","protected":false},"author":20,"featured_media":130941,"comment_status":"open","ping_status":"open","sticky":false,"template":"","format":"standard","meta":{"footnotes":""},"categories":[137],"tags":[],"class_list":["post-131980","post","type-post","status-publish","format-standard","has-post-thumbnail","hentry","category-selami-uzun"],"views":57,"_links":{"self":[{"href":"https:\/\/mersingazetesi.com\/index.php\/wp-json\/wp\/v2\/posts\/131980","targetHints":{"allow":["GET"]}}],"collection":[{"href":"https:\/\/mersingazetesi.com\/index.php\/wp-json\/wp\/v2\/posts"}],"about":[{"href":"https:\/\/mersingazetesi.com\/index.php\/wp-json\/wp\/v2\/types\/post"}],"author":[{"embeddable":true,"href":"https:\/\/mersingazetesi.com\/index.php\/wp-json\/wp\/v2\/users\/20"}],"replies":[{"embeddable":true,"href":"https:\/\/mersingazetesi.com\/index.php\/wp-json\/wp\/v2\/comments?post=131980"}],"version-history":[{"count":1,"href":"https:\/\/mersingazetesi.com\/index.php\/wp-json\/wp\/v2\/posts\/131980\/revisions"}],"predecessor-version":[{"id":131981,"href":"https:\/\/mersingazetesi.com\/index.php\/wp-json\/wp\/v2\/posts\/131980\/revisions\/131981"}],"wp:featuredmedia":[{"embeddable":true,"href":"https:\/\/mersingazetesi.com\/index.php\/wp-json\/wp\/v2\/media\/130941"}],"wp:attachment":[{"href":"https:\/\/mersingazetesi.com\/index.php\/wp-json\/wp\/v2\/media?parent=131980"}],"wp:term":[{"taxonomy":"category","embeddable":true,"href":"https:\/\/mersingazetesi.com\/index.php\/wp-json\/wp\/v2\/categories?post=131980"},{"taxonomy":"post_tag","embeddable":true,"href":"https:\/\/mersingazetesi.com\/index.php\/wp-json\/wp\/v2\/tags?post=131980"}],"curies":[{"name":"wp","href":"https:\/\/api.w.org\/{rel}","templated":true}]}}