{"id":131972,"date":"2026-04-30T12:14:09","date_gmt":"2026-04-30T09:14:09","guid":{"rendered":"https:\/\/mersingazetesi.com\/?p=131972"},"modified":"2026-04-30T12:14:09","modified_gmt":"2026-04-30T09:14:09","slug":"refah-adil-paylasilmali","status":"publish","type":"post","link":"https:\/\/mersingazetesi.com\/index.php\/2026\/04\/30\/refah-adil-paylasilmali\/","title":{"rendered":"&#8216;REFAH AD\u0130L PAYLA\u015eILMALI&#8217;"},"content":{"rendered":"<div dir=\"ltr\">HAK-\u0130\u015e Konfederasyonu \u00fcyeleri, \u00d6zg\u00fcr \u00c7ocuk Park\u0131&#8217;nda toplanarak 1 May\u0131s bildirisi payla\u015ft\u0131. HAK-\u0130\u015e Konfederasyonu Mersin \u0130l Ba\u015fkan\u0131 ve Hizmet-\u0130\u015f Sendikas\u0131 Mersin \u015eube Ba\u015fkan\u0131 Mehmet Y\u00fcce, &#8220;1 May\u0131s\u2019ta eme\u011fin hak etti\u011fi de\u011feri g\u00f6rmesi, \u00e7al\u0131\u015fma hayat\u0131nda adaletin g\u00fc\u00e7lendirilmesi, sendikal hak ve \u00f6zg\u00fcrl\u00fcklerin g\u00fcvence alt\u0131na al\u0131nmas\u0131 ancak bar\u0131\u015f, karde\u015flik ve toplumsal dayan\u0131\u015fma yoluyla m\u00fcmk\u00fcn. Bizler bug\u00fcn burada; sava\u015fa, zulme, s\u00f6m\u00fcr\u00fcye ve adaletsizli\u011fe kar\u015f\u0131 ses y\u00fckseltmek; birlik, m\u00fccadele ve dayan\u0131\u015fma irademizi meydanlardan hayk\u0131rmak i\u00e7in bir araday\u0131z. HAK-\u0130\u015e Konfederasyonu olarak, \u015fiddetin, ter\u00f6r\u00fcn, sava\u015f\u0131n ve her t\u00fcrl\u00fc \u00e7at\u0131\u015fma ortam\u0131n\u0131n kar\u015f\u0131s\u0131nda, bar\u0131\u015f\u0131n, karde\u015fli\u011fin, dayan\u0131\u015fman\u0131n ve demokratik zeminde g\u00fc\u00e7lenen Ter\u00f6rs\u00fcz Bir T\u00fcrkiye\u2019nin yan\u0131nda oldu\u011fumuzu a\u00e7\u0131k\u00e7a ifade ediyoruz. \u00dccrette adalet, vergide hakkaniyet, i\u015fte g\u00fcvence ve sosyal adalet i\u00e7in meydanlarday\u0131z. T\u00fcm emek\u00e7ilerin \u00fccretlerinin enflasyona kar\u015f\u0131 korunmas\u0131n\u0131, emek\u00e7ilerin ve emeklilerin milli gelirden ald\u0131\u011f\u0131 pay\u0131n art\u0131r\u0131lmas\u0131n\u0131, refah\u0131n adil payla\u015f\u0131lmas\u0131n\u0131 istiyoruz.&#8221; dedi.<\/div>\n<div dir=\"ltr\"><\/div>\n<div dir=\"ltr\"><\/div>\n<div dir=\"ltr\">&#8220;Sendikal hak ve i\u015f g\u00fcvencesi eme\u011fin g\u00fcvencesidir&#8221;<\/div>\n<div dir=\"ltr\"><\/div>\n<div dir=\"ltr\"><\/div>\n<div dir=\"ltr\">Asgari \u00dccret Tespit Komisyonu\u2019nun demokratik, kat\u0131l\u0131mc\u0131 ve \u00e7o\u011fulcu bir anlay\u0131\u015fla yeniden yap\u0131land\u0131r\u0131lmas\u0131n\u0131; aile y\u00fck\u00fcml\u00fcl\u00fcklerini dikkate alan adil, hakkaniyetli ve s\u00fcrd\u00fcr\u00fclebilir bir vergi sisteminin hayata ge\u00e7irilmesini talep eden Y\u00fcce, &#8220;Sendikal hak ve i\u015f g\u00fcvencesi eme\u011fin g\u00fcvencesidir; eme\u011fin g\u00fcvencesi i\u00e7in te\u015fkilat\u0131m\u0131zla birlikte alanlarday\u0131z. Sendikal haklar\u0131n g\u00fc\u00e7lendirilmesini, \u00f6rg\u00fctlenmenin \u00f6n\u00fcndeki engellerin kald\u0131r\u0131lmas\u0131n\u0131 ve sendikal\u0131 i\u015fyerlerinin te\u015fvik edilmesini istiyoruz. Toplu i\u015f s\u00f6zle\u015fmesi yetki tespit s\u00fcrecinin h\u0131zl\u0131, \u015feffaf ve adil bi\u00e7imde sonu\u00e7land\u0131r\u0131lmas\u0131n\u0131; t\u00fcm \u00e7al\u0131\u015fanlar i\u00e7in g\u00fc\u00e7l\u00fc ve etkin bir i\u015f g\u00fcvencesi sisteminin kurulmas\u0131n\u0131 talep ediyoruz. \u0130\u015fe iade davalar\u0131n\u0131n ivedilikle sonu\u00e7lanmas\u0131n\u0131, \u00e7al\u0131\u015fma hayat\u0131ndaki uyu\u015fmazl\u0131klarda i\u015f\u00e7i haklar\u0131n\u0131 esas alan etkili bir \u00e7\u00f6z\u00fcm mekanizmas\u0131n\u0131n olu\u015fturulmas\u0131n\u0131 istiyoruz. Haks\u0131z yere i\u015finden edilen emek\u00e7ilerin i\u015flerine d\u00f6nmesi i\u00e7in y\u00fcr\u00fct\u00fclen hakl\u0131 sendikal m\u00fccadeleyi selaml\u0131yor; grevde, direni\u015fte ve hak m\u00fccadelesinde olan t\u00fcm sendikalar\u0131m\u0131z\u0131 ve emek\u00e7ilerimizi destekledi\u011fimizi ifade ediyoruz. K\u0131dem tazminat\u0131 yeni g\u00fcvenceler ile geli\u015ftirilerek korunsun istiyoruz. Kay\u0131t d\u0131\u015f\u0131 istihdamla m\u00fccadele g\u00fc\u00e7lendirilmeli, \u00e7ocuk i\u015f\u00e7ili\u011fi ve istismar\u0131 tamamen \u00f6nlenmelidir. Kad\u0131n, gen\u00e7 ve engellilerin istihdama kat\u0131l\u0131m\u0131 art\u0131r\u0131lmal\u0131; e\u011fitim-istihdam ge\u00e7i\u015fi ve staj\/\u00e7\u0131rakl\u0131k s\u00fcre\u00e7leri g\u00fcvence alt\u0131na al\u0131nmal\u0131d\u0131r. Dijitalle\u015fme ve iklim politikalar\u0131nda adil ge\u00e7i\u015f sa\u011flanmal\u0131; \u00e7al\u0131\u015fanlar e\u011fitimle desteklenmeli ve ye\u015fil i\u015fler art\u0131r\u0131lmal\u0131d\u0131r. G\u00f6\u00e7men ve m\u00fcltecilere y\u00f6nelik uyum odakl\u0131 politikalar geli\u015ftirilmelidir.&#8221; \u015feklinde konu\u015ftu.<\/div>\n<div dir=\"ltr\"><\/div>\n<div dir=\"ltr\"><\/div>\n<div dir=\"ltr\">&#8220;\u0130\u015f Mevzuat\u0131n\u0131n g\u00fcncel sorunlar\u0131na kal\u0131c\u0131 \u00e7\u00f6z\u00fcmler \u00fcretilmesini istiyoruz&#8221;<\/div>\n<div dir=\"ltr\"><\/div>\n<div dir=\"ltr\"><\/div>\n<div>Y\u00fcce \u015f\u00f6yle devam etti;<\/div>\n<div>&#8220;\u0130\u015f Mevzuat\u0131n\u0131n g\u00fcncel sorunlar\u0131na kal\u0131c\u0131 \u00e7\u00f6z\u00fcmler \u00fcretilmesini istiyoruz. Ev i\u015f\u00e7ileri, bak\u0131m i\u015f\u00e7ileri ve tar\u0131m i\u015f\u00e7ileri ba\u015fta olmak \u00fczere atipik \u00e7al\u0131\u015fanlar\u0131n sosyal g\u00fcvenlik haklar\u0131n\u0131n g\u00fc\u00e7lendirilmesini, i\u015f hukuku haklar\u0131na eri\u015fimlerinin sa\u011flanmas\u0131n\u0131 ve sendikal engellerin kald\u0131r\u0131lmas\u0131n\u0131 istiyoruz. \u0130\u015f kazalar\u0131n\u0131n ve meslek hastal\u0131klar\u0131n\u0131n \u00f6nlendi\u011fi, belgeli \u00e7al\u0131\u015fma k\u00fclt\u00fcr\u00fcne sahip, g\u00fcvenli ve sa\u011fl\u0131kl\u0131 i\u015fyerleri istiyoruz. ILO\u2019nun C-190 say\u0131l\u0131 S\u00f6zle\u015fmesi onaylanmal\u0131, i\u015fyerlerinde \u015fiddet, mobbing ve tacize kar\u015f\u0131 s\u0131f\u0131r tolerans politikas\u0131 hayata ge\u00e7irilmelidir. Sosyal diyalog mekanizmalar\u0131 g\u00fc\u00e7lendirilmeli, Ekonomik ve Sosyal Konsey ile \u00fc\u00e7l\u00fc yap\u0131lar etkin \u015fekilde i\u015fletilmelidir. Emeklilik mevzuat\u0131n\u0131n adil ve gelir g\u00fcvencesi sa\u011flayacak \u015fekilde iyile\u015ftirilmesini istiyoruz. \u00c7al\u0131\u015famayan veya geliri yetersiz vatanda\u015flar\u0131m\u0131za bireyi esas alan d\u00fczenli asgari gelir yard\u0131m\u0131 sistemi kurulmas\u0131n\u0131 talep ediyoruz.696 Say\u0131l\u0131 KHK kapsam\u0131 d\u0131\u015f\u0131nda b\u0131rak\u0131lan i\u015f\u00e7ilerin kadroya al\u0131nmas\u0131n\u0131 istiyoruz. 6772 say\u0131l\u0131 Kanun uyar\u0131nca mahalli idarelerin i\u015ftiraklerinde veya \u015firketlerindeki i\u015f\u00e7iler i\u00e7in 52 g\u00fcnl\u00fck ilave tediyelerin \u00f6denmesini istiyoruz. 696 Say\u0131l\u0131 KHK kapsam\u0131nda kadroya ge\u00e7en i\u015f\u00e7ilerin \u00f6zl\u00fck haklar\u0131n\u0131n iyile\u015ftirilmesini, tayin, nakil ve becayi\u015f haklar\u0131na ili\u015fkin Anayasa Mahkemesinin iptal karar\u0131 do\u011frultusunda yasal bir d\u00fczenlemenin ivedilikle yap\u0131lmas\u0131n\u0131 istiyoruz. Kamu i\u015f\u00e7ileri aras\u0131ndaki \u00fccret ve stat\u00fc farkl\u0131l\u0131klar\u0131n\u0131n giderilmesini istiyoruz. Ba\u015fta \u00c7AYKUR olmak \u00fczere, mevsimlik i\u015f\u00e7ilerin mevcut 6 ayl\u0131k \u00e7al\u0131\u015fma s\u00fcreleri yerine, 11 ay 29 g\u00fcne kadar \u00e7al\u0131\u015fabilecekleri kal\u0131c\u0131 ve s\u00fcrd\u00fcr\u00fclebilir bir modelin hayata ge\u00e7irilmesini talep ediyoruz.&#8221;<\/div>\n<div><\/div>\n<div><\/div>\n<div>&#8220;T\u00fcm emek\u00e7ileri \u00f6rg\u00fctl\u00fc m\u00fccadelenin \u00e7at\u0131s\u0131 alt\u0131nda birle\u015fmeye davet ediyoruz&#8221;<\/div>\n<div><\/div>\n<div><\/div>\n<div>&#8220;Kamu kurum ve kurulu\u015flar\u0131nda \u00e7al\u0131\u015fan mevsimlik, ge\u00e7ici ve kampanya i\u015f\u00e7ilerinin i\u015f akitlerinin ask\u0131da oldu\u011fu d\u00f6nemler i\u00e7in sosyal g\u00fcvenlik ve gelir deste\u011fi mekanizmalar\u0131n\u0131n olu\u015fturulmas\u0131n\u0131 istiyoruz. HAK-\u0130\u015e olarak biz; daha fazla dayan\u0131\u015fma, daha \u00e7ok refah, g\u00fcvenceli istihdam, g\u00fc\u00e7l\u00fc sosyal g\u00fcvenlik, sa\u011flam i\u015f g\u00fcvencesi ve ger\u00e7ek bir sosyal adalet i\u00e7in m\u00fccadele ediyoruz. T\u00fcm emek\u00e7ileri \u00f6rg\u00fctl\u00fc m\u00fccadelenin \u00e7at\u0131s\u0131 alt\u0131nda birle\u015fmeye davet ediyoruz. Kahramanmara\u015f ve \u015eanl\u0131urfa\u2019da okullarda ya\u015fanan sald\u0131r\u0131lar\u0131 k\u0131n\u0131yoruz. \u00c7ocuklar\u0131m\u0131z\u0131n ve \u00f6\u011fretmenlerimizin g\u00fcvenli\u011fi k\u0131rm\u0131z\u0131 \u00e7izgimizdir. Okullarda meydana gelen bu sald\u0131r\u0131lar\u0131n tekrar ya\u015fanmamas\u0131 i\u00e7in sorunun t\u00fcm taraflar\u0131n i\u015f birli\u011fiyle kal\u0131c\u0131 bir bi\u00e7imde \u00e7\u00f6z\u00fclmesini istiyoruz. 1 May\u0131s\u2019ta meydanlardan b\u00fct\u00fcn d\u00fcnyaya sesleniyoruz: Sava\u015fa hay\u0131r, zulme hay\u0131r, soyk\u0131r\u0131ma hay\u0131r! HAK-\u0130\u015e olarak, d\u00fcnyan\u0131n d\u00f6rt bir yan\u0131nda zulme u\u011frayan mazlumlar\u0131n yan\u0131nday\u0131z. Ba\u015fta Filistin ve Gazze olmak \u00fczere; Do\u011fu T\u00fcrkistan\u2019da, Arakan\u2019da, Ukrayna\u2019da L\u00fcbnan\u2019da, \u0130ran\u2019da ve Sudan\u2019da emek\u00e7ilerin ve masum insanlar\u0131n temel hak ve \u00f6zg\u00fcrl\u00fcklerinden mahrum b\u0131rak\u0131ld\u0131\u011f\u0131; a\u011f\u0131r insan haklar\u0131 ihlallerinin, zorla yerinden edilmelerin, sald\u0131r\u0131 ve soyk\u0131r\u0131mlar\u0131n ya\u015fand\u0131\u011f\u0131 bir tabloyla kar\u015f\u0131 kar\u015f\u0131yay\u0131z. Bug\u00fcn sava\u015flar\u0131n, darbelerin, i\u015fgallerin ve insanl\u0131k dramlar\u0131n\u0131n derinle\u015fti\u011fi her yerde, en a\u011f\u0131r bedeli emek\u00e7iler ve savunmas\u0131z halklar \u00f6demektedir. \u0130nsan onuru, ya\u015fam hakk\u0131 ve uluslararas\u0131 hukuk a\u00e7\u0131k\u00e7a ihlal edilmektedir.&#8221;<\/div>\n<div><\/div>\n<div>&#8220;Filistin\u2019in \u00f6zg\u00fcrl\u00fc\u011f\u00fc i\u00e7in m\u00fccadele edenleri dayan\u0131\u015fma duygular\u0131m\u0131zla selaml\u0131yoruz&#8221;<\/div>\n<div><\/div>\n<div>&#8220;B\u00f6lgesel bar\u0131\u015f\u0131 tehdit eden i\u015fgal, m\u00fcdahale ve sald\u0131r\u0131lar\u0131 en g\u00fc\u00e7l\u00fc \u015fekilde k\u0131n\u0131yor; uluslararas\u0131 toplumu sivillerin korunmas\u0131, insani yard\u0131m\u0131n kesintisiz ula\u015ft\u0131r\u0131lmas\u0131, sava\u015f su\u00e7lar\u0131n\u0131n cezaland\u0131r\u0131lmas\u0131 ve kal\u0131c\u0131 bar\u0131\u015f\u0131n tesisi i\u00e7in sorumluluk almaya \u00e7a\u011f\u0131r\u0131yoruz. \u0130nsani, vicdani ve k\u00fcresel bir dayan\u0131\u015fma hareketi olan SUMUD Filosu\u2019na selam olsun. HAK-\u0130\u015e Konfederasyonumuz ba\u015fta olmak \u00fczere, d\u00fcnyan\u0131n d\u00f6rt bir yan\u0131ndan 100\u2019\u00fc a\u015fk\u0131n \u00fclkeden 3.000\u2019den fazla kat\u0131l\u0131mc\u0131n\u0131n ve 100\u2019\u00fc a\u015fk\u0131n geminin yer ald\u0131\u011f\u0131 K\u00fcresel SUMUD Filosu ile Gazze i\u00e7in yola \u00e7\u0131kan aktivistleri, insani yard\u0131mlar\u0131 ula\u015ft\u0131ranlar\u0131, zulme kar\u015f\u0131 direnenleri ve Filistin\u2019in \u00f6zg\u00fcrl\u00fc\u011f\u00fc i\u00e7in m\u00fccadele edenleri dayan\u0131\u015fma duygular\u0131m\u0131zla selaml\u0131yoruz. K\u00fcresel SUMUD Filosuna kat\u0131lan ba\u015fta HAK-\u0130\u015e Kad\u0131n Komitesi Ba\u015fkan\u0131m\u0131z Fatma Zengin olmak \u00fczere, bu k\u00fcresel vicdan seferberli\u011fi i\u00e7in yola \u00e7\u0131kan t\u00fcm aktivistlere selam olsun. \u00dclkemizin huzuru ve g\u00fcvenli\u011fi i\u00e7in fedak\u00e2rca g\u00f6rev yapan, bu u\u011furda can\u0131n\u0131 ortaya koyan t\u00fcm \u015fehitlerimizi ve gazilerimizi rahmet, minnet ve \u015f\u00fckranla an\u0131yoruz. \u0130\u015f kazalar\u0131 ve meslek hastal\u0131klar\u0131 sonucu hayat\u0131n\u0131 kaybeden emek\u00e7ilerimizi sayg\u0131yla yad ediyor; yaralanan ve meslek hastal\u0131\u011f\u0131 ya\u015fayan i\u015f\u00e7i karde\u015flerimize acil \u015fifalar diliyoruz&#8221;&#8221;<\/div>\n","protected":false},"excerpt":{"rendered":"<p>HAK-\u0130\u015e Konfederasyonu \u00fcyeleri, \u00d6zg\u00fcr \u00c7ocuk Park\u0131&#8217;nda toplanarak 1 May\u0131s bildirisi payla\u015ft\u0131. HAK-\u0130\u015e Konfederasyonu Mersin \u0130l Ba\u015fkan\u0131 ve Hizmet-\u0130\u015f Sendikas\u0131 Mersin \u015eube Ba\u015fkan\u0131 Mehmet Y\u00fcce, &#8220;1 May\u0131s\u2019ta eme\u011fin hak etti\u011fi de\u011feri g\u00f6rmesi, \u00e7al\u0131\u015fma hayat\u0131nda adaletin g\u00fc\u00e7lendirilmesi, sendikal hak ve \u00f6zg\u00fcrl\u00fcklerin g\u00fcvence alt\u0131na al\u0131nmas\u0131 ancak bar\u0131\u015f, karde\u015flik ve toplumsal dayan\u0131\u015fma yoluyla m\u00fcmk\u00fcn. Bizler bug\u00fcn burada; sava\u015fa, zulme, [&hellip;]<\/p>\n","protected":false},"author":2,"featured_media":131973,"comment_status":"open","ping_status":"open","sticky":false,"template":"","format":"standard","meta":{"footnotes":""},"categories":[1],"tags":[],"class_list":["post-131972","post","type-post","status-publish","format-standard","has-post-thumbnail","hentry","category-gundem"],"views":81,"_links":{"self":[{"href":"https:\/\/mersingazetesi.com\/index.php\/wp-json\/wp\/v2\/posts\/131972","targetHints":{"allow":["GET"]}}],"collection":[{"href":"https:\/\/mersingazetesi.com\/index.php\/wp-json\/wp\/v2\/posts"}],"about":[{"href":"https:\/\/mersingazetesi.com\/index.php\/wp-json\/wp\/v2\/types\/post"}],"author":[{"embeddable":true,"href":"https:\/\/mersingazetesi.com\/index.php\/wp-json\/wp\/v2\/users\/2"}],"replies":[{"embeddable":true,"href":"https:\/\/mersingazetesi.com\/index.php\/wp-json\/wp\/v2\/comments?post=131972"}],"version-history":[{"count":1,"href":"https:\/\/mersingazetesi.com\/index.php\/wp-json\/wp\/v2\/posts\/131972\/revisions"}],"predecessor-version":[{"id":131974,"href":"https:\/\/mersingazetesi.com\/index.php\/wp-json\/wp\/v2\/posts\/131972\/revisions\/131974"}],"wp:featuredmedia":[{"embeddable":true,"href":"https:\/\/mersingazetesi.com\/index.php\/wp-json\/wp\/v2\/media\/131973"}],"wp:attachment":[{"href":"https:\/\/mersingazetesi.com\/index.php\/wp-json\/wp\/v2\/media?parent=131972"}],"wp:term":[{"taxonomy":"category","embeddable":true,"href":"https:\/\/mersingazetesi.com\/index.php\/wp-json\/wp\/v2\/categories?post=131972"},{"taxonomy":"post_tag","embeddable":true,"href":"https:\/\/mersingazetesi.com\/index.php\/wp-json\/wp\/v2\/tags?post=131972"}],"curies":[{"name":"wp","href":"https:\/\/api.w.org\/{rel}","templated":true}]}}