{"id":131969,"date":"2026-04-30T12:06:31","date_gmt":"2026-04-30T09:06:31","guid":{"rendered":"https:\/\/mersingazetesi.com\/?p=131969"},"modified":"2026-04-30T12:06:31","modified_gmt":"2026-04-30T09:06:31","slug":"chpli-gulcan-kis-bu-ulkede-calismak-hayatta-kalma-mucadelesine-donustu","status":"publish","type":"post","link":"https:\/\/mersingazetesi.com\/index.php\/2026\/04\/30\/chpli-gulcan-kis-bu-ulkede-calismak-hayatta-kalma-mucadelesine-donustu\/","title":{"rendered":"CHP&#8217;L\u0130 G\u00dcLCAN KI\u015e: &#8220;BU \u00dcLKEDE \u00c7ALI\u015eMAK HAYATTA KALMA M\u00dcCADELES\u0130NE D\u00d6N\u00dc\u015eT\u00dc&#8221;"},"content":{"rendered":"<div>\n<div lang=\"TR\">\n<div class=\"v1x_WordSection1\">\n<p class=\"v1x_MsoNormal\">CHP Mersin Milletvekili G\u00fclcan K\u0131\u015f, 1 May\u0131s Emek ve Dayan\u0131\u015fma G\u00fcn\u00fc \u00f6ncesi yapt\u0131\u011f\u0131 a\u00e7\u0131klamada hayat pahal\u0131l\u0131\u011f\u0131, g\u00fcvencesizlik ve bask\u0131lar alt\u0131nda ezilen emek\u00e7ilerin sesi oldu: &#8220;Asgari \u00fccret 28.075 lira ama ge\u00e7im m\u00fcmk\u00fcn de\u011fil. Eme\u011fin hakk\u0131 teslim edilmeden bu \u00fclkeye adalet gelmez.&#8221;<\/p>\n<p class=\"v1x_MsoNormal\">\n<p class=\"v1x_MsoNormal\"><b>&#8220;Milyonlar ge\u00e7im derdiyle m\u00fccadele ediyor&#8221;<\/b><\/p>\n<p class=\"v1x_MsoNormal\">CHP Mersin Milletvekili G\u00fclcan K\u0131\u015f, 1 May\u0131s dolay\u0131s\u0131yla yapt\u0131\u011f\u0131 yaz\u0131l\u0131 a\u00e7\u0131klamada T\u00fcrkiye&#8217;de emek\u00e7ilerin her ge\u00e7en g\u00fcn daha a\u011f\u0131r ko\u015fullar alt\u0131nda ya\u015fam m\u00fccadelesi verdi\u011fini vurgulad\u0131. Sabah\u0131n erken saatlerinde i\u015fe giden milyonlarca insan\u0131n, ak\u015fam eve d\u00f6nerken ay sonunu nas\u0131l getirece\u011fini d\u00fc\u015f\u00fcnd\u00fc\u011f\u00fcn\u00fc belirten K\u0131\u015f, hayat pahal\u0131l\u0131\u011f\u0131n\u0131n eme\u011fin de\u011ferini her g\u00fcn biraz daha a\u015f\u0131nd\u0131rd\u0131\u011f\u0131n\u0131 ifade etti.<\/p>\n<p class=\"v1x_MsoNormal\">&#8220;Asgari \u00fccret 28.075 lira. Ka\u011f\u0131t \u00fczerinde artan \u00fccretler, mutfakta eriyor&#8221; diyen K\u0131\u015f, kiraya, faturaya ve temel g\u0131da harcamalar\u0131na yeti\u015femeyen milyonlar\u0131n art\u0131k ge\u00e7im de\u011fil, hayatta kalma m\u00fccadelesi verdi\u011fini s\u00f6yledi. &#8220;Hayat pahal\u0131l\u0131\u011f\u0131 alt\u0131nda ezilen, eme\u011finin kar\u015f\u0131l\u0131\u011f\u0131n\u0131 alamayan, aylarca maa\u015f\u0131n\u0131 bekleyen i\u015f\u00e7iler var. Bug\u00fcn T\u00fcrkiye&#8217;de \u00e7al\u0131\u015fmak, insanca ya\u015famak i\u00e7in de\u011fil, ayakta kalabilmek i\u00e7in verilen bir m\u00fccadeleye d\u00f6n\u00fc\u015fm\u00fc\u015f durumda&#8221; ifadelerini kulland\u0131.<\/p>\n<p class=\"v1x_MsoNormal\">\n<p class=\"v1x_MsoNormal\"><b>&#8220;1 May\u0131s yaln\u0131zca emek de\u011fil, t\u00fcm haklar\u0131n g\u00fcn\u00fcd\u00fcr&#8221;<\/b><\/p>\n<p class=\"v1x_MsoNormal\">K\u0131\u015f, 1 May\u0131s&#8217;\u0131n yaln\u0131zca bir anma g\u00fcn\u00fc olmad\u0131\u011f\u0131n\u0131, ayn\u0131 zamanda toplumsal adaletin ve demokratik haklar\u0131n g\u00fc\u00e7l\u00fc bi\u00e7imde dile getirildi\u011fi bir g\u00fcn oldu\u011funu vurgulad\u0131. T\u00fcrkiye&#8217;de emek m\u00fccadelesinin yaln\u0131zca \u00fccretle s\u0131n\u0131rl\u0131 olmad\u0131\u011f\u0131n\u0131 belirten K\u0131\u015f, g\u00fcvencesizlik, adaletsizlik ve geleceksizlik sorunlar\u0131n\u0131n da b\u00fcy\u00fcd\u00fc\u011f\u00fcne dikkat \u00e7ekti.<\/p>\n<p class=\"v1x_MsoNormal\">&#8220;T\u00fcrkiye&#8217;de 1 May\u0131s; eme\u011fin yan\u0131 s\u0131ra adaletin, demokrasinin, e\u015fitli\u011fin ve \u00f6zg\u00fcrl\u00fcklerin de talep edildi\u011fi bir g\u00fcnd\u00fcr&#8221; diyen K\u0131\u015f, i\u015f\u00e7ilerin yaln\u0131zca daha iyi \u00fccret de\u011fil, ayn\u0131 zamanda insanca ya\u015fam ko\u015fullar\u0131 talep etti\u011fini ifade etti.<\/p>\n<p class=\"v1x_MsoNormal\">\n<p class=\"v1x_MsoNormal\"><b>&#8220;Hak arayan i\u015f\u00e7iye bask\u0131 uygulan\u0131yor&#8221;<\/b><\/p>\n<p class=\"v1x_MsoNormal\">A\u00e7\u0131klamas\u0131nda i\u015f\u00e7ilerin demokratik haklar\u0131na y\u00f6nelik bask\u0131lara da de\u011finen K\u0131\u015f, grevlerin yasakland\u0131\u011f\u0131n\u0131 ve hak arayan emek\u00e7ilerin engellendi\u011fini belirtti. &#8220;Hak arayan i\u015f\u00e7iye biber gaz\u0131 s\u0131k\u0131lan bir d\u00fczende adaletten s\u00f6z edilemez&#8221; diyen K\u0131\u015f, t\u00fcm bask\u0131lara ra\u011fmen eme\u011fin sesinin susturulamayaca\u011f\u0131n\u0131 vurgulad\u0131.<\/p>\n<p class=\"v1x_MsoNormal\">&#8220;Ancak bilinmelidir ki eme\u011fin sesini k\u0131smaya hi\u00e7bir bask\u0131 yetmez. \u00c7\u00fcnk\u00fc bu \u00fclke, al\u0131n teriyle ayakta duranlar\u0131n \u00fclkesidir&#8221; ifadelerini kulland\u0131.<\/p>\n<p class=\"v1x_MsoNormal\">\n<p class=\"v1x_MsoNormal\"><b>&#8220;Alanlarda olmaya devam edece\u011fiz&#8221;<\/b><\/p>\n<p class=\"v1x_MsoNormal\">K\u0131\u015f, a\u00e7\u0131klamas\u0131n\u0131n sonunda 1 May\u0131s&#8217;ta emek\u00e7ilerle birlikte alanlarda olacaklar\u0131n\u0131 belirterek, eme\u011fin onurunu savunmaya devam edeceklerini s\u00f6yledi. 1 May\u0131s&#8217;\u0131n dayan\u0131\u015fman\u0131n ve ortak m\u00fccadelenin simgesi oldu\u011funu vurgulayan K\u0131\u015f, \u015fu de\u011ferlendirmede bulundu:<\/p>\n<p class=\"v1x_MsoNormal\">&#8220;1 May\u0131s; eme\u011fin, al\u0131n terinin ve dayan\u0131\u015fman\u0131n g\u00fcn\u00fcd\u00fcr. Ayn\u0131 zamanda insanca ya\u015fam talebinin en g\u00fc\u00e7l\u00fc \u015fekilde dile getirildi\u011fi g\u00fcnd\u00fcr. Bizler de bu bilin\u00e7le, bu sorumlulukla 1 May\u0131s&#8217;ta alanlarda olaca\u011f\u0131z. \u0130\u015f\u00e7inin hakk\u0131n\u0131 savunmaya, eme\u011fin onurunu korumaya devam edece\u011fiz.&#8221;<\/p>\n<p class=\"v1x_MsoNormal\">\n<p class=\"v1x_MsoNormal\"><b>&#8220;Eme\u011fin hakk\u0131 teslim edilmeden refah m\u00fcmk\u00fcn de\u011fil&#8221;<\/b><\/p>\n<p class=\"v1x_MsoNormal\">CHP&#8217;li K\u0131\u015f, T\u00fcrkiye&#8217;de ger\u00e7ek refah\u0131n ancak eme\u011fin hak etti\u011fi de\u011feri g\u00f6rmesiyle m\u00fcmk\u00fcn olaca\u011f\u0131n\u0131 belirterek a\u00e7\u0131klamas\u0131n\u0131 \u015fu s\u00f6zlerle tamamlad\u0131:<\/p>\n<p class=\"v1x_p1\">&#8220;Bu \u00fclkenin ger\u00e7ek g\u00fcc\u00fc emek\u00e7ileridir. Onlar\u0131n hakk\u0131 teslim edilmeden ne ekonomik kriz a\u015f\u0131labilir ne de toplumsal bar\u0131\u015f sa\u011flanabilir. Eme\u011fin de\u011fersizle\u015ftirildi\u011fi bir d\u00fczende refah da adalet de m\u00fcmk\u00fcn de\u011fildir.<b>\u00a0<\/b>Ya\u015fas\u0131n 1 May\u0131s! Ya\u015fas\u0131n emek, e\u015fitlik ve adalet m\u00fccadelesi!&#8221;<\/p>\n<p class=\"v1x_p1\">\n<\/div>\n<\/div>\n<\/div>\n<div>\n<div lang=\"TR\">\n<div class=\"v1x_WordSection1\">\n<p class=\"v1x_p1\">\n<p class=\"v1x_p1\">\n<\/div>\n<\/div>\n<\/div>\n","protected":false},"excerpt":{"rendered":"<p>CHP Mersin Milletvekili G\u00fclcan K\u0131\u015f, 1 May\u0131s Emek ve Dayan\u0131\u015fma G\u00fcn\u00fc \u00f6ncesi yapt\u0131\u011f\u0131 a\u00e7\u0131klamada hayat pahal\u0131l\u0131\u011f\u0131, g\u00fcvencesizlik ve bask\u0131lar alt\u0131nda ezilen emek\u00e7ilerin sesi oldu: &#8220;Asgari \u00fccret 28.075 lira ama ge\u00e7im m\u00fcmk\u00fcn de\u011fil. Eme\u011fin hakk\u0131 teslim edilmeden bu \u00fclkeye adalet gelmez.&#8221; &#8220;Milyonlar ge\u00e7im derdiyle m\u00fccadele ediyor&#8221; CHP Mersin Milletvekili G\u00fclcan K\u0131\u015f, 1 May\u0131s dolay\u0131s\u0131yla yapt\u0131\u011f\u0131 yaz\u0131l\u0131 [&hellip;]<\/p>\n","protected":false},"author":2,"featured_media":131970,"comment_status":"open","ping_status":"open","sticky":false,"template":"","format":"standard","meta":{"footnotes":""},"categories":[1],"tags":[],"class_list":["post-131969","post","type-post","status-publish","format-standard","has-post-thumbnail","hentry","category-gundem"],"views":70,"_links":{"self":[{"href":"https:\/\/mersingazetesi.com\/index.php\/wp-json\/wp\/v2\/posts\/131969","targetHints":{"allow":["GET"]}}],"collection":[{"href":"https:\/\/mersingazetesi.com\/index.php\/wp-json\/wp\/v2\/posts"}],"about":[{"href":"https:\/\/mersingazetesi.com\/index.php\/wp-json\/wp\/v2\/types\/post"}],"author":[{"embeddable":true,"href":"https:\/\/mersingazetesi.com\/index.php\/wp-json\/wp\/v2\/users\/2"}],"replies":[{"embeddable":true,"href":"https:\/\/mersingazetesi.com\/index.php\/wp-json\/wp\/v2\/comments?post=131969"}],"version-history":[{"count":1,"href":"https:\/\/mersingazetesi.com\/index.php\/wp-json\/wp\/v2\/posts\/131969\/revisions"}],"predecessor-version":[{"id":131971,"href":"https:\/\/mersingazetesi.com\/index.php\/wp-json\/wp\/v2\/posts\/131969\/revisions\/131971"}],"wp:featuredmedia":[{"embeddable":true,"href":"https:\/\/mersingazetesi.com\/index.php\/wp-json\/wp\/v2\/media\/131970"}],"wp:attachment":[{"href":"https:\/\/mersingazetesi.com\/index.php\/wp-json\/wp\/v2\/media?parent=131969"}],"wp:term":[{"taxonomy":"category","embeddable":true,"href":"https:\/\/mersingazetesi.com\/index.php\/wp-json\/wp\/v2\/categories?post=131969"},{"taxonomy":"post_tag","embeddable":true,"href":"https:\/\/mersingazetesi.com\/index.php\/wp-json\/wp\/v2\/tags?post=131969"}],"curies":[{"name":"wp","href":"https:\/\/api.w.org\/{rel}","templated":true}]}}