{"id":131966,"date":"2026-04-30T12:05:51","date_gmt":"2026-04-30T09:05:51","guid":{"rendered":"https:\/\/mersingazetesi.com\/?p=131966"},"modified":"2026-04-30T12:05:51","modified_gmt":"2026-04-30T09:05:51","slug":"baskan-yildiz-uretici-ve-koylu-pazarinda-vatandaslarla-bulustu","status":"publish","type":"post","link":"https:\/\/mersingazetesi.com\/index.php\/2026\/04\/30\/baskan-yildiz-uretici-ve-koylu-pazarinda-vatandaslarla-bulustu\/","title":{"rendered":"BA\u015eKAN YILDIZ, \u00dcRET\u0130C\u0130 VE K\u00d6YL\u00dc PAZARINDA VATANDA\u015eLARLA BULU\u015eTU"},"content":{"rendered":"<div id=\"message-htmlpart1\" class=\"message-htmlpart\">\n<div id=\"message-htmlpart1\" class=\"rcmBody\">\n<div dir=\"ltr\">\n<div class=\"v1gmail_quote v1gmail_quote_container\">\n<div dir=\"ltr\">\n<p class=\"v1MsoNormal\"><b>Toroslar Belediye Ba\u015fkan\u0131 Abdurrahman Y\u0131ld\u0131z, her hafta Per\u015fembe g\u00fcn\u00fc kurulan Toroslar \u00dcretici ve K\u00f6yl\u00fc Pazar\u0131&#8217;n\u0131 gezdi, pazarda al\u0131\u015fveri\u015f yapt\u0131.<\/b><\/p>\n<p class=\"v1MsoNormal\"><b>\u00a0<\/b><\/p>\n<p class=\"v1MsoNormal\">Mahalle ziyaretlerinin yan\u0131 s\u0131ra esnaf ve \u00fcreticilerle de s\u0131k s\u0131k bir araya gelen Ba\u015fkan Y\u0131ld\u0131z,<b>\u00a0<\/b>H\u00fcseyin Okan Merzeci Mahallesi Karaisal\u0131 Caddesi \u00fczerinde kurulan pazarda tezg\u00e2hlar\u0131 tek tek dola\u015farak pazar esnaf\u0131na hay\u0131rl\u0131 i\u015fler diledi, vatanda\u015flarla sohbet etti.<\/p>\n<p class=\"v1MsoNormal\">\n<p class=\"v1MsoNormal\">Ziyaret s\u0131ras\u0131nda tarladan sofraya uzanan do\u011fal \u00fcr\u00fcnlerin \u00f6nemine dikkat \u00e7eken Ba\u015fkan Y\u0131ld\u0131z, \u00fcretici ile t\u00fcketiciyi arac\u0131s\u0131z bulu\u015fturan pazarlar\u0131n hem ekonomik hem de sosyal a\u00e7\u0131dan b\u00fcy\u00fck de\u011fer ta\u015f\u0131d\u0131\u011f\u0131n\u0131 vurgulad\u0131.<\/p>\n<p class=\"v1MsoNormal\">\n<p class=\"v1MsoNormal\"><b>&#8220;\u00dcRET\u0130C\u0130M\u0130Z\u0130N EME\u011e\u0130 EN KIYMETL\u0130 DE\u011eER\u0130M\u0130ZD\u0130R&#8221;<\/b><\/p>\n<p class=\"v1MsoNormal\">\n<p class=\"v1MsoNormal\">Yerel \u00fcretimin desteklenmesinin il\u00e7enin kalk\u0131nmas\u0131ndaki rol\u00fcne de\u011finen Ba\u015fkan Y\u0131ld\u0131z, \u00e7ift\u00e7inin eme\u011finin kar\u015f\u0131l\u0131\u011f\u0131n\u0131 almas\u0131 i\u00e7in \u00e7al\u0131\u015fmalar\u0131n\u0131 s\u00fcrd\u00fcreceklerini belirterek, &#8220;\u00dcretici ve K\u00f6yl\u00fc Pazar\u0131m\u0131z, al\u0131n terinin ve eme\u011fin do\u011frudan kar\u015f\u0131l\u0131k buldu\u011fu \u00f6nemli bir bulu\u015fma noktas\u0131. Bu pazarda yer alan \u00fcr\u00fcnler \u00fcreticimizin tarlas\u0131ndan, bah\u00e7esinden geliyor. Hem \u00fcreticimiz kazan\u0131yor hem de vatanda\u015flar\u0131m\u0131z do\u011fal ve taze \u00fcr\u00fcnlere ula\u015fabiliyor.&#8221; dedi.<\/p>\n<p class=\"v1MsoNormal\">\n<p class=\"v1MsoNormal\">Pazar esnaf\u0131n\u0131n g\u00fclery\u00fcz\u00fc ve samimiyetiyle kar\u015f\u0131lanan Ba\u015fkan Y\u0131ld\u0131z, \u00fcreticilerin ve vatanda\u015flar\u0131n talep ve \u00f6nerilerini de dinledi.<\/p>\n<\/div>\n<\/div>\n<\/div>\n<\/div>\n<\/div>\n<p class=\"image-attachment\">\n","protected":false},"excerpt":{"rendered":"<p>Toroslar Belediye Ba\u015fkan\u0131 Abdurrahman Y\u0131ld\u0131z, her hafta Per\u015fembe g\u00fcn\u00fc kurulan Toroslar \u00dcretici ve K\u00f6yl\u00fc Pazar\u0131&#8217;n\u0131 gezdi, pazarda al\u0131\u015fveri\u015f yapt\u0131. \u00a0 Mahalle ziyaretlerinin yan\u0131 s\u0131ra esnaf ve \u00fcreticilerle de s\u0131k s\u0131k bir araya gelen Ba\u015fkan Y\u0131ld\u0131z,\u00a0H\u00fcseyin Okan Merzeci Mahallesi Karaisal\u0131 Caddesi \u00fczerinde kurulan pazarda tezg\u00e2hlar\u0131 tek tek dola\u015farak pazar esnaf\u0131na hay\u0131rl\u0131 i\u015fler diledi, vatanda\u015flarla sohbet etti. [&hellip;]<\/p>\n","protected":false},"author":2,"featured_media":131967,"comment_status":"open","ping_status":"open","sticky":false,"template":"","format":"standard","meta":{"footnotes":""},"categories":[1],"tags":[],"class_list":["post-131966","post","type-post","status-publish","format-standard","has-post-thumbnail","hentry","category-gundem"],"views":56,"_links":{"self":[{"href":"https:\/\/mersingazetesi.com\/index.php\/wp-json\/wp\/v2\/posts\/131966","targetHints":{"allow":["GET"]}}],"collection":[{"href":"https:\/\/mersingazetesi.com\/index.php\/wp-json\/wp\/v2\/posts"}],"about":[{"href":"https:\/\/mersingazetesi.com\/index.php\/wp-json\/wp\/v2\/types\/post"}],"author":[{"embeddable":true,"href":"https:\/\/mersingazetesi.com\/index.php\/wp-json\/wp\/v2\/users\/2"}],"replies":[{"embeddable":true,"href":"https:\/\/mersingazetesi.com\/index.php\/wp-json\/wp\/v2\/comments?post=131966"}],"version-history":[{"count":1,"href":"https:\/\/mersingazetesi.com\/index.php\/wp-json\/wp\/v2\/posts\/131966\/revisions"}],"predecessor-version":[{"id":131968,"href":"https:\/\/mersingazetesi.com\/index.php\/wp-json\/wp\/v2\/posts\/131966\/revisions\/131968"}],"wp:featuredmedia":[{"embeddable":true,"href":"https:\/\/mersingazetesi.com\/index.php\/wp-json\/wp\/v2\/media\/131967"}],"wp:attachment":[{"href":"https:\/\/mersingazetesi.com\/index.php\/wp-json\/wp\/v2\/media?parent=131966"}],"wp:term":[{"taxonomy":"category","embeddable":true,"href":"https:\/\/mersingazetesi.com\/index.php\/wp-json\/wp\/v2\/categories?post=131966"},{"taxonomy":"post_tag","embeddable":true,"href":"https:\/\/mersingazetesi.com\/index.php\/wp-json\/wp\/v2\/tags?post=131966"}],"curies":[{"name":"wp","href":"https:\/\/api.w.org\/{rel}","templated":true}]}}