{"id":131962,"date":"2026-04-30T11:59:59","date_gmt":"2026-04-30T08:59:59","guid":{"rendered":"https:\/\/mersingazetesi.com\/?p=131962"},"modified":"2026-04-30T11:59:59","modified_gmt":"2026-04-30T08:59:59","slug":"uluslararasi-politikada-orta-dogu-sempozyumu-gerceklestirildi","status":"publish","type":"post","link":"https:\/\/mersingazetesi.com\/index.php\/2026\/04\/30\/uluslararasi-politikada-orta-dogu-sempozyumu-gerceklestirildi\/","title":{"rendered":"Uluslararas\u0131 Politikada Orta Do\u011fu Sempozyumu Ger\u00e7ekle\u015ftirildi"},"content":{"rendered":"<p>Mersin \u00dcniversitesi Uluslararas\u0131 \u0130li\u015fkiler Toplulu\u011fu taraf\u0131ndan, Gen\u00e7lik ve Spor Bakanl\u0131\u011f\u0131 \u00dcN\u0130DES program\u0131 deste\u011fiyle d\u00fczenlenen \u201cUluslararas\u0131 Politikada Orta Do\u011fu Sempozyumu: Soyk\u0131r\u0131m ve Sava\u015f\u201d, 27 Nisan Pazartesi g\u00fcn\u00fc \u00c7iftlikk\u00f6y Kamp\u00fcs\u00fc Prof. Dr. U\u011fur Oral K\u00fclt\u00fcr Merkezi B Salonunda ger\u00e7ekle\u015ftirildi.<\/p>\n<p data-path-to-node=\"11\">Orta Do\u011fu\u2019da ya\u015fanan g\u00fcncel siyasal, hukuki ve g\u00fcvenlik geli\u015fmelerini akademik bir perspektifle ele almay\u0131 ama\u00e7layan sempozyumda; Filistin\u2019deki soyk\u0131r\u0131m, T\u00fcrkiye\u2019nin Orta Do\u011fu ve Filistin politikas\u0131, \u0130ran\u2019daki siyasal geli\u015fmeler, sava\u015f tart\u0131\u015fmalar\u0131, k\u00fcresel etkiler ve enerji jeopoliti\u011fi gibi ba\u015fl\u0131klar farkl\u0131 boyutlar\u0131yla de\u011ferlendirildi.<\/p>\n<p data-path-to-node=\"12\"><span data-path-to-node=\"12\" data-index-in-node=\"0\">Sempozyum Konuklar\u0131 Rekt\u00f6rl\u00fck Makam\u0131nda A\u011f\u0131rland\u0131<\/span><\/p>\n<p>Sempozyum \u00f6ncesinde programa kat\u0131lan konu\u015fmac\u0131lar, Rekt\u00f6r Prof. Dr. Erol Ya\u015far taraf\u0131ndan makam\u0131nda a\u011f\u0131rland\u0131. Ya\u015far, ba\u015fta AK Parti Kahramanmara\u015f Milletvekili Prof. Dr. Mehmet \u015eahin olmak \u00fczere davetli konu\u015fmac\u0131larla bir araya gelerek kendilerini \u00dcniversitemizde a\u011f\u0131rlamaktan duydu\u011fu memnuniyeti ifade etti.<\/p>\n<p data-path-to-node=\"14\"><span data-path-to-node=\"14\" data-index-in-node=\"0\">\u00d6\u011frencilerin Geli\u015fimine \u00dcN\u0130DES Deste\u011fi<\/span><\/p>\n<p>Sayg\u0131 duru\u015fu ve \u0130stiklal Mar\u015f\u0131\u2019n\u0131n okunmas\u0131yla ba\u015flayan program\u0131n a\u00e7\u0131\u015f konu\u015fmalar\u0131; sempozyum proje koordinat\u00f6r\u00fc Uluslararas\u0131 \u0130li\u015fkiler B\u00f6l\u00fcm\u00fc 2. s\u0131n\u0131f \u00f6\u011frencisi Zeliha Arda, ME\u00dc Uluslararas\u0131 \u0130li\u015fkiler Toplulu\u011fu Ba\u015fkan\u0131 Mehmet Erdo\u011fan \u015ean ile Uluslararas\u0131 \u0130li\u015fkiler B\u00f6l\u00fcm Ba\u015fkan\u0131 Prof. Dr. Azime Telli taraf\u0131ndan ger\u00e7ekle\u015ftirildi. A\u00e7\u0131\u015f konu\u015fmalar\u0131nda, \u00dcN\u0130DES deste\u011fiyle d\u00fczenlenen etkinli\u011fin \u00f6\u011frencilerin akademik, sosyal ve organizasyonel geli\u015fimine sundu\u011fu katk\u0131 vurguland\u0131.<\/p>\n<p data-path-to-node=\"15\"><span data-path-to-node=\"15\" data-index-in-node=\"0\">&#8220;Filistin\u2019de Soyk\u0131r\u0131m&#8221; ve T\u00fcrkiye&#8217;nin Politikas\u0131<\/span><\/p>\n<p>Sempozyumun ilk oturumu \u201cFilistin\u2019de Soyk\u0131r\u0131m\u201d ba\u015fl\u0131\u011f\u0131yla ger\u00e7ekle\u015ftirildi. Moderat\u00f6rl\u00fc\u011f\u00fcn\u00fc Do\u00e7. Dr. Bu\u011fra Sar\u0131\u2019n\u0131n yapt\u0131\u011f\u0131 oturumda; AK Parti Kahramanmara\u015f Milletvekili Prof. Dr. Mehmet \u015eahin \u201cT\u00fcrkiye\u2019nin Orta Do\u011fu ve Filistin Politikas\u0131\u201d, Do\u00e7. Dr. Murat T\u0131nas ise \u201cFilistin ve Orta Do\u011fu\u2019ya Yans\u0131malar\u0131\u201d ba\u015fl\u0131kl\u0131 konu\u015fmalar\u0131yla yer ald\u0131. Oturumda Filistin meselesi; T\u00fcrkiye\u2019nin d\u0131\u015f politikas\u0131, b\u00f6lgesel dengeler, uluslararas\u0131 hukuk, insani krizler ve Orta Do\u011fu\u2019daki g\u00fc\u00e7 m\u00fccadeleleri ba\u011flam\u0131nda ele al\u0131nd\u0131.<\/p>\n<p data-path-to-node=\"16\"><span data-path-to-node=\"16\" data-index-in-node=\"0\">&#8220;\u0130ran\u2019da Sava\u015f&#8221; \u0130htimali ve K\u00fcresel Etkileri<\/span><\/p>\n<p>K\u0131sa bir aran\u0131n ard\u0131ndan sempozyumun ikinci oturumu \u201c\u0130ran\u2019da Sava\u015f\u201d ba\u015fl\u0131\u011f\u0131yla yap\u0131ld\u0131. Moderat\u00f6rl\u00fc\u011f\u00fcn\u00fc Dr. Tun\u00e7 Demirta\u015f\u2019\u0131n \u00fcstlendi\u011fi oturumda; Do\u00e7. Dr. Bayram Sinkaya \u201c\u0130ran\u2019da Rejim ve Gelecek Perspektifi\u201d, T\u00fcrkiye Maarif Vakf\u0131 Ba\u015fkan M\u00fc\u015faviri Do\u00e7. Dr. Metin \u00c7elik \u201c\u0130ran Sava\u015f\u0131n\u0131n K\u00fcresel Etkileri\u201d, Do\u00e7. Dr. Hasan Sencer Peker ise \u201c\u0130ran Sava\u015f\u0131n\u0131n Enerji Jeopoliti\u011fine Etkisi\u201d ba\u015fl\u0131kl\u0131 konu\u015fmalar\u0131yla katk\u0131 sundu. Oturumda \u0130ran\u2019daki siyasal geli\u015fmeler, sava\u015f ihtimali, k\u00fcresel g\u00fcvenlik, enerji piyasalar\u0131 ve b\u00f6lgesel istikrar konular\u0131 tart\u0131\u015f\u0131ld\u0131.<\/p>\n<p data-path-to-node=\"17\">Soru-cevap b\u00f6l\u00fcmleriyle zenginle\u015fen sempozyumda \u00f6\u011frenciler, konu\u015fmac\u0131lara y\u00f6nelttikleri sorularla g\u00fcncel uluslararas\u0131 geli\u015fmeleri farkl\u0131 a\u00e7\u0131lardan de\u011ferlendirme imk\u00e2n\u0131 buldu.<\/p>\n<p>Program, konu\u015fmac\u0131lara ve moderat\u00f6rlere te\u015fekk\u00fcr belgeleri ile hediye takdim edilmesi ve toplu foto\u011fraf \u00e7ekiminin ard\u0131ndan sona erdi.<\/p>\n","protected":false},"excerpt":{"rendered":"<p>Mersin \u00dcniversitesi Uluslararas\u0131 \u0130li\u015fkiler Toplulu\u011fu taraf\u0131ndan, Gen\u00e7lik ve Spor Bakanl\u0131\u011f\u0131 \u00dcN\u0130DES program\u0131 deste\u011fiyle d\u00fczenlenen \u201cUluslararas\u0131 Politikada Orta Do\u011fu Sempozyumu: Soyk\u0131r\u0131m ve Sava\u015f\u201d, 27 Nisan Pazartesi g\u00fcn\u00fc \u00c7iftlikk\u00f6y Kamp\u00fcs\u00fc Prof. Dr. U\u011fur Oral K\u00fclt\u00fcr Merkezi B Salonunda ger\u00e7ekle\u015ftirildi. Orta Do\u011fu\u2019da ya\u015fanan g\u00fcncel siyasal, hukuki ve g\u00fcvenlik geli\u015fmelerini akademik bir perspektifle ele almay\u0131 ama\u00e7layan sempozyumda; Filistin\u2019deki soyk\u0131r\u0131m, [&hellip;]<\/p>\n","protected":false},"author":2,"featured_media":131963,"comment_status":"open","ping_status":"open","sticky":false,"template":"","format":"standard","meta":{"footnotes":""},"categories":[3],"tags":[],"class_list":["post-131962","post","type-post","status-publish","format-standard","has-post-thumbnail","hentry","category-dunya"],"views":52,"_links":{"self":[{"href":"https:\/\/mersingazetesi.com\/index.php\/wp-json\/wp\/v2\/posts\/131962","targetHints":{"allow":["GET"]}}],"collection":[{"href":"https:\/\/mersingazetesi.com\/index.php\/wp-json\/wp\/v2\/posts"}],"about":[{"href":"https:\/\/mersingazetesi.com\/index.php\/wp-json\/wp\/v2\/types\/post"}],"author":[{"embeddable":true,"href":"https:\/\/mersingazetesi.com\/index.php\/wp-json\/wp\/v2\/users\/2"}],"replies":[{"embeddable":true,"href":"https:\/\/mersingazetesi.com\/index.php\/wp-json\/wp\/v2\/comments?post=131962"}],"version-history":[{"count":2,"href":"https:\/\/mersingazetesi.com\/index.php\/wp-json\/wp\/v2\/posts\/131962\/revisions"}],"predecessor-version":[{"id":131965,"href":"https:\/\/mersingazetesi.com\/index.php\/wp-json\/wp\/v2\/posts\/131962\/revisions\/131965"}],"wp:featuredmedia":[{"embeddable":true,"href":"https:\/\/mersingazetesi.com\/index.php\/wp-json\/wp\/v2\/media\/131963"}],"wp:attachment":[{"href":"https:\/\/mersingazetesi.com\/index.php\/wp-json\/wp\/v2\/media?parent=131962"}],"wp:term":[{"taxonomy":"category","embeddable":true,"href":"https:\/\/mersingazetesi.com\/index.php\/wp-json\/wp\/v2\/categories?post=131962"},{"taxonomy":"post_tag","embeddable":true,"href":"https:\/\/mersingazetesi.com\/index.php\/wp-json\/wp\/v2\/tags?post=131962"}],"curies":[{"name":"wp","href":"https:\/\/api.w.org\/{rel}","templated":true}]}}