{"id":131958,"date":"2026-04-30T11:58:23","date_gmt":"2026-04-30T08:58:23","guid":{"rendered":"https:\/\/mersingazetesi.com\/?p=131958"},"modified":"2026-04-30T11:58:23","modified_gmt":"2026-04-30T08:58:23","slug":"mersin-universitesi-2026-yili-odul-ve-tesvik-toreninde-oduller-sahiplerini-buldu","status":"publish","type":"post","link":"https:\/\/mersingazetesi.com\/index.php\/2026\/04\/30\/mersin-universitesi-2026-yili-odul-ve-tesvik-toreninde-oduller-sahiplerini-buldu\/","title":{"rendered":"Mersin \u00dcniversitesi 2026 Y\u0131l\u0131 \u00d6d\u00fcl ve Te\u015fvik T\u00f6reni\u2019nde \u00d6d\u00fcller Sahiplerini Buldu"},"content":{"rendered":"<p>Mersin \u00dcniversitesi ad\u0131n\u0131 ulusal ve uluslararas\u0131 arenada ba\u015far\u0131yla temsil eden akademisyenlerin ve \u00f6\u011frencilerin ba\u015far\u0131lar\u0131n\u0131n ta\u00e7land\u0131r\u0131ld\u0131\u011f\u0131 &#8220;2026 Y\u0131l\u0131 \u00d6d\u00fcl ve Te\u015fvik T\u00f6reni&#8221; b\u00fcy\u00fck bir co\u015fkuyla ger\u00e7ekle\u015ftirildi. \u00a0Akdeniz K\u00fclt\u00fcr Merkezi\u2019nde ger\u00e7ekle\u015ftirilen t\u00f6rene Rekt\u00f6r\u00fcm\u00fcz Prof. Dr. Erol Ya\u015far, Rekt\u00f6r Yard\u0131mc\u0131lar\u0131, Mersin Yetkili Otomotiv Sat\u0131c\u0131lar\u0131 Derne\u011fi (MODER) Y\u00f6netim Kurulu Ba\u015fkan\u0131 Ziya \u00c7okg\u00fcnl\u00fc ve dernek \u00fcyeleri, Genel Sekreteri \u0130sa De\u011firmenci, Rekt\u00f6r Dan\u0131\u015fmanlar\u0131, Dekanlar, M\u00fcd\u00fcrler, Daire Ba\u015fkanlar, akademisyenler, idari personeli ve \u00f6\u011frenciler kat\u0131ld\u0131.<\/p>\n<p>Sayg\u0131 duru\u015fu ve \u0130stiklal Mar\u015f\u0131&#8217;n\u0131n okunmas\u0131yla ba\u015flayan programda, kat\u0131l\u0131mc\u0131lara y\u00f6nelik d\u00fczenlenen kalite anketinin ard\u0131ndan m\u00fczik dinletisi sunuldu. M\u00fczik ve Sahne Sanatlar\u0131 Fak\u00fcltesi \u00f6\u011fretim \u00fcyeleri Do\u00e7. Dr. Alper Tunga \u00d6zcan, Do\u00e7. Dr. Bet\u00fcl Yarar Ko\u00e7er, \u00d6\u011fr. G\u00f6r. E. Didem Ar\u0131kan \u00d6zcan, \u00d6\u011fr. G\u00f6r. Z\u00fclfiya G\u00f6kta\u015f, \u00d6\u011fr. G\u00f6r. H. Murat Atalayer ile \u00f6\u011frenciler Alperen Arda \u015ei\u015fman ve \u0130pek \u00d6zayd\u0131n&#8217;\u0131n sundu\u011fu dinleti b\u00fcy\u00fck be\u011feni toplad\u0131.<\/p>\n<p>Dinleti sonras\u0131nda Rekt\u00f6r Prof. Dr. Erol Ya\u015far taraf\u0131ndan m\u00fczisyenlere te\u015fekk\u00fcr belgesi takdim edildi.<\/p>\n<p>&#8220;Kalite Yolculu\u011fumuzun En \u00d6nemli Ni\u015fanesi Y\u00d6KAK Akreditasyonu Oldu&#8221;<\/p>\n<p>T\u00f6renin a\u00e7\u0131l\u0131\u015f\u0131nda konu\u015fan Rekt\u00f6r Prof. Dr. Erol Ya\u015far, \u00dcniversitenin s\u00fcrekli y\u00fckselen akademik ba\u015far\u0131 grafi\u011fine dikkat \u00e7ekerek, &#8220;Bir \u00fcniversiteyi b\u00fcy\u00fck ve k\u00f6kl\u00fc k\u0131lan de\u011fer; o kurumun \u00e7at\u0131s\u0131 alt\u0131nda ter d\u00f6ken, \u00fcreten, bilimi ve toplumu ileriye ta\u015f\u0131may\u0131 dert edinen insan kayna\u011f\u0131m\u0131z. Bug\u00fcn burada sergiledi\u011fimiz bu muazzam tablo, personelimizin ve \u00f6\u011frencilerimizin \u00dcniversitemize duydu\u011fu o g\u00fc\u00e7l\u00fc aidiyet duygusunun ve ortak \u00e7al\u0131\u015fma k\u00fclt\u00fcr\u00fcm\u00fcz\u00fcn en g\u00fczel meyvesi. G\u00f6reve geldi\u011fimiz g\u00fcnden bu yana &#8216;kalite odakl\u0131&#8217; ve &#8216;s\u00fcrekli iyile\u015ftirme&#8217; prensibiyle hareket ediyoruz. Ne mutlu bizlere ki, \u00dcniversitemizin akademik ba\u015far\u0131 grafi\u011fi her ge\u00e7en g\u00fcn daha da yukar\u0131 ivmeleniyor. Bir\u00e7ok b\u00f6l\u00fcm\u00fcm\u00fcz\u00fcn akreditasyon s\u00fcre\u00e7lerini ba\u015far\u0131yla tamamlamas\u0131 ve kalitelerini tescillemesi bizler i\u00e7in b\u00fcy\u00fck bir gurur kayna\u011f\u0131. Bu kalite yolculu\u011fumuzun en \u00f6nemli ni\u015fanesi ise Y\u00d6KAK taraf\u0131ndan \u00dcniversitemize lay\u0131k g\u00f6r\u00fclen 2 y\u0131ll\u0131k Kurumsal Akreditasyon belgesi oldu.&#8221; dedi.<\/p>\n<p>&#8220;\u00dcniversite-\u015eehir \u0130\u015f Birli\u011finin En G\u00fczel \u00d6rne\u011fini Sergileyen MODER&#8217;e Te\u015fekk\u00fcr Ediyorum&#8221;<\/p>\n<p>\u00dcniversite-\u015fehir b\u00fct\u00fcnle\u015fmesinin \u00f6nemine vurgu yapan Ya\u015far, MODER&#8217;in \u00dcniversiteye katk\u0131lar\u0131n\u0131, &#8220;\u00dcniversiteler, bulunduklar\u0131 \u015fehirle ve o \u015fehrin dinamikleriyle b\u00fct\u00fcnle\u015ftikleri \u00f6l\u00e7\u00fcde b\u00fcy\u00fcr ve kal\u0131c\u0131 de\u011ferler \u00fcretirler. Otomotiv sekt\u00f6r\u00fcn\u00fcn ihtiya\u00e7 duydu\u011fu nitelikli teknik personeli yeti\u015ftirmek gibi son derece vizyoner bir ama\u00e7la; kamp\u00fcs\u00fcm\u00fcz i\u00e7erisine 1.250 metrekarelik &#8216;ME\u00dc MODER Teknik Akademi&#8217;yi in\u015fa edecek olan Mersin Yetkili Otomotiv Sat\u0131c\u0131lar\u0131 Derne\u011fine (MODER) sonsuz \u015f\u00fckranlar\u0131m\u0131 sunuyorum. MODER Y\u00f6netim Kurulu Ba\u015fkan\u0131 Say\u0131n Ziya \u00c7okg\u00fcnl\u00fc \u015fahs\u0131nda, derne\u011fin de\u011ferli y\u00f6netim kurulu \u00fcyelerine, \u00dcniversitemize ve gen\u00e7lerimize duyduklar\u0131 bu g\u00fcven i\u00e7in \u015fahs\u0131m ve kurumum ad\u0131na te\u015fekk\u00fcr ediyorum.&#8221; ifadeleriyle vurgulad\u0131.<\/p>\n<p>Prof. Dr. Ya\u015far s\u00f6zlerini \u00f6d\u00fcl alan \u00f6\u011frencilere, akademisyenlere ve organizasyonda eme\u011fi ge\u00e7en t\u00fcm personele te\u015fekk\u00fcrlerini ileterek tamamlad\u0131.<\/p>\n<p>A\u00e7\u0131l\u0131\u015f konu\u015fmalar\u0131n\u0131n ard\u0131ndan \u00f6d\u00fcl takdim t\u00f6renine ge\u00e7ildi.<\/p>\n<p>\u00dcniversiteye Katk\u0131 \u00d6d\u00fcl\u00fc MODER&#8217;in<\/p>\n<p>Otomotiv sekt\u00f6r\u00fcne nitelikli personel yeti\u015ftirmek amac\u0131yla kamp\u00fcs\u00fcm\u00fcze &#8216;ME\u00dc MODER Teknik Akademi&#8217;yi kazand\u0131racak olan Mersin Yetkili Otomotiv Sat\u0131c\u0131lar\u0131 Derne\u011fi (MODER), bu y\u0131lki \u00dcniversiteye Katk\u0131 \u00d6d\u00fcl\u00fcne lay\u0131k g\u00f6r\u00fcld\u00fc. \u00d6d\u00fcl, MODER Y\u00f6netim Kurulu Ba\u015fkan\u0131 Ziya \u00c7okg\u00fcnl\u00fc ve y\u00f6netim kurulu \u00fcyelerine Rekt\u00f6r\u00fcm\u00fcz Prof. Dr. Erol Ya\u015far taraf\u0131ndan takdim edildi.<\/p>\n<p>Bilim \u00d6d\u00fcl\u00fc ve Gen\u00e7 Bilim \u0130nsan\u0131 \u00d6d\u00fcl\u00fc Sahiplerini Buldu<\/p>\n<p>T\u00f6rende Fen Bilimleri alan\u0131nda Prof. Dr. Faheem Shahzad Baloch ve Sa\u011fl\u0131k Bilimleri alan\u0131nda Prof. Dr. \u00dcmit T\u00fcrsen&#8217;e Bilim \u00d6d\u00fcl\u00fc verildi. Uluslararas\u0131 endekslerde en az 10 makale \u00fcreten 35 ya\u015f alt\u0131 \u00f6\u011fretim elemanlar\u0131na verilen Gen\u00e7 Bilim \u0130nsan\u0131 \u00d6d\u00fcl\u00fcn\u00fc ise; Di\u015f Hekimli\u011fi Fak\u00fcltesinden Do\u00e7. Dr. \u015eeyma Mustuo\u011flu ve Dr. \u00d6\u011fr. \u00dcyesi Demet Polat Yulu\u011f ile Hem\u015firelik Fak\u00fcltesinden Dr. \u00d6\u011fr. \u00dcyesi Ahu Aksoy Can ald\u0131.<\/p>\n<p>En \u00c7ok Q1 Yay\u0131n Yapan Akademisyenlerimiz \u00d6d\u00fcllendirildi<\/p>\n<p>2025 y\u0131l\u0131nda kendi alan\u0131nda uluslararas\u0131 at\u0131f endeksinden (SCI) Q1 \u00e7eyrekli\u011finde en \u00e7ok yay\u0131n yapan akademisyenlere belgeleri takdim edildi. Bu kapsamda; Fen Bilimleri alan\u0131nda Prof. Dr. Faheem Shahzad Baloch (17 yay\u0131n), Prof. Dr. Nadir Dizge (10 yay\u0131n) ve Prof. Dr. Erdal Yabalak (10 yay\u0131n), Sa\u011fl\u0131k Bilimleri alan\u0131nda Prof. Dr. Ahmet \u00c7elik (9 yay\u0131n), E\u011fitim Bilimleri alan\u0131nda ise Do\u00e7. Dr. \u00d6mer G\u00f6khan Ulum (5 yay\u0131n) \u00f6d\u00fcllendirildi.<\/p>\n<p>\u00d6\u011frenci Temsil ve Aktif Topluluk \u00d6d\u00fclleri Verildi<\/p>\n<p>\u00dcniversitemizi ulusal ve uluslararas\u0131 m\u00fczik ile spor m\u00fcsabakalar\u0131nda ba\u015far\u0131yla temsil eden \u00f6\u011frencilere \u00d6\u011frenci Temsil \u00d6d\u00fcl\u00fc verildi. \u00dcniversitemizde ve b\u00f6lgede yayg\u0131n etki yaratan \u00f6\u011frenci topluluklar\u0131na verilen Aktif \u00d6\u011frenci Toplulu\u011fu \u00d6d\u00fcl\u00fcn\u00fc ise; Gen\u00e7 Ye\u015filay Toplulu\u011fu (Ba\u015fkan Hudanur Fidan, Dan\u0131\u015fman \u00d6\u011fr. G\u00f6r. Dr. Bet\u00fcl Sar\u0131), Proje Geli\u015ftirme Toplulu\u011fu (Ba\u015fkan Irmak Sevay, Dan\u0131\u015fman Ar\u015f. G\u00f6r. Dr. Eyl\u00fcl Ece Demir) ve Bisiklet Toplulu\u011fu (Ba\u015fkan Emir Berat Aybug\u00fcn, Dan\u0131\u015fman Prof. Dr. N\u00fczhet \u0130kbal T\u00fcrker) kazand\u0131.<\/p>\n<p>Patent, Faydal\u0131 Model, Tescil ve Proje \u00d6d\u00fclleri<\/p>\n<p>Patent, Faydal\u0131 Model ve Tescil \u00d6d\u00fcl\u00fc kategorisinde Prof. Dr. Nadir Dizge, Prof. Dr. Caner \u00d6zdemir ve Prof. Dr. Yahya Nural \u00f6d\u00fcllerini ald\u0131. Proje \u00d6d\u00fcl\u00fcne ise Prof. Dr. Tongu\u00e7 \u00d6zdemir, Prof. Dr. Serdal Arslan, Do\u00e7. Dr. Mustafa Kemal Y\u0131lmaz, Do\u00e7. Dr. \u00d6zg\u00fcr Y\u0131lmaz, Do\u00e7. Dr. Hakan Erk\u0131l\u0131\u00e7, Do\u00e7. Dr. \u00c7i\u011fdem Ac\u0131 ve Do\u00e7. Dr. Ay\u015fe Erdo\u011fan lay\u0131k g\u00f6r\u00fcld\u00fc.<\/p>\n<p>Uluslararas\u0131 Akademik Yay\u0131n \u00d6d\u00fclleri<\/p>\n<p>T\u00f6rende ayr\u0131ca, \u00dcniversitenin bilimsel \u00e7\u0131tas\u0131n\u0131 y\u00fckselten akademisyenlere Q1, Q2 ve Q3 \u00e7eyrekliklerinde yapt\u0131klar\u0131 Uluslararas\u0131 \u0130\u015f Birlikli Yay\u0131n \u00d6d\u00fclleri, genel SCI yay\u0131n \u00f6d\u00fclleri ve Uluslararas\u0131 Kitap B\u00f6l\u00fcm\u00fc Yazarl\u0131\u011f\u0131 \u00f6d\u00fclleri takdim edildi.<\/p>\n<p>Y\u0131l\u0131n Doktora Tezi ve Toplumsal Katk\u0131 \u00d6d\u00fclleri<\/p>\n<p>Y\u0131l\u0131n Doktora Tezi \u00d6d\u00fcl\u00fc; Dr. \u00d6zlem G\u00fczel Polat (Dan\u0131\u015fmanlar\u0131: Prof. Dr. Ayda \u00c7elebio\u011flu, Prof. Dr. \u00c7etin Okuyaz), Dr. Derya Akdeniz Uysal (Dan\u0131\u015fman\u0131: Prof. Dr. Rana Yi\u011fit) ve Dr. Mehmet \u00d6zg\u00fcr \u00c7elik&#8217;e (Dan\u0131\u015fmanlar\u0131: Prof. Dr. Mehmet Ali Kurt, Do\u00e7. Dr. Osman Orhan) takdim edildi.<\/p>\n<p>Toplumsal Katk\u0131 \u00d6d\u00fcl\u00fcn\u00fc ise Prof. Dr. Manolya Ak\u0131n, Dr. \u00d6\u011fr. \u00dcyesi Fatma Canan Durgung\u00f6z, Dr. \u00d6\u011fr. \u00dcyesi Ahmet Serhat U\u00e7ar, \u00d6\u011fr. G\u00f6r. Dr. Bet\u00fcl Sar\u0131, Ar\u015f. G\u00f6r. Dr. Gizem Akarsu Ta\u015fman ve \u00d6\u011fr. G\u00f6r. Seyit Tahir \u00d6z\u00fc\u00f6lmez ald\u0131.<\/p>\n<p>Resim ve Heykel Sergisinin A\u00e7\u0131l\u0131\u015f\u0131 Ger\u00e7ekle\u015ftirildi<\/p>\n<p>\u00d6d\u00fcl t\u00f6reni, toplu foto\u011fraf \u00e7ekiminin ard\u0131ndan k\u00fclt\u00fcr merkezi giri\u015findeki Sergi Salonunda yer alan resim ve heykel sergisinin gezilmesi ve fuaye alan\u0131ndaki kokteyl ile sona erdi.<\/p>\n","protected":false},"excerpt":{"rendered":"<p>Mersin \u00dcniversitesi ad\u0131n\u0131 ulusal ve uluslararas\u0131 arenada ba\u015far\u0131yla temsil eden akademisyenlerin ve \u00f6\u011frencilerin ba\u015far\u0131lar\u0131n\u0131n ta\u00e7land\u0131r\u0131ld\u0131\u011f\u0131 &#8220;2026 Y\u0131l\u0131 \u00d6d\u00fcl ve Te\u015fvik T\u00f6reni&#8221; b\u00fcy\u00fck bir co\u015fkuyla ger\u00e7ekle\u015ftirildi. \u00a0Akdeniz K\u00fclt\u00fcr Merkezi\u2019nde ger\u00e7ekle\u015ftirilen t\u00f6rene Rekt\u00f6r\u00fcm\u00fcz Prof. Dr. Erol Ya\u015far, Rekt\u00f6r Yard\u0131mc\u0131lar\u0131, Mersin Yetkili Otomotiv Sat\u0131c\u0131lar\u0131 Derne\u011fi (MODER) Y\u00f6netim Kurulu Ba\u015fkan\u0131 Ziya \u00c7okg\u00fcnl\u00fc ve dernek \u00fcyeleri, Genel Sekreteri \u0130sa De\u011firmenci, [&hellip;]<\/p>\n","protected":false},"author":2,"featured_media":131959,"comment_status":"open","ping_status":"open","sticky":false,"template":"","format":"standard","meta":{"footnotes":""},"categories":[1],"tags":[],"class_list":["post-131958","post","type-post","status-publish","format-standard","has-post-thumbnail","hentry","category-gundem"],"views":60,"_links":{"self":[{"href":"https:\/\/mersingazetesi.com\/index.php\/wp-json\/wp\/v2\/posts\/131958","targetHints":{"allow":["GET"]}}],"collection":[{"href":"https:\/\/mersingazetesi.com\/index.php\/wp-json\/wp\/v2\/posts"}],"about":[{"href":"https:\/\/mersingazetesi.com\/index.php\/wp-json\/wp\/v2\/types\/post"}],"author":[{"embeddable":true,"href":"https:\/\/mersingazetesi.com\/index.php\/wp-json\/wp\/v2\/users\/2"}],"replies":[{"embeddable":true,"href":"https:\/\/mersingazetesi.com\/index.php\/wp-json\/wp\/v2\/comments?post=131958"}],"version-history":[{"count":2,"href":"https:\/\/mersingazetesi.com\/index.php\/wp-json\/wp\/v2\/posts\/131958\/revisions"}],"predecessor-version":[{"id":131961,"href":"https:\/\/mersingazetesi.com\/index.php\/wp-json\/wp\/v2\/posts\/131958\/revisions\/131961"}],"wp:featuredmedia":[{"embeddable":true,"href":"https:\/\/mersingazetesi.com\/index.php\/wp-json\/wp\/v2\/media\/131959"}],"wp:attachment":[{"href":"https:\/\/mersingazetesi.com\/index.php\/wp-json\/wp\/v2\/media?parent=131958"}],"wp:term":[{"taxonomy":"category","embeddable":true,"href":"https:\/\/mersingazetesi.com\/index.php\/wp-json\/wp\/v2\/categories?post=131958"},{"taxonomy":"post_tag","embeddable":true,"href":"https:\/\/mersingazetesi.com\/index.php\/wp-json\/wp\/v2\/tags?post=131958"}],"curies":[{"name":"wp","href":"https:\/\/api.w.org\/{rel}","templated":true}]}}