{"id":131944,"date":"2026-04-30T10:55:35","date_gmt":"2026-04-30T07:55:35","guid":{"rendered":"https:\/\/mersingazetesi.com\/?p=131944"},"modified":"2026-04-30T10:55:35","modified_gmt":"2026-04-30T07:55:35","slug":"gazeteci-yazar-ugur-pismanlikin-tarsus-isci-sinifi-tarihi-soylesisi-ve-fotograf-gosterisi-cyddde-yapildi","status":"publish","type":"post","link":"https:\/\/mersingazetesi.com\/index.php\/2026\/04\/30\/gazeteci-yazar-ugur-pismanlikin-tarsus-isci-sinifi-tarihi-soylesisi-ve-fotograf-gosterisi-cyddde-yapildi\/","title":{"rendered":"GAZETEC\u0130-YAZAR U\u011eUR P\u0130\u015eMANLIK&#8217;IN &#8220;TARSUS \u0130\u015e\u00c7\u0130 SINIFI TAR\u0130H\u0130&#8221; S\u00d6YLE\u015e\u0130S\u0130 VE FOTO\u011eRAF G\u00d6STER\u0130S\u0130 \u00c7YDD&#8217;DE YAPILDI"},"content":{"rendered":"<p>1 May\u0131s \u0130\u015f\u00e7i S\u0131n\u0131f\u0131n\u0131n Birlik Dayan\u0131\u015fma ve M\u00fccadele g\u00fcn\u00fc kapsam\u0131nda Aratos Felsefe Dergisi Yay\u0131n Y\u00f6netmeni ve gazeteci-yazar U\u011fur Pi\u015fmanl\u0131k, \u00c7a\u011fda\u015f Ya\u015fam\u0131 Destekleme Derne\u011fi Tarsus \u015eubesinde &#8220;Tarsus \u0130\u015f\u00e7i S\u0131n\u0131f\u0131 Tarihi, Emek M\u00fccadelesi ve 1 May\u0131s&#8221; ba\u015fl\u0131kl\u0131 bir s\u00f6yle\u015fi ve foto\u011fraf g\u00f6sterisi ger\u00e7ekle\u015ftirildi.<\/p>\n<p>Tadeka&#8217;da ger\u00e7ekle\u015ftirilen etkinli\u011fin a\u00e7\u0131l\u0131\u015f konu\u015fmas\u0131n\u0131 \u00c7YDD Tarsus \u015eube Ba\u015fkan\u0131 Ferda Aras yapt\u0131. Aras konu\u015fmas\u0131nda, \u00c7a\u011fda\u015f Ya\u015fam\u0131 Destekleme Derne\u011fi Tarsus \u015eubesince d\u00fczenlenen &#8220;Tarsus \u0130\u015f\u00e7i S\u0131n\u0131f\u0131 Tarihi, Emek M\u00fccadelesi ve 1 May\u0131s&#8221; konulu etkinli\u011fimizde, bug\u00fcn burada yaln\u0131zca bir s\u00f6yle\u015fi dinlemek i\u00e7in de\u011fil; eme\u011fin tarihini hat\u0131rlamak, bu topraklarda verilen m\u00fccadeleleri anlamak ve en \u00f6nemlisi bug\u00fcn\u00fcn sorumlulu\u011funu birlikte ta\u015f\u0131mak i\u00e7in bir araya gelindi\u011fini ifade etti. ,<\/p>\n<p>Funda Aras, &#8220;Emek, sadece al\u0131n teri de\u011fildir. Emek; insan\u0131n onurudur, hayat kurma \u00e7abas\u0131d\u0131r, adalet talebidir. Ancak ne yaz\u0131k ki \u00fclkemizde emek h\u00e2l\u00e2 yeterince korunamamakta; g\u00fcvencesiz \u00e7al\u0131\u015fma, d\u00fc\u015f\u00fck \u00fccretler, i\u015f kazalar\u0131 ad\u0131 alt\u0131nda ya\u015fanan i\u015f cinayetleri ve \u00f6rg\u00fctlenme \u00f6n\u00fcndeki engeller, eme\u011fin kar\u015f\u0131 kar\u015f\u0131ya oldu\u011fu ger\u00e7ekli\u011fi t\u00fcm \u00e7\u0131plakl\u0131\u011f\u0131yla ortaya koymaktad\u0131r.<\/p>\n<p>Bizler biliyoruz ki, tarih bize \u015funu a\u00e7\u0131k\u00e7a g\u00f6sterir: Haklar kendili\u011finden verilmez. Haklar, bilin\u00e7le, dayan\u0131\u015fmayla ve kararl\u0131l\u0131kla kazan\u0131l\u0131r. \u0130\u015fte bu nedenle ge\u00e7mi\u015fin m\u00fccadelelerini hat\u0131rlamak, yaln\u0131zca bir anma de\u011fil; gelece\u011fe dair bir sorumluluktur.<\/p>\n<p>Tarsus, bu anlamda \u00f6nemli bir haf\u0131zaya sahiptir. Bu kentte emek, yaln\u0131zca \u00e7al\u0131\u015fmak de\u011fil; ayn\u0131 zamanda direnmek, dayan\u0131\u015fmak ve var olma m\u00fccadelesi vermek demektir. Bug\u00fcn bu haf\u0131zay\u0131 g\u00f6r\u00fcn\u00fcr k\u0131lmak, onu yeni ku\u015faklara aktarmak hepimizin g\u00f6revidir.<\/p>\n<p>1 May\u0131s&#8217;a giderken, eme\u011fin sesini daha g\u00fcr \u00e7\u0131karmak, adalet ve e\u015fitlik talebini daha g\u00fc\u00e7l\u00fc dile getirmek zorunday\u0131z. \u00c7\u00fcnk\u00fc biliyoruz ki, daha adil bir gelecek ancak birlikte m\u00fcmk\u00fcnd\u00fcr&#8221; diye konu\u015ftu.<\/p>\n<p>Gazeteci-Yazar U\u011fur Pi\u015fmanl\u0131k ise, foto\u011fraf g\u00f6sterisi e\u015fli\u011finde yapt\u0131\u011f\u0131 s\u00f6yle\u015fide, Tarsus&#8217;un ge\u00e7ti\u011fimiz 150 y\u0131l boyunca i\u015f\u00e7i m\u00fccadeleleri a\u00e7\u0131s\u0131ndan son derece \u00f6nemli bir kent oldu\u011funu vurgulayarak, &#8220;Osmanl\u0131 imparatorlu\u011funun son y\u00fczy\u0131l\u0131nda \u00c7ukurova b\u00f6lgesinin M\u0131s\u0131rl\u0131 \u0130brahim Pa\u015fa taraf\u0131ndan ele ge\u00e7irilmesinin ard\u0131ndan ba\u015flayan pamuk ekimi, bir ekonomik de\u011fer olarak \u00fcretiminin art\u0131r\u0131lmas\u0131yla ba\u015flayan s\u00fcre\u00e7te, tar\u0131mdan sanayiye, \u0131rgatl\u0131ktan i\u015f\u00e7ili\u011fe ge\u00e7i\u015f konu al\u0131yor. Bununla birlikte, pamuk ekimi i\u00e7in Suriye&#8217;den Arap tar\u0131m emek\u00e7ilerinin getirilmesiyle olu\u015fan \u00c7\u0131plak Mahallesi&#8217;nin \u00f6yk\u00fcs\u00fc, \u00c7\u0131r\u00e7\u0131r fabrikalar\u0131yla ba\u015flayan sanayile\u015fme s\u00fcre\u00e7leri ele al\u0131n\u0131yor. Cumhuriyet sonras\u0131nda ise 1940&#8217;l\u0131 y\u0131llarda \u00e7\u0131kan i\u015f\u00e7i kanunu ve sendikalar yasas\u0131yla Tarsus&#8217;ta i\u015f\u00e7i ve emek\u00e7ilerin sendikal \u00f6rg\u00fctlenmeleri ve hak arama m\u00fccadeleleri, grevler, direni\u015fler ile fabrika i\u015fgalleri var daha yak\u0131n tarihimizde ise D\u0130SK ve KESK gibi sendika konfederasyonlar\u0131n\u0131n verdi\u011fi m\u00fccadeleler ile Tarsus&#8217;ta 20 y\u0131ld\u0131r yap\u0131lan 1 May\u0131s kutlamalar\u0131 da bu m\u00fccadele gelene\u011finin bir par\u00e7as\u0131n\u0131 olu\u015ftuyor&#8221; diye konu\u015ftu.<\/p>\n<p>Ferda Aras yapt\u0131\u011f\u0131 kapan\u0131\u015f konu\u015fmas\u0131nda &#8220;Bu anlaml\u0131 s\u00f6yle\u015fiyi ve g\u00f6steriyi haz\u0131rlay\u0131p de\u011ferli gazeteci-yazar Say\u0131n U\u011fur Pi\u015fmanl\u0131k&#8217;a te\u015fekk\u00fcr ediyor, kat\u0131l\u0131m\u0131n\u0131zla bu dayan\u0131\u015fmay\u0131 b\u00fcy\u00fctt\u00fc\u011f\u00fcn\u00fcz i\u00e7in hepinize \u015f\u00fckranlar\u0131m\u0131 sunuyorum. Eme\u011fin de\u011fersizle\u015ftirilmedi\u011fi, insan onurunun her \u015feyin \u00fcst\u00fcnde tutuldu\u011fu, adil ve e\u015fit bir \u00fclke umuduyla&#8230; Hepinize sayg\u0131lar sunuyorum&#8221; dedi. (30 Nisan 2026)<\/p>\n<p>&nbsp;<\/p>\n","protected":false},"excerpt":{"rendered":"<p>1 May\u0131s \u0130\u015f\u00e7i S\u0131n\u0131f\u0131n\u0131n Birlik Dayan\u0131\u015fma ve M\u00fccadele g\u00fcn\u00fc kapsam\u0131nda Aratos Felsefe Dergisi Yay\u0131n Y\u00f6netmeni ve gazeteci-yazar U\u011fur Pi\u015fmanl\u0131k, \u00c7a\u011fda\u015f Ya\u015fam\u0131 Destekleme Derne\u011fi Tarsus \u015eubesinde &#8220;Tarsus \u0130\u015f\u00e7i S\u0131n\u0131f\u0131 Tarihi, Emek M\u00fccadelesi ve 1 May\u0131s&#8221; ba\u015fl\u0131kl\u0131 bir s\u00f6yle\u015fi ve foto\u011fraf g\u00f6sterisi ger\u00e7ekle\u015ftirildi. Tadeka&#8217;da ger\u00e7ekle\u015ftirilen etkinli\u011fin a\u00e7\u0131l\u0131\u015f konu\u015fmas\u0131n\u0131 \u00c7YDD Tarsus \u015eube Ba\u015fkan\u0131 Ferda Aras yapt\u0131. Aras konu\u015fmas\u0131nda, [&hellip;]<\/p>\n","protected":false},"author":2,"featured_media":131945,"comment_status":"open","ping_status":"open","sticky":false,"template":"","format":"standard","meta":{"footnotes":""},"categories":[1],"tags":[],"class_list":["post-131944","post","type-post","status-publish","format-standard","has-post-thumbnail","hentry","category-gundem"],"views":61,"_links":{"self":[{"href":"https:\/\/mersingazetesi.com\/index.php\/wp-json\/wp\/v2\/posts\/131944","targetHints":{"allow":["GET"]}}],"collection":[{"href":"https:\/\/mersingazetesi.com\/index.php\/wp-json\/wp\/v2\/posts"}],"about":[{"href":"https:\/\/mersingazetesi.com\/index.php\/wp-json\/wp\/v2\/types\/post"}],"author":[{"embeddable":true,"href":"https:\/\/mersingazetesi.com\/index.php\/wp-json\/wp\/v2\/users\/2"}],"replies":[{"embeddable":true,"href":"https:\/\/mersingazetesi.com\/index.php\/wp-json\/wp\/v2\/comments?post=131944"}],"version-history":[{"count":1,"href":"https:\/\/mersingazetesi.com\/index.php\/wp-json\/wp\/v2\/posts\/131944\/revisions"}],"predecessor-version":[{"id":131946,"href":"https:\/\/mersingazetesi.com\/index.php\/wp-json\/wp\/v2\/posts\/131944\/revisions\/131946"}],"wp:featuredmedia":[{"embeddable":true,"href":"https:\/\/mersingazetesi.com\/index.php\/wp-json\/wp\/v2\/media\/131945"}],"wp:attachment":[{"href":"https:\/\/mersingazetesi.com\/index.php\/wp-json\/wp\/v2\/media?parent=131944"}],"wp:term":[{"taxonomy":"category","embeddable":true,"href":"https:\/\/mersingazetesi.com\/index.php\/wp-json\/wp\/v2\/categories?post=131944"},{"taxonomy":"post_tag","embeddable":true,"href":"https:\/\/mersingazetesi.com\/index.php\/wp-json\/wp\/v2\/tags?post=131944"}],"curies":[{"name":"wp","href":"https:\/\/api.w.org\/{rel}","templated":true}]}}