{"id":131933,"date":"2026-04-30T10:00:39","date_gmt":"2026-04-30T07:00:39","guid":{"rendered":"https:\/\/mersingazetesi.com\/?p=131933"},"modified":"2026-04-30T10:00:39","modified_gmt":"2026-04-30T07:00:39","slug":"tarsusta-yeni-kuran-kursu-kapilarini-acti","status":"publish","type":"post","link":"https:\/\/mersingazetesi.com\/index.php\/2026\/04\/30\/tarsusta-yeni-kuran-kursu-kapilarini-acti\/","title":{"rendered":"Tarsus\u2019ta yeni Kur\u2019an Kursu kap\u0131lar\u0131n\u0131 a\u00e7t\u0131"},"content":{"rendered":"<p><strong class=\"searchword\">Mersin<\/strong>\u2019in Tarsus il\u00e7esinde \u0130l\u00e7e M\u00fcft\u00fcl\u00fc\u011f\u00fc taraf\u0131ndan yap\u0131m\u0131 tamamlanan Ay\u015fe Bet\u00fcl Kur\u2019an Kursu d\u00fczenlenen t\u00f6renle a\u00e7\u0131ld\u0131.<br \/>\nA\u00e7\u0131l\u0131\u015f program\u0131na Tarsus Kaymakam\u0131 Mehmet Ali Aky\u00fcz, Diyanet \u0130\u015fleri Ba\u015fkan Yard\u0131mc\u0131s\u0131 H\u00fcseyin Haz\u0131rlar,\u00a0<strong class=\"searchword\">Mersin<\/strong>\u00a0\u0130l M\u00fcft\u00fcs\u00fc Mustafa Topal, il\u00e7e protokol\u00fc, siyasi parti temsilcileri ile \u00e7ok say\u0131da davetli kat\u0131ld\u0131.<br \/>\nProgram, sayg\u0131 duru\u015fu ve \u0130stiklal Mar\u015f\u0131n\u0131n okunmas\u0131yla ba\u015flad\u0131. Ard\u0131ndan Ulu Cami \u0130mam Hatibi Mahmut Turan taraf\u0131ndan Kur\u2019an-\u0131 Kerim tilaveti ger\u00e7ekle\u015ftirildi. T\u00f6rende konu\u015fan Tarsus \u0130l\u00e7e M\u00fcft\u00fcs\u00fc Murat Ak\u00e7ay, Kur\u2019an kurslar\u0131n\u0131n toplumsal hayattaki \u00f6nemine dikkat \u00e7ekerek, a\u00e7\u0131l\u0131\u015f\u0131 yap\u0131lan merkezin bir ilim ve irfan yuvas\u0131 olaca\u011f\u0131n\u0131 ifade etti. Ak\u00e7ay, kurs binas\u0131nda 4-6 ya\u015f grubu e\u011fitimi, yeti\u015fkin e\u011fitim merkezi, gen\u00e7lik merkezi ve kitap kafenin yer ald\u0131\u011f\u0131n\u0131 belirtti.<br \/>\n<strong class=\"searchword\">Mersin<\/strong>\u00a0\u0130l M\u00fcft\u00fcs\u00fc Mustafa Topal da Tarsus\u2019a b\u00f6yle bir e\u011fitim merkezinin kazand\u0131r\u0131lmas\u0131ndan duydu\u011fu memnuniyeti dile getirirken, Kaymakam Mehmet Ali Aky\u00fcz ise kursun kentte \u00f6nemli bir ihtiyac\u0131 kar\u015f\u0131layaca\u011f\u0131n\u0131 vurgulad\u0131.<br \/>\nDiyanet \u0130\u015fleri Ba\u015fkan Yard\u0131mc\u0131s\u0131 H\u00fcseyin Haz\u0131rlar da Kur\u2019an kurslar\u0131n\u0131n manevi ve toplumsal geli\u015fimdeki rol\u00fcne i\u015faret etti.<br \/>\nProgramda \u00f6\u011frenciler taraf\u0131ndan &#8216;Kabe\u2019de Hac\u0131lar Allah Der&#8217; ilahisi ile &#8216;\u0130\u015fte Bu Bayrak&#8217; adl\u0131 \u015fiir seslendirildi. A\u00e7\u0131l\u0131\u015f\u0131n ard\u0131ndan kat\u0131l\u0131mc\u0131lara mobil ikram arac\u0131yla limonlu dondurma ikram edildi.<br \/>\nG\u00f6revdeyken vefat eden bir \u00f6\u011fretmenin ad\u0131n\u0131 ta\u015f\u0131yan Ay\u015fe Bet\u00fcl Kur\u2019an Kursu, Aydo\u011fanlar Camii bah\u00e7esinde in\u015fa edildi. Maliye Hazinesi m\u00fclkiyetindeki arsa \u00fczerine yap\u0131lan kurs binas\u0131n\u0131n temeli 2022 y\u0131l\u0131nda at\u0131ld\u0131. 4 katl\u0131 olarak in\u015fa edilen yap\u0131, bin 612 metrekare kapal\u0131 alana sahip bulunuyor.<br \/>\nToplam 23 oda, 3 salon, 5 s\u0131n\u0131f, 250 ki\u015filik konferans salonu ve 80 ki\u015filik gen\u00e7lik merkezinin yer ald\u0131\u011f\u0131 kurs b\u00fcnyesinde; ihtiya\u00e7 odakl\u0131 e\u011fitim kapsam\u0131nda 3 \u00f6\u011freticiyle 84 \u00f6\u011frenci, 4-6 ya\u015f grubunda ise 6 \u00f6\u011freticiyle 88 \u00f6\u011frenci e\u011fitim al\u0131yor.<\/p>\n","protected":false},"excerpt":{"rendered":"<p>Mersin\u2019in Tarsus il\u00e7esinde \u0130l\u00e7e M\u00fcft\u00fcl\u00fc\u011f\u00fc taraf\u0131ndan yap\u0131m\u0131 tamamlanan Ay\u015fe Bet\u00fcl Kur\u2019an Kursu d\u00fczenlenen t\u00f6renle a\u00e7\u0131ld\u0131. A\u00e7\u0131l\u0131\u015f program\u0131na Tarsus Kaymakam\u0131 Mehmet Ali Aky\u00fcz, Diyanet \u0130\u015fleri Ba\u015fkan Yard\u0131mc\u0131s\u0131 H\u00fcseyin Haz\u0131rlar,\u00a0Mersin\u00a0\u0130l M\u00fcft\u00fcs\u00fc Mustafa Topal, il\u00e7e protokol\u00fc, siyasi parti temsilcileri ile \u00e7ok say\u0131da davetli kat\u0131ld\u0131. Program, sayg\u0131 duru\u015fu ve \u0130stiklal Mar\u015f\u0131n\u0131n okunmas\u0131yla ba\u015flad\u0131. Ard\u0131ndan Ulu Cami \u0130mam Hatibi Mahmut [&hellip;]<\/p>\n","protected":false},"author":2,"featured_media":131934,"comment_status":"open","ping_status":"open","sticky":false,"template":"","format":"standard","meta":{"footnotes":""},"categories":[1],"tags":[],"class_list":["post-131933","post","type-post","status-publish","format-standard","has-post-thumbnail","hentry","category-gundem"],"views":66,"_links":{"self":[{"href":"https:\/\/mersingazetesi.com\/index.php\/wp-json\/wp\/v2\/posts\/131933","targetHints":{"allow":["GET"]}}],"collection":[{"href":"https:\/\/mersingazetesi.com\/index.php\/wp-json\/wp\/v2\/posts"}],"about":[{"href":"https:\/\/mersingazetesi.com\/index.php\/wp-json\/wp\/v2\/types\/post"}],"author":[{"embeddable":true,"href":"https:\/\/mersingazetesi.com\/index.php\/wp-json\/wp\/v2\/users\/2"}],"replies":[{"embeddable":true,"href":"https:\/\/mersingazetesi.com\/index.php\/wp-json\/wp\/v2\/comments?post=131933"}],"version-history":[{"count":1,"href":"https:\/\/mersingazetesi.com\/index.php\/wp-json\/wp\/v2\/posts\/131933\/revisions"}],"predecessor-version":[{"id":131935,"href":"https:\/\/mersingazetesi.com\/index.php\/wp-json\/wp\/v2\/posts\/131933\/revisions\/131935"}],"wp:featuredmedia":[{"embeddable":true,"href":"https:\/\/mersingazetesi.com\/index.php\/wp-json\/wp\/v2\/media\/131934"}],"wp:attachment":[{"href":"https:\/\/mersingazetesi.com\/index.php\/wp-json\/wp\/v2\/media?parent=131933"}],"wp:term":[{"taxonomy":"category","embeddable":true,"href":"https:\/\/mersingazetesi.com\/index.php\/wp-json\/wp\/v2\/categories?post=131933"},{"taxonomy":"post_tag","embeddable":true,"href":"https:\/\/mersingazetesi.com\/index.php\/wp-json\/wp\/v2\/tags?post=131933"}],"curies":[{"name":"wp","href":"https:\/\/api.w.org\/{rel}","templated":true}]}}