{"id":131930,"date":"2026-04-30T09:59:05","date_gmt":"2026-04-30T06:59:05","guid":{"rendered":"https:\/\/mersingazetesi.com\/?p=131930"},"modified":"2026-04-30T09:59:05","modified_gmt":"2026-04-30T06:59:05","slug":"tarsus-belediyesinden-ureticiye-guclu-destek","status":"publish","type":"post","link":"https:\/\/mersingazetesi.com\/index.php\/2026\/04\/30\/tarsus-belediyesinden-ureticiye-guclu-destek\/","title":{"rendered":"TARSUS BELED\u0130YES\u0130\u2019NDEN \u00dcRET\u0130C\u0130YE G\u00dc\u00c7L\u00dc DESTEK"},"content":{"rendered":"<article class=\"prose prose-lg prose-slate max-w-none  prose-headings:font-bold prose-headings:text-[#0F172A] prose-p:text-slate-600 prose-p:leading-relaxed prose-li:text-slate-600 prose-strong:text-[#0F172A] prose-a:text-[#FFCC00] hover:prose-a:text-[#0F172A] prose-img:rounded-2xl overflow-hidden whitespace-pre-wrap\">\n<div class=\"content-render break-words\">\n<p>Tarsus Belediyesi, hayvanc\u0131l\u0131kla u\u011fra\u015fan \u00fcreticilere y\u00f6nelik desteklerini b\u00fcy\u00fcterek s\u00fcrd\u00fcr\u00fcyor. Tarsus S\u00fct \u00dcreticileri Birli\u011fi i\u015f birli\u011fiyle d\u00fczenlenen da\u011f\u0131t\u0131m etkinli\u011finde, \u00fcreticilere m\u0131s\u0131r flake, mineral (yalama) ta\u015f\u0131 ve s\u00fct tank\u0131 deste\u011fi sa\u011fland\u0131.<\/p>\n<p>&nbsp;<\/p>\n<p>Ger\u00e7ekle\u015ftirilen program kapsam\u0131nda yakla\u015f\u0131k 200 \u00fcreticiye toplam 80 ton m\u0131s\u0131r flake da\u011f\u0131t\u0131l\u0131rken, hayvanlar\u0131n mineral ihtiyac\u0131n\u0131 kar\u015f\u0131lamaya y\u00f6nelik 1.440 adet mineral ta\u015f\u0131 y\u00fczde 50 hibeyle \u00fcreticilere ula\u015ft\u0131r\u0131ld\u0131. Ayr\u0131ca, \u00fcretim sonras\u0131 s\u00fct kalitesinin korunmas\u0131na katk\u0131 sunmak amac\u0131yla 5 adet 100 litrelik s\u00fct tank\u0131 da Tarsus S\u00fct \u00dcreticileri Birli\u011fi\u2019ne hibe edildi.<\/p>\n<p>&nbsp;<\/p>\n<p><strong>\u201c\u00dcRET\u0130C\u0130 G\u00dc\u00c7L\u00dcYSE TARSUS DA G\u00dc\u00c7L\u00dc\u201d<\/strong><\/p>\n<p>&nbsp;<\/p>\n<p>Tarsus Belediye Ba\u015fkan\u0131 Ali Bolta\u00e7, etkinlikte yapt\u0131\u011f\u0131 konu\u015fmada \u00fcreticiyi kentin temel dire\u011fi olarak g\u00f6rd\u00fcklerini vurgulayarak, \u201c\u00dcretici g\u00fc\u00e7l\u00fcyse Tarsus da g\u00fc\u00e7l\u00fc. \u00dcretici \u00fcretimde varsa Tarsus\u2019ta da gelecek var.\u201d s\u00f6zleriyle \u00fcretimin kent i\u00e7in ta\u015f\u0131d\u0131\u011f\u0131 \u00f6neme dikkat \u00e7ekti.<\/p>\n<p>&nbsp;<\/p>\n<p>Ge\u00e7ti\u011fimiz y\u0131l sa\u011flanan yem bitkisi tohumu deste\u011finin sahada somut kar\u015f\u0131l\u0131k buldu\u011funu belirten Ba\u015fkan Bolta\u00e7, bu y\u0131l artan imk\u00e2nlarla destekleri geni\u015flettiklerini ifade etti. Bu yakla\u015f\u0131m\u0131n tek seferlik olmad\u0131\u011f\u0131n\u0131 vurgulayan Ba\u015fkan Bolta\u00e7, \u201cBu i\u015fi bir defal\u0131k destek olarak g\u00f6rm\u00fcyoruz. \u00dcreticinin yan\u0131nda olmak bizim i\u00e7in s\u00fcreklilik ta\u015f\u0131yan bir sorumluluk.\u201d dedi.<\/p>\n<p>&nbsp;<\/p>\n<p>Tar\u0131m ve hayvanc\u0131l\u0131\u011fa y\u00f6nelik her ad\u0131m\u0131n gelece\u011fe yap\u0131lan bir yat\u0131r\u0131m oldu\u011funun alt\u0131n\u0131 \u00e7izen Ba\u015fkan Bolta\u00e7, \u00f6n\u00fcm\u00fczdeki s\u00fcre\u00e7te desteklerin daha da art\u0131r\u0131laca\u011f\u0131n\u0131 belirtti.<\/p>\n<p>&nbsp;<\/p>\n<p><strong>\u0130\u015e B\u0130RL\u0130\u011e\u0130YLE B\u00dcY\u00dcYEN DESTEK<\/strong><\/p>\n<p>&nbsp;<\/p>\n<p>Tarsus Belediyesi ile Tarsus S\u00fct \u00dcreticileri Birli\u011fi i\u015f birli\u011finde ger\u00e7ekle\u015ftirilen etkinlik, \u00fcreticilerin maliyet y\u00fck\u00fcn\u00fc hafifletirken, s\u00fcrd\u00fcr\u00fclebilir ve kaliteli \u00fcretimi destekleyen \u00f6nemli bir ad\u0131m olarak \u00f6ne \u00e7\u0131kt\u0131.<\/p>\n<p>&nbsp;<\/p>\n<p>Ba\u015fkan Bolta\u00e7, konu\u015fmas\u0131nda dayan\u0131\u015fma vurgusu yaparak, \u201cBirlikten kuvvet do\u011far. Bu birlik ve beraberli\u011fi sa\u011flad\u0131\u011f\u0131m\u0131zda bu kent her alanda \u00f6rnek olacakt\u0131r\u201d s\u00f6zleriyle ortak hareket etmenin \u00f6nemine dikkat \u00e7ekti.<\/p>\n<p>&nbsp;<\/p>\n<p>Tarsus Belediyesi\u2019nin \u00fcretici odakl\u0131 desteklerinin, \u00f6n\u00fcm\u00fczdeki d\u00f6nemde de artarak devam etmesi bekleniyor.<\/p>\n<p>&nbsp;<\/p>\n<\/div>\n<\/article>\n<div class=\"mt-12 pt-12 border-t border-slate-100\">\n<h3 class=\"text-xl font-black text-[#0F172A] mb-6 flex items-center gap-3 uppercase italic\"><\/h3>\n<\/div>\n","protected":false},"excerpt":{"rendered":"<p>Tarsus Belediyesi, hayvanc\u0131l\u0131kla u\u011fra\u015fan \u00fcreticilere y\u00f6nelik desteklerini b\u00fcy\u00fcterek s\u00fcrd\u00fcr\u00fcyor. Tarsus S\u00fct \u00dcreticileri Birli\u011fi i\u015f birli\u011fiyle d\u00fczenlenen da\u011f\u0131t\u0131m etkinli\u011finde, \u00fcreticilere m\u0131s\u0131r flake, mineral (yalama) ta\u015f\u0131 ve s\u00fct tank\u0131 deste\u011fi sa\u011fland\u0131. &nbsp; Ger\u00e7ekle\u015ftirilen program kapsam\u0131nda yakla\u015f\u0131k 200 \u00fcreticiye toplam 80 ton m\u0131s\u0131r flake da\u011f\u0131t\u0131l\u0131rken, hayvanlar\u0131n mineral ihtiyac\u0131n\u0131 kar\u015f\u0131lamaya y\u00f6nelik 1.440 adet mineral ta\u015f\u0131 y\u00fczde 50 hibeyle \u00fcreticilere [&hellip;]<\/p>\n","protected":false},"author":2,"featured_media":131931,"comment_status":"open","ping_status":"open","sticky":false,"template":"","format":"standard","meta":{"footnotes":""},"categories":[1],"tags":[],"class_list":["post-131930","post","type-post","status-publish","format-standard","has-post-thumbnail","hentry","category-gundem"],"views":77,"_links":{"self":[{"href":"https:\/\/mersingazetesi.com\/index.php\/wp-json\/wp\/v2\/posts\/131930","targetHints":{"allow":["GET"]}}],"collection":[{"href":"https:\/\/mersingazetesi.com\/index.php\/wp-json\/wp\/v2\/posts"}],"about":[{"href":"https:\/\/mersingazetesi.com\/index.php\/wp-json\/wp\/v2\/types\/post"}],"author":[{"embeddable":true,"href":"https:\/\/mersingazetesi.com\/index.php\/wp-json\/wp\/v2\/users\/2"}],"replies":[{"embeddable":true,"href":"https:\/\/mersingazetesi.com\/index.php\/wp-json\/wp\/v2\/comments?post=131930"}],"version-history":[{"count":1,"href":"https:\/\/mersingazetesi.com\/index.php\/wp-json\/wp\/v2\/posts\/131930\/revisions"}],"predecessor-version":[{"id":131932,"href":"https:\/\/mersingazetesi.com\/index.php\/wp-json\/wp\/v2\/posts\/131930\/revisions\/131932"}],"wp:featuredmedia":[{"embeddable":true,"href":"https:\/\/mersingazetesi.com\/index.php\/wp-json\/wp\/v2\/media\/131931"}],"wp:attachment":[{"href":"https:\/\/mersingazetesi.com\/index.php\/wp-json\/wp\/v2\/media?parent=131930"}],"wp:term":[{"taxonomy":"category","embeddable":true,"href":"https:\/\/mersingazetesi.com\/index.php\/wp-json\/wp\/v2\/categories?post=131930"},{"taxonomy":"post_tag","embeddable":true,"href":"https:\/\/mersingazetesi.com\/index.php\/wp-json\/wp\/v2\/tags?post=131930"}],"curies":[{"name":"wp","href":"https:\/\/api.w.org\/{rel}","templated":true}]}}