{"id":131927,"date":"2026-04-30T09:33:00","date_gmt":"2026-04-30T06:33:00","guid":{"rendered":"https:\/\/mersingazetesi.com\/?p=131927"},"modified":"2026-04-30T09:33:00","modified_gmt":"2026-04-30T06:33:00","slug":"mersin-sahili-icin-ortak-ses-potansiyel-var-ama-degerlendirilmiyor","status":"publish","type":"post","link":"https:\/\/mersingazetesi.com\/index.php\/2026\/04\/30\/mersin-sahili-icin-ortak-ses-potansiyel-var-ama-degerlendirilmiyor\/","title":{"rendered":"MERS\u0130N SAH\u0130L\u0130 \u0130\u00c7\u0130N ORTAK SES: \u201cPOTANS\u0130YEL VAR AMA DE\u011eERLEND\u0130R\u0130LM\u0130YOR\u201d"},"content":{"rendered":"<p>Mersin sahilinde yap\u0131lan \u00fc\u00e7 ayr\u0131 sokak r\u00f6portaj\u0131, kentin en \u00f6nemli de\u011ferlerinden biri olan sahil \u015feridinin yeterince de\u011ferlendirilmedi\u011fini ortaya koydu. Farkl\u0131 ya\u015f ve meslek gruplar\u0131ndan vatanda\u015flar\u0131n g\u00f6r\u00fc\u015fleri; eksiklikler, beklentiler ve gelece\u011fe dair umutlar\u0131 net bi\u00e7imde yans\u0131t\u0131yor.<\/p>\n<p><b>\u201cBu sahil \u00e7ok daha canl\u0131 olabilir\u201d<\/b><\/p>\n<p>Gen\u00e7ler ba\u015fta olmak \u00fczere bir\u00e7ok vatanda\u015f, sahilin mevcut haliyle potansiyelinin gerisinde kald\u0131\u011f\u0131n\u0131 d\u00fc\u015f\u00fcn\u00fcyor. \u00dcniversite \u00f6\u011frencileri ve gen\u00e7 \u00e7al\u0131\u015fanlar, etkinlik ve sosyal ya\u015fam eksikli\u011fine dikkat \u00e7ekiyor.<\/p>\n<p>Bir \u00fcniversite \u00f6\u011frencisi, \u201cB\u00f6yle bir sahil her \u015fehirde yok ama etkinlik yok, gece hayat\u0131 s\u0131n\u0131rl\u0131\u201d derken, bir ba\u015fka gen\u00e7 ise sahilin \u201cs\u0131k\u0131c\u0131 ve tekd\u00fcze\u201d oldu\u011funu, daha fazla konser ve aktivite gerekti\u011fini vurguluyor.<\/p>\n<p><b>\u201cEksikler h\u00e2l\u00e2 giderilmi\u015f de\u011fil\u201d<\/b><\/p>\n<p>Esnaf ve sahilde \u00e7al\u0131\u015fan vatanda\u015flar ise tabloya daha temkinli yakla\u015f\u0131yor. Mevcut durumun ge\u00e7mi\u015fe g\u00f6re k\u0131smen iyile\u015fti\u011fini kabul eden kat\u0131l\u0131mc\u0131lar, temizlik ve bak\u0131m sorunlar\u0131n\u0131n s\u00fcrd\u00fc\u011f\u00fcn\u00fc belirtiyor.<\/p>\n<p>Bir esnaf, \u201cBaz\u0131 b\u00f6lgeler \u00e7ok bak\u0131ms\u0131z. Turist \u00e7ekmek istiyorsan her yer ayn\u0131 kalitede olmal\u0131\u201d derken, sahilde \u00e7al\u0131\u015fan bir garson da \u00f6zellikle k\u0131\u015f aylar\u0131nda ya\u015fanan durgunlu\u011fa dikkat \u00e7ekerek, \u201cYaz\u0131n hareket var ama k\u0131\u015f\u0131n sahil tamamen \u00f6l\u00fc gibi\u201d ifadelerini kullan\u0131yor.<\/p>\n<p><b>\u201cAntalya olabilir ama sistem yok\u201d<\/b><\/p>\n<p>R\u00f6portajlar\u0131n ikinci b\u00f6l\u00fcm\u00fcnde y\u00f6neltilen \u201cMersin, Antalya gibi turizm \u015fehri olabilir mi?\u201d sorusu ise farkl\u0131 bak\u0131\u015f a\u00e7\u0131lar\u0131n\u0131 ortaya koydu.<\/p>\n<p>Turizm \u00f6\u011frencileri ve gen\u00e7ler, Mersin\u2019in do\u011fal avantajlar\u0131na ra\u011fmen tan\u0131t\u0131m ve organizasyon eksikli\u011fi ya\u015fad\u0131\u011f\u0131n\u0131 belirtiyor. Bir kat\u0131l\u0131mc\u0131, \u201cAntalya\u2019da sistem var, Mersin\u2019de eksik olan bu\u201d derken, bir di\u011feri \u201cKimse Mersin\u2019i tan\u0131m\u0131yor\u201d s\u00f6zleriyle tan\u0131t\u0131m yetersizli\u011fine i\u015faret ediyor.<\/p>\n<p>Sekt\u00f6r \u00e7al\u0131\u015fanlar\u0131 ise s\u00fcrecin uzun vadeli oldu\u011funa dikkat \u00e7ekiyor. Otel \u00e7al\u0131\u015fan\u0131 bir vatanda\u015f, \u201cAntalya y\u0131llar\u0131n birikimi, Mersin i\u00e7in ciddi yat\u0131r\u0131m ve planlama \u015fart\u201d de\u011ferlendirmesinde bulunuyor.<\/p>\n<p><b>\u201cEskinin do\u011fall\u0131\u011f\u0131, bug\u00fcn\u00fcn konforu\u201d<\/b><\/p>\n<p>\u201cSahil eskiden mi daha g\u00fczeldi?\u201d sorusuna verilen yan\u0131tlar ise nostalji ile modernle\u015fme aras\u0131nda b\u00f6l\u00fcnm\u00fc\u015f durumda.<\/p>\n<p>\u0130leri ya\u015f gruplar\u0131 sahilin ge\u00e7mi\u015fte daha do\u011fal ve temiz oldu\u011funu savunurken, gen\u00e7 ve orta ya\u015fl\u0131 kat\u0131l\u0131mc\u0131lar bug\u00fcnk\u00fc d\u00fczen ve imkanlar\u0131n avantajlar\u0131na dikkat \u00e7ekiyor.<\/p>\n<p>Bir emekli, \u201cEskiden daha do\u011fald\u0131, \u015fimdi beton artt\u0131\u201d derken, bir m\u00fchendis ise \u201c\u015eimdi daha d\u00fczenli ve kullan\u0131\u015fl\u0131\u201d g\u00f6r\u00fc\u015f\u00fcn\u00fc dile getiriyor. Ortak noktada bulu\u015fan de\u011ferlendirme ise dikkat \u00e7ekici: \u201cEskinin do\u011fall\u0131\u011f\u0131 vard\u0131, \u015fimdinin konforu var.\u201d<\/p>\n<p><b>ORTAK TABLO: B\u00dcY\u00dcK POTANS\u0130YEL, EKS\u0130K PLANLAMA<\/b><\/p>\n<p>Yap\u0131lan r\u00f6portajlar, Mersin sahilinin hem sosyal ya\u015fam hem de turizm a\u00e7\u0131s\u0131ndan b\u00fcy\u00fck bir potansiyele sahip oldu\u011funu, ancak bu potansiyelin yeterince planl\u0131 ve s\u00fcrd\u00fcr\u00fclebilir \u015fekilde kullan\u0131lmad\u0131\u011f\u0131n\u0131 ortaya koyuyor.<\/p>\n<p>Vatanda\u015flar\u0131n ortak beklentisi ise net:<br \/>\nDaha fazla etkinlik, daha g\u00fc\u00e7l\u00fc tan\u0131t\u0131m, d\u00f6rt mevsime yay\u0131lan canl\u0131l\u0131k ve b\u00fct\u00fcnc\u00fcl bir planlama.<\/p>\n<p>Mersin sahili, do\u011fru ad\u0131mlar at\u0131ld\u0131\u011f\u0131 takdirde sadece kentin de\u011fil, T\u00fcrkiye\u2019nin en \u00f6nemli cazibe merkezlerinden biri olmaya aday g\u00f6r\u00fcn\u00fcyor.<\/p>\n","protected":false},"excerpt":{"rendered":"<p>Mersin sahilinde yap\u0131lan \u00fc\u00e7 ayr\u0131 sokak r\u00f6portaj\u0131, kentin en \u00f6nemli de\u011ferlerinden biri olan sahil \u015feridinin yeterince de\u011ferlendirilmedi\u011fini ortaya koydu. Farkl\u0131 ya\u015f ve meslek gruplar\u0131ndan vatanda\u015flar\u0131n g\u00f6r\u00fc\u015fleri; eksiklikler, beklentiler ve gelece\u011fe dair umutlar\u0131 net bi\u00e7imde yans\u0131t\u0131yor. \u201cBu sahil \u00e7ok daha canl\u0131 olabilir\u201d Gen\u00e7ler ba\u015fta olmak \u00fczere bir\u00e7ok vatanda\u015f, sahilin mevcut haliyle potansiyelinin gerisinde kald\u0131\u011f\u0131n\u0131 d\u00fc\u015f\u00fcn\u00fcyor. \u00dcniversite [&hellip;]<\/p>\n","protected":false},"author":2,"featured_media":131928,"comment_status":"open","ping_status":"open","sticky":false,"template":"","format":"standard","meta":{"footnotes":""},"categories":[8],"tags":[],"class_list":["post-131927","post","type-post","status-publish","format-standard","has-post-thumbnail","hentry","category-mersin"],"views":73,"_links":{"self":[{"href":"https:\/\/mersingazetesi.com\/index.php\/wp-json\/wp\/v2\/posts\/131927","targetHints":{"allow":["GET"]}}],"collection":[{"href":"https:\/\/mersingazetesi.com\/index.php\/wp-json\/wp\/v2\/posts"}],"about":[{"href":"https:\/\/mersingazetesi.com\/index.php\/wp-json\/wp\/v2\/types\/post"}],"author":[{"embeddable":true,"href":"https:\/\/mersingazetesi.com\/index.php\/wp-json\/wp\/v2\/users\/2"}],"replies":[{"embeddable":true,"href":"https:\/\/mersingazetesi.com\/index.php\/wp-json\/wp\/v2\/comments?post=131927"}],"version-history":[{"count":1,"href":"https:\/\/mersingazetesi.com\/index.php\/wp-json\/wp\/v2\/posts\/131927\/revisions"}],"predecessor-version":[{"id":131929,"href":"https:\/\/mersingazetesi.com\/index.php\/wp-json\/wp\/v2\/posts\/131927\/revisions\/131929"}],"wp:featuredmedia":[{"embeddable":true,"href":"https:\/\/mersingazetesi.com\/index.php\/wp-json\/wp\/v2\/media\/131928"}],"wp:attachment":[{"href":"https:\/\/mersingazetesi.com\/index.php\/wp-json\/wp\/v2\/media?parent=131927"}],"wp:term":[{"taxonomy":"category","embeddable":true,"href":"https:\/\/mersingazetesi.com\/index.php\/wp-json\/wp\/v2\/categories?post=131927"},{"taxonomy":"post_tag","embeddable":true,"href":"https:\/\/mersingazetesi.com\/index.php\/wp-json\/wp\/v2\/tags?post=131927"}],"curies":[{"name":"wp","href":"https:\/\/api.w.org\/{rel}","templated":true}]}}