{"id":131921,"date":"2026-04-30T09:29:38","date_gmt":"2026-04-30T06:29:38","guid":{"rendered":"https:\/\/mersingazetesi.com\/?p=131921"},"modified":"2026-04-30T09:29:38","modified_gmt":"2026-04-30T06:29:38","slug":"vali-toros-hafizlik-icazet-merasimine-katildi","status":"publish","type":"post","link":"https:\/\/mersingazetesi.com\/index.php\/2026\/04\/30\/vali-toros-hafizlik-icazet-merasimine-katildi\/","title":{"rendered":"Vali Toros, Haf\u0131zl\u0131k \u0130cazet Merasimi\u2019ne kat\u0131ld\u0131."},"content":{"rendered":"<div class=\"xdj266r x14z9mp xat24cr x1lziwak x1vvkbs x126k92a\">\n<div dir=\"auto\">Mersin Valisi Atilla Toros, \u0130l M\u00fcft\u00fcl\u00fc\u011f\u00fc taraf\u0131ndan d\u00fczenlenen Haf\u0131zl\u0131k \u0130cazet Merasimi\u2019ne kat\u0131ld\u0131.<\/div>\n<\/div>\n<div class=\"x14z9mp xat24cr x1lziwak x1vvkbs xtlvy1s x126k92a\">\n<div dir=\"auto\">Servet Tazeg\u00fcl Spor Salonu\u2019nda ger\u00e7ekle\u015ftirilen program, sayg\u0131 duru\u015fu ve \u0130stikl\u00e2l Mar\u015f\u0131\u2019n\u0131n okunmas\u0131n\u0131n ard\u0131ndan Kur\u2019an-\u0131 Kerim tilaveti ile ba\u015flad\u0131.<\/div>\n<\/div>\n<div class=\"x14z9mp xat24cr x1lziwak x1vvkbs xtlvy1s x126k92a\">\n<div dir=\"auto\">Vali Atilla Toros, programda yapm\u0131\u015f oldu\u011fu konu\u015fmas\u0131nda; \u201cSevgili gen\u00e7 haf\u0131zlar\u0131m\u0131z; sizler art\u0131k sadece birer haf\u0131z de\u011filsiniz. Sizler &#8216;ya\u015fayan Kur\u2019an&#8217; olma yolundas\u0131n\u0131z. Kur\u2019an\u2019\u0131 haf\u0131zada ta\u015f\u0131mak, dilde s\u00f6ylemek, elbette \u00e7ok de\u011ferlidir. Ama as\u0131l de\u011fer, O\u2019nu hakk\u0131yla ya\u015famak, ya\u015fatmakt\u0131r. Ahlak\u0131n\u0131 ku\u015fanmak, rehberli\u011finde y\u00fcr\u00fcmektir.\u201d ifadelerini kulland\u0131.<\/div>\n<\/div>\n<div class=\"x14z9mp xat24cr x1lziwak x1vvkbs xtlvy1s x126k92a\">\n<div dir=\"auto\">Programda; Diyanet \u0130\u015fleri Ba\u015fkan Yard\u0131mc\u0131s\u0131 Dr. H\u00fcseyin Haz\u0131rlar taraf\u0131ndan bir konu\u015fma ger\u00e7ekle\u015ftirildi. Ayr\u0131ca Reis\u2019\u00fcl-Kurra Haf\u0131z Mustafa Demirkan taraf\u0131ndan dua edildi.<\/div>\n<\/div>\n<div class=\"x14z9mp xat24cr x1lziwak x1vvkbs xtlvy1s x126k92a\">\n<div dir=\"auto\">Program, haf\u0131zl\u0131k icazet belgelerinin takdim edilmesinin ard\u0131ndan hat\u0131ra foto\u011fraf\u0131 \u00e7ekilmesiyle sona erdi.<\/div>\n<\/div>\n","protected":false},"excerpt":{"rendered":"<p>Mersin Valisi Atilla Toros, \u0130l M\u00fcft\u00fcl\u00fc\u011f\u00fc taraf\u0131ndan d\u00fczenlenen Haf\u0131zl\u0131k \u0130cazet Merasimi\u2019ne kat\u0131ld\u0131. Servet Tazeg\u00fcl Spor Salonu\u2019nda ger\u00e7ekle\u015ftirilen program, sayg\u0131 duru\u015fu ve \u0130stikl\u00e2l Mar\u015f\u0131\u2019n\u0131n okunmas\u0131n\u0131n ard\u0131ndan Kur\u2019an-\u0131 Kerim tilaveti ile ba\u015flad\u0131. Vali Atilla Toros, programda yapm\u0131\u015f oldu\u011fu konu\u015fmas\u0131nda; \u201cSevgili gen\u00e7 haf\u0131zlar\u0131m\u0131z; sizler art\u0131k sadece birer haf\u0131z de\u011filsiniz. Sizler &#8216;ya\u015fayan Kur\u2019an&#8217; olma yolundas\u0131n\u0131z. Kur\u2019an\u2019\u0131 haf\u0131zada ta\u015f\u0131mak, dilde [&hellip;]<\/p>\n","protected":false},"author":2,"featured_media":131922,"comment_status":"open","ping_status":"open","sticky":false,"template":"","format":"standard","meta":{"footnotes":""},"categories":[1],"tags":[],"class_list":["post-131921","post","type-post","status-publish","format-standard","has-post-thumbnail","hentry","category-gundem"],"views":85,"_links":{"self":[{"href":"https:\/\/mersingazetesi.com\/index.php\/wp-json\/wp\/v2\/posts\/131921","targetHints":{"allow":["GET"]}}],"collection":[{"href":"https:\/\/mersingazetesi.com\/index.php\/wp-json\/wp\/v2\/posts"}],"about":[{"href":"https:\/\/mersingazetesi.com\/index.php\/wp-json\/wp\/v2\/types\/post"}],"author":[{"embeddable":true,"href":"https:\/\/mersingazetesi.com\/index.php\/wp-json\/wp\/v2\/users\/2"}],"replies":[{"embeddable":true,"href":"https:\/\/mersingazetesi.com\/index.php\/wp-json\/wp\/v2\/comments?post=131921"}],"version-history":[{"count":2,"href":"https:\/\/mersingazetesi.com\/index.php\/wp-json\/wp\/v2\/posts\/131921\/revisions"}],"predecessor-version":[{"id":131924,"href":"https:\/\/mersingazetesi.com\/index.php\/wp-json\/wp\/v2\/posts\/131921\/revisions\/131924"}],"wp:featuredmedia":[{"embeddable":true,"href":"https:\/\/mersingazetesi.com\/index.php\/wp-json\/wp\/v2\/media\/131922"}],"wp:attachment":[{"href":"https:\/\/mersingazetesi.com\/index.php\/wp-json\/wp\/v2\/media?parent=131921"}],"wp:term":[{"taxonomy":"category","embeddable":true,"href":"https:\/\/mersingazetesi.com\/index.php\/wp-json\/wp\/v2\/categories?post=131921"},{"taxonomy":"post_tag","embeddable":true,"href":"https:\/\/mersingazetesi.com\/index.php\/wp-json\/wp\/v2\/tags?post=131921"}],"curies":[{"name":"wp","href":"https:\/\/api.w.org\/{rel}","templated":true}]}}