{"id":131917,"date":"2026-04-30T09:27:23","date_gmt":"2026-04-30T06:27:23","guid":{"rendered":"https:\/\/mersingazetesi.com\/?p=131917"},"modified":"2026-04-30T09:27:23","modified_gmt":"2026-04-30T06:27:23","slug":"cimsanin-cirosu-ilk-ceyrekte-116-milyar-tlye-ulasti","status":"publish","type":"post","link":"https:\/\/mersingazetesi.com\/index.php\/2026\/04\/30\/cimsanin-cirosu-ilk-ceyrekte-116-milyar-tlye-ulasti\/","title":{"rendered":"\u00c7imsa\u2019n\u0131n cirosu ilk \u00e7eyrekte 11,6 milyar TL\u2019ye ula\u015ft\u0131"},"content":{"rendered":"<p><strong>Son y\u0131llarda yapt\u0131\u011f\u0131 k\u00fcresel b\u00fcy\u00fcme hamleleri ve hayata ge\u00e7irdi\u011fi stratejik enerji yat\u0131r\u0131mlar\u0131 sayesinde 2026 y\u0131l\u0131na g\u00fc\u00e7l\u00fc bir giri\u015f yapan \u00c7imsa, ilk \u00e7eyrekte FAV\u00d6K\u2019\u00fcn\u00fc reel olarak y\u00fczde 2,7\u2019lik art\u0131\u015fla 1,5 milyar TL\u2019ye ta\u015f\u0131d\u0131. \u00c7imsa\u2019n\u0131n ilk 3 ayl\u0131k net kar\u0131 ise y\u00fczde 56 y\u00fckseli\u015fle 705 milyon TL olarak ger\u00e7ekle\u015fti.<\/strong><\/p>\n<p>&nbsp;<\/p>\n<p>Sabanc\u0131 Holding i\u015ftiraki \u00c7imsa, y\u0131l\u0131n ilk \u00e7eyre\u011fine ili\u015fkin finansal sonu\u00e7lar\u0131n\u0131 a\u00e7\u0131klad\u0131. Son y\u0131llarda imza att\u0131\u011f\u0131 uluslararas\u0131 yat\u0131r\u0131mlar sayesinde konsolide bazda b\u00fcy\u00fcmeyi s\u00fcrd\u00fcren \u00c7imsa\u2019n\u0131n sat\u0131\u015flar\u0131 11,6 milyar TL olarak ger\u00e7ekle\u015fti. Enerji, yak\u0131t ve navlun fiyatlar\u0131n\u0131n ciddi y\u00fckseli\u015fler ya\u015fad\u0131\u011f\u0131 bir d\u00f6nemde, ortaya koydu\u011fu verimlilik odakl\u0131 yakla\u015f\u0131m\u0131, co\u011frafya ve \u00fcr\u00fcn \u00e7e\u015fitlili\u011fi ile \u00c7imsa, ilk \u00e7eyrekte FAV\u00d6K\u2019\u00fcn\u00fc y\u00fczde 2,7\u2019lik art\u0131\u015fla 1,5 milyar TL\u2019ye; net k\u00e2r\u0131n\u0131 ise y\u00fczde 56\u2019l\u0131k art\u0131\u015fla 705 milyon TL\u2019ye ta\u015f\u0131d\u0131.<\/p>\n<p>&nbsp;<\/p>\n<p><strong>UMUT ZENAR: \u201cG\u00dc\u00c7L\u00dc B\u0130LAN\u00c7O YAPIMIZ, VER\u0130ML\u0130L\u0130K YATIRIMLARI VE B\u00dcY\u00dcME PROJELER\u0130 \u0130\u00c7\u0130N B\u0130ZE \u0130MK\u00c2N SA\u011eLIYOR\u201d<\/strong><\/p>\n<p>&nbsp;<\/p>\n<p>Konuyla ilgili de\u011ferlendirmelerde bulunan \u00c7imsa Y\u00f6netim Kurulu Ba\u015fkan\u0131 Umut Zenar, \u201c2025 y\u0131l\u0131n\u0131n son \u00e7eyre\u011finde tamamlayarak hizmete ald\u0131\u011f\u0131m\u0131z ABD gri \u00e7imento yat\u0131r\u0131m\u0131m\u0131z ve ge\u00e7ti\u011fimiz d\u00f6nemde ba\u015flatt\u0131\u011f\u0131m\u0131z uluslararas\u0131 ticaret operasyonlar\u0131m\u0131z sayesinde konsolide bazda sat\u0131\u015f hacmimizi art\u0131r\u0131rken, s\u00fcrd\u00fcr\u00fclebilir k\u00e2rl\u0131l\u0131k yakla\u015f\u0131m\u0131m\u0131z\u0131 da g\u00fc\u00e7lendirmeye devam ettik. Jeopolitik geli\u015fmeler sonucunda, \u00f6zellikle petrol fiyatlar\u0131ndaki ciddi art\u0131\u015flar\u0131n maliyetler \u00fczerinde bask\u0131 olu\u015fturdu\u011fu bir d\u00f6nemdeyiz. B\u00f6ylesine zorlu bir ortamda hem FAV\u00d6K\u2019\u00fcm\u00fcz\u00fc hem de net k\u00e2r\u0131m\u0131z\u0131 \u00f6nemli \u00f6l\u00e7\u00fcde art\u0131rmay\u0131 ba\u015fard\u0131k. \u00c7imsa\u2019n\u0131n piyasada daha rekabet\u00e7i ve s\u00fcrd\u00fcr\u00fclebilir k\u00e2rl\u0131l\u0131k odakl\u0131 olma ad\u0131na ald\u0131\u011f\u0131 aksiyonlar\u0131n sonu\u00e7lar\u0131n\u0131 g\u00f6rm\u00fc\u015f olduk. \u00d6ncelikle T\u00fcrkiye, \u0130spanya ve \u0130rlanda\u2019da bulunan fabrikalar\u0131m\u0131zda, alternatif yak\u0131t oranlar\u0131m\u0131z\u0131 en y\u00fcksek seviyelere \u00e7\u0131kard\u0131k ve bu fabrikalar\u0131m\u0131zda ayr\u0131ca at\u0131k \u0131s\u0131, g\u00fcne\u015f enerjisi gibi enerji odakl\u0131 yat\u0131r\u0131mlar\u0131 tamamlayarak enerji ve yak\u0131t maliyetlerindeki fiyat art\u0131\u015f risklerinden kendimizi koruduk. Ticari olarak ise kapsaml\u0131 ve uzun vadeli yak\u0131t, elektrik ve navlun kontratlar\u0131yla son ya\u015fanan maliyet art\u0131\u015flar\u0131ndan korunmay\u0131 ba\u015fard\u0131k. T\u00fcm bu hamleler \u00c7imsa\u2019n\u0131n sa\u011fl\u0131kl\u0131 bilan\u00e7o yap\u0131s\u0131n\u0131 g\u00fc\u00e7lendirirken, gelecekte yapabilece\u011fi olas\u0131 yat\u0131r\u0131mlar i\u00e7in de manevra kabiliyetini art\u0131r\u0131yor\u201d dedi.<\/p>\n","protected":false},"excerpt":{"rendered":"<p>Son y\u0131llarda yapt\u0131\u011f\u0131 k\u00fcresel b\u00fcy\u00fcme hamleleri ve hayata ge\u00e7irdi\u011fi stratejik enerji yat\u0131r\u0131mlar\u0131 sayesinde 2026 y\u0131l\u0131na g\u00fc\u00e7l\u00fc bir giri\u015f yapan \u00c7imsa, ilk \u00e7eyrekte FAV\u00d6K\u2019\u00fcn\u00fc reel olarak y\u00fczde 2,7\u2019lik art\u0131\u015fla 1,5 milyar TL\u2019ye ta\u015f\u0131d\u0131. \u00c7imsa\u2019n\u0131n ilk 3 ayl\u0131k net kar\u0131 ise y\u00fczde 56 y\u00fckseli\u015fle 705 milyon TL olarak ger\u00e7ekle\u015fti. &nbsp; Sabanc\u0131 Holding i\u015ftiraki \u00c7imsa, y\u0131l\u0131n ilk \u00e7eyre\u011fine [&hellip;]<\/p>\n","protected":false},"author":2,"featured_media":131918,"comment_status":"open","ping_status":"open","sticky":false,"template":"","format":"standard","meta":{"footnotes":""},"categories":[1],"tags":[],"class_list":["post-131917","post","type-post","status-publish","format-standard","has-post-thumbnail","hentry","category-gundem"],"views":83,"_links":{"self":[{"href":"https:\/\/mersingazetesi.com\/index.php\/wp-json\/wp\/v2\/posts\/131917","targetHints":{"allow":["GET"]}}],"collection":[{"href":"https:\/\/mersingazetesi.com\/index.php\/wp-json\/wp\/v2\/posts"}],"about":[{"href":"https:\/\/mersingazetesi.com\/index.php\/wp-json\/wp\/v2\/types\/post"}],"author":[{"embeddable":true,"href":"https:\/\/mersingazetesi.com\/index.php\/wp-json\/wp\/v2\/users\/2"}],"replies":[{"embeddable":true,"href":"https:\/\/mersingazetesi.com\/index.php\/wp-json\/wp\/v2\/comments?post=131917"}],"version-history":[{"count":2,"href":"https:\/\/mersingazetesi.com\/index.php\/wp-json\/wp\/v2\/posts\/131917\/revisions"}],"predecessor-version":[{"id":131920,"href":"https:\/\/mersingazetesi.com\/index.php\/wp-json\/wp\/v2\/posts\/131917\/revisions\/131920"}],"wp:featuredmedia":[{"embeddable":true,"href":"https:\/\/mersingazetesi.com\/index.php\/wp-json\/wp\/v2\/media\/131918"}],"wp:attachment":[{"href":"https:\/\/mersingazetesi.com\/index.php\/wp-json\/wp\/v2\/media?parent=131917"}],"wp:term":[{"taxonomy":"category","embeddable":true,"href":"https:\/\/mersingazetesi.com\/index.php\/wp-json\/wp\/v2\/categories?post=131917"},{"taxonomy":"post_tag","embeddable":true,"href":"https:\/\/mersingazetesi.com\/index.php\/wp-json\/wp\/v2\/tags?post=131917"}],"curies":[{"name":"wp","href":"https:\/\/api.w.org\/{rel}","templated":true}]}}