{"id":131911,"date":"2026-04-30T09:25:26","date_gmt":"2026-04-30T06:25:26","guid":{"rendered":"https:\/\/mersingazetesi.com\/?p=131911"},"modified":"2026-04-30T09:25:26","modified_gmt":"2026-04-30T06:25:26","slug":"tum-paydaslarla-diyalog-ve-is-birligini-onemsiyoruz","status":"publish","type":"post","link":"https:\/\/mersingazetesi.com\/index.php\/2026\/04\/30\/tum-paydaslarla-diyalog-ve-is-birligini-onemsiyoruz\/","title":{"rendered":"&#8220;T\u00fcm payda\u015flarla diyalog ve i\u015f birli\u011fini \u00f6nemsiyoruz&#8221;"},"content":{"rendered":"<p class=\"v1MsoNormal\"><b>\u00a0<\/b>CHP Adana Milletvekili, TBMM Ba\u015fkanl\u0131k Divan\u0131 \u00dcyesi Dr. M\u00fczeyyen \u015eevkin, Adana&#8217;da farkl\u0131 meslek odalar\u0131n\u0131n yeni se\u00e7ilen ba\u015fkan ve y\u00f6netim kurulu \u00fcyelerine nezaket ziyaretlerinde bulundu. Kentin bilimsel, teknik ve sa\u011fl\u0131k alan\u0131ndaki birikimini temsil eden odalarla bir araya gelen Dr. \u015eevkin, nazik ev sahiplikleri i\u00e7in te\u015fekk\u00fcr etti.<\/p>\n<p class=\"v1MsoNormal\"><b>EMO ADANA \u015eUBES\u0130&#8217;NE Z\u0130YARET<\/b><\/p>\n<p class=\"v1MsoNormal\">TMMOB Elektrik M\u00fchendisleri Odas\u0131 (EMO) Adana \u015eube Ba\u015fkanl\u0131\u011f\u0131&#8217;na se\u00e7ilen Mehmet Mak ve y\u00f6netim kurulu \u00fcyelerini ziyaret eden Dr. \u015eevkin, elektrik ve elektronik m\u00fchendisli\u011finin modern ya\u015fam\u0131n s\u00fcrd\u00fcr\u00fclebilirli\u011fi ve altyap\u0131 g\u00fcvenli\u011fi a\u00e7\u0131s\u0131ndan kritik bir rol \u00fcstlendi\u011fine dikkat \u00e7ekti.<br \/>\nDr. \u015eevkin, &#8220;Nazik kar\u015f\u0131lamalar\u0131 i\u00e7in te\u015fekk\u00fcr ediyorum. Kentimizin ve \u00fclkemizin geli\u015fimi ad\u0131na her zaman i\u015f birli\u011fi yapmaya haz\u0131r\u0131z&#8221; dedi.<\/p>\n<p class=\"v1MsoNormal\"><b>ADANA TAB\u0130P ODASI&#8217;NA Z\u0130YARET<\/b><\/p>\n<p class=\"v1MsoNormal\">Adana Tabip Odas\u0131 Ba\u015fkanl\u0131\u011f\u0131&#8217;na se\u00e7ilen Prof. Dr. Ahmet Hilal ve y\u00f6netim kurulu \u00fcyeleriyle de bir araya gelen Dr. \u015eevkin, hekimlik mesle\u011finin toplum sa\u011fl\u0131\u011f\u0131n\u0131 koruma ve geli\u015ftirme a\u00e7\u0131s\u0131ndan vazge\u00e7ilmez oldu\u011funu vurgulad\u0131. Dr. \u015eevkin, sa\u011fl\u0131k alan\u0131ndaki ortak \u00e7al\u0131\u015fmalar\u0131n \u00f6nemine de\u011finerek, &#8220;Nazik ev sahiplikleri i\u00e7in te\u015fekk\u00fcr ediyorum. Halk sa\u011fl\u0131\u011f\u0131n\u0131 \u00f6nceleyen her ad\u0131mda birlikte \u00e7al\u0131\u015fmaya haz\u0131r\u0131z&#8221; ifadelerini kulland\u0131.<\/p>\n<p class=\"v1MsoNormal\"><b>&#8220;MESLEK ODALARIYLA \u0130\u015e B\u0130RL\u0130\u011e\u0130, KALKINMANIN ANAHTARIDIR&#8221;<\/b><\/p>\n<p class=\"v1MsoNormal\">\u00dcyesi olmaktan ve iki d\u00f6nem ba\u015fkanl\u0131\u011f\u0131n\u0131 y\u00fcr\u00fctmekten onur duydu\u011fu TMMOB Jeoloji M\u00fchendisleri Odas\u0131 (JMO) Adana \u015eubesi&#8217;ne de ziyaret ger\u00e7ekle\u015ftiren CHP&#8217;li Dr. M\u00fczeyyen \u015eevkin, \u015eube Ba\u015fkanl\u0131\u011f\u0131&#8217;na se\u00e7ilen Mehmet Tatar ve y\u00f6netim kurulu \u00fcyeleriyle g\u00f6r\u00fc\u015ft\u00fc. Dr. \u015eevkin, Jeoloji m\u00fchendisli\u011finin afet y\u00f6netimi, do\u011fal kaynaklar\u0131n do\u011fru kullan\u0131m\u0131 ve g\u00fcvenli kentle\u015fme a\u00e7\u0131s\u0131ndan hayati \u00f6neme sahip oldu\u011funu belirtti.<br \/>\nDr. \u015eevkin, &#8220;Bu camian\u0131n bir par\u00e7as\u0131 olmaktan gurur duyuyorum. Nazik kabulleri i\u00e7in te\u015fekk\u00fcr ediyorum. Bilim ve ak\u0131l \u0131\u015f\u0131\u011f\u0131nda kentimiz ve \u00fclkemiz i\u00e7in birlikte \u00fcretmeye devam edece\u011fiz&#8221; dedi.<\/p>\n<p class=\"v1MsoNormal\"><b>ORTAK AKIL VE DAYANI\u015eMA VURGUSU<\/b><\/p>\n<p class=\"v1MsoNormal\">Ger\u00e7ekle\u015ftirdi\u011fi ziyaretlerde meslek odalar\u0131n\u0131n toplumsal geli\u015fimdeki rol\u00fcne dikkat \u00e7eken Dr. \u015eevkin, Adana&#8217;n\u0131n ve T\u00fcrkiye&#8217;nin kalk\u0131nmas\u0131 i\u00e7in t\u00fcm payda\u015flarla diyalog ve i\u015f birli\u011fini \u00f6nemsediklerini ifade etti. Dr. \u015eevkin, &#8220;Adanam\u0131z ve \u00fclkemiz i\u00e7in hay\u0131rl\u0131 u\u011furlu olmas\u0131n\u0131 diliyor, yeni y\u00f6netime ba\u015far\u0131lar temenni ediyorum. Her zaman ortak ak\u0131l ve dayan\u0131\u015fmayla hareket etmeye haz\u0131r\u0131z&#8221; \u015feklinde konu\u015ftu.<\/p>\n","protected":false},"excerpt":{"rendered":"<p>\u00a0CHP Adana Milletvekili, TBMM Ba\u015fkanl\u0131k Divan\u0131 \u00dcyesi Dr. M\u00fczeyyen \u015eevkin, Adana&#8217;da farkl\u0131 meslek odalar\u0131n\u0131n yeni se\u00e7ilen ba\u015fkan ve y\u00f6netim kurulu \u00fcyelerine nezaket ziyaretlerinde bulundu. Kentin bilimsel, teknik ve sa\u011fl\u0131k alan\u0131ndaki birikimini temsil eden odalarla bir araya gelen Dr. \u015eevkin, nazik ev sahiplikleri i\u00e7in te\u015fekk\u00fcr etti. EMO ADANA \u015eUBES\u0130&#8217;NE Z\u0130YARET TMMOB Elektrik M\u00fchendisleri Odas\u0131 (EMO) Adana [&hellip;]<\/p>\n","protected":false},"author":2,"featured_media":131912,"comment_status":"open","ping_status":"open","sticky":false,"template":"","format":"standard","meta":{"footnotes":""},"categories":[1],"tags":[],"class_list":["post-131911","post","type-post","status-publish","format-standard","has-post-thumbnail","hentry","category-gundem"],"views":70,"_links":{"self":[{"href":"https:\/\/mersingazetesi.com\/index.php\/wp-json\/wp\/v2\/posts\/131911","targetHints":{"allow":["GET"]}}],"collection":[{"href":"https:\/\/mersingazetesi.com\/index.php\/wp-json\/wp\/v2\/posts"}],"about":[{"href":"https:\/\/mersingazetesi.com\/index.php\/wp-json\/wp\/v2\/types\/post"}],"author":[{"embeddable":true,"href":"https:\/\/mersingazetesi.com\/index.php\/wp-json\/wp\/v2\/users\/2"}],"replies":[{"embeddable":true,"href":"https:\/\/mersingazetesi.com\/index.php\/wp-json\/wp\/v2\/comments?post=131911"}],"version-history":[{"count":1,"href":"https:\/\/mersingazetesi.com\/index.php\/wp-json\/wp\/v2\/posts\/131911\/revisions"}],"predecessor-version":[{"id":131913,"href":"https:\/\/mersingazetesi.com\/index.php\/wp-json\/wp\/v2\/posts\/131911\/revisions\/131913"}],"wp:featuredmedia":[{"embeddable":true,"href":"https:\/\/mersingazetesi.com\/index.php\/wp-json\/wp\/v2\/media\/131912"}],"wp:attachment":[{"href":"https:\/\/mersingazetesi.com\/index.php\/wp-json\/wp\/v2\/media?parent=131911"}],"wp:term":[{"taxonomy":"category","embeddable":true,"href":"https:\/\/mersingazetesi.com\/index.php\/wp-json\/wp\/v2\/categories?post=131911"},{"taxonomy":"post_tag","embeddable":true,"href":"https:\/\/mersingazetesi.com\/index.php\/wp-json\/wp\/v2\/tags?post=131911"}],"curies":[{"name":"wp","href":"https:\/\/api.w.org\/{rel}","templated":true}]}}