{"id":131901,"date":"2026-04-30T09:21:56","date_gmt":"2026-04-30T06:21:56","guid":{"rendered":"https:\/\/mersingazetesi.com\/?p=131901"},"modified":"2026-04-30T09:21:56","modified_gmt":"2026-04-30T06:21:56","slug":"bekir-karacabey-mersinde","status":"publish","type":"post","link":"https:\/\/mersingazetesi.com\/index.php\/2026\/04\/30\/bekir-karacabey-mersinde\/","title":{"rendered":"Bekir Karacabey Mersin\u2019de"},"content":{"rendered":"<p><span style=\"color: #080809;\"><span style=\"font-family: Times New Roman, serif;\">Mersin Orman B\u00f6lge M\u00fcd\u00fcrl\u00fc\u011f\u00fc, \u00f6nemli bir ziyarete ev sahipli\u011fi yapt\u0131. Genel M\u00fcd\u00fcr Bekir Karacabey, Mersin\u2019e gelerek hem B\u00f6lge M\u00fcd\u00fcrl\u00fc\u011f\u00fcnde incelemelerde bulundu hem de \u00e7al\u0131\u015fanlarla bir araya geldi.<\/span><\/span><\/p>\n<p><span style=\"color: #080809;\"><span style=\"font-family: Times New Roman, serif;\">Karacabey, Mersin Orman B\u00f6lge M\u00fcd\u00fcr\u00fc Zafer K\u0131z\u0131l\u2019\u0131 makam\u0131nda ziyaret ederek yeni g\u00f6revinde ba\u015far\u0131lar diledi. Samimi bir atmosferde ger\u00e7ekle\u015fen g\u00f6r\u00fc\u015fmede, kurum \u00e7al\u0131\u015fmalar\u0131 ve b\u00f6lgedeki ormanc\u0131l\u0131k faaliyetleri \u00fczerine k\u0131sa bir de\u011ferlendirme yap\u0131ld\u0131.<\/span><\/span><\/p>\n<p><span style=\"color: #080809;\"><span style=\"font-family: Times New Roman, serif;\">Ard\u0131ndan, Karacabey ba\u015fkanl\u0131\u011f\u0131nda y\u00f6netim kadrosunun kat\u0131l\u0131m\u0131yla bir toplant\u0131 ger\u00e7ekle\u015ftirildi. Toplant\u0131, yaln\u0131zca bir de\u011ferlendirme de\u011fil, ayn\u0131 zamanda sahadaki \u00e7al\u0131\u015fmalar\u0131n ve kar\u015f\u0131la\u015f\u0131lan sorunlar\u0131n do\u011frudan konu\u015fuldu\u011fu verimli bir bulu\u015fma oldu.<\/span><\/span><\/p>\n<p><span style=\"color: #080809;\"><span style=\"font-family: Times New Roman, serif;\">Ormanc\u0131l\u0131k faaliyetlerinde ya\u015fanan sorunlar ve \u00e7\u00f6z\u00fcm \u00f6nerileri masaya yat\u0131r\u0131l\u0131rken, Karacabey de \u00f6nemli mesajlar verdi. G\u00f6revin sorumlulu\u011funa dikkat \u00e7eken Karacabey, \u201cBizim yapt\u0131\u011f\u0131m\u0131z i\u015fler \u015fahsi i\u015fler de\u011fil, milletin bize emanet etti\u011fi g\u00f6revlerdir. Bu emaneti en iyi \u015fekilde ta\u015f\u0131mak zorunday\u0131z.\u201d ifadelerini kulland\u0131.<\/span><\/span><\/p>\n<p><span style=\"color: #080809;\"><span style=\"font-family: Times New Roman, serif;\">Toplant\u0131da ayr\u0131ca B\u00f6lge M\u00fcd\u00fcr\u00fc\u00a0 Zafer K\u0131z\u0131l, kurumun y\u00fcr\u00fctt\u00fc\u011f\u00fc \u00e7al\u0131\u015fmalar ve devam eden ormanc\u0131l\u0131k faaliyetleri hakk\u0131nda bir sunum ger\u00e7ekle\u015ftirerek Karacabey&#8217;e ziyareti ve destekleri i\u00e7in te\u015fekk\u00fcrlerini iletti.<\/span><\/span><\/p>\n","protected":false},"excerpt":{"rendered":"<p>Mersin Orman B\u00f6lge M\u00fcd\u00fcrl\u00fc\u011f\u00fc, \u00f6nemli bir ziyarete ev sahipli\u011fi yapt\u0131. Genel M\u00fcd\u00fcr Bekir Karacabey, Mersin\u2019e gelerek hem B\u00f6lge M\u00fcd\u00fcrl\u00fc\u011f\u00fcnde incelemelerde bulundu hem de \u00e7al\u0131\u015fanlarla bir araya geldi. Karacabey, Mersin Orman B\u00f6lge M\u00fcd\u00fcr\u00fc Zafer K\u0131z\u0131l\u2019\u0131 makam\u0131nda ziyaret ederek yeni g\u00f6revinde ba\u015far\u0131lar diledi. Samimi bir atmosferde ger\u00e7ekle\u015fen g\u00f6r\u00fc\u015fmede, kurum \u00e7al\u0131\u015fmalar\u0131 ve b\u00f6lgedeki ormanc\u0131l\u0131k faaliyetleri \u00fczerine k\u0131sa bir [&hellip;]<\/p>\n","protected":false},"author":2,"featured_media":131902,"comment_status":"open","ping_status":"open","sticky":false,"template":"","format":"standard","meta":{"footnotes":""},"categories":[1],"tags":[],"class_list":["post-131901","post","type-post","status-publish","format-standard","has-post-thumbnail","hentry","category-gundem"],"views":74,"_links":{"self":[{"href":"https:\/\/mersingazetesi.com\/index.php\/wp-json\/wp\/v2\/posts\/131901","targetHints":{"allow":["GET"]}}],"collection":[{"href":"https:\/\/mersingazetesi.com\/index.php\/wp-json\/wp\/v2\/posts"}],"about":[{"href":"https:\/\/mersingazetesi.com\/index.php\/wp-json\/wp\/v2\/types\/post"}],"author":[{"embeddable":true,"href":"https:\/\/mersingazetesi.com\/index.php\/wp-json\/wp\/v2\/users\/2"}],"replies":[{"embeddable":true,"href":"https:\/\/mersingazetesi.com\/index.php\/wp-json\/wp\/v2\/comments?post=131901"}],"version-history":[{"count":2,"href":"https:\/\/mersingazetesi.com\/index.php\/wp-json\/wp\/v2\/posts\/131901\/revisions"}],"predecessor-version":[{"id":131904,"href":"https:\/\/mersingazetesi.com\/index.php\/wp-json\/wp\/v2\/posts\/131901\/revisions\/131904"}],"wp:featuredmedia":[{"embeddable":true,"href":"https:\/\/mersingazetesi.com\/index.php\/wp-json\/wp\/v2\/media\/131902"}],"wp:attachment":[{"href":"https:\/\/mersingazetesi.com\/index.php\/wp-json\/wp\/v2\/media?parent=131901"}],"wp:term":[{"taxonomy":"category","embeddable":true,"href":"https:\/\/mersingazetesi.com\/index.php\/wp-json\/wp\/v2\/categories?post=131901"},{"taxonomy":"post_tag","embeddable":true,"href":"https:\/\/mersingazetesi.com\/index.php\/wp-json\/wp\/v2\/tags?post=131901"}],"curies":[{"name":"wp","href":"https:\/\/api.w.org\/{rel}","templated":true}]}}