{"id":131898,"date":"2026-04-30T09:17:23","date_gmt":"2026-04-30T06:17:23","guid":{"rendered":"https:\/\/mersingazetesi.com\/?p=131898"},"modified":"2026-04-30T09:17:23","modified_gmt":"2026-04-30T06:17:23","slug":"manisa-il-emniyet-muduru-fahri-aktas-mersin-il-emniyet-mudurlugune-atandi","status":"publish","type":"post","link":"https:\/\/mersingazetesi.com\/index.php\/2026\/04\/30\/manisa-il-emniyet-muduru-fahri-aktas-mersin-il-emniyet-mudurlugune-atandi\/","title":{"rendered":"Manisa \u0130l Emniyet M\u00fcd\u00fcr\u00fc Fahri Akta\u015f, Mersin \u0130l Emniyet M\u00fcd\u00fcrl\u00fc\u011f\u00fc&#8217;ne Atand\u0131"},"content":{"rendered":"<p>Resmi Gazete\u2019de yay\u0131mlanan atama karar\u0131na g\u00f6re Emniyet Genel M\u00fcd\u00fcr\u00fc Mahmut Demirta\u015f g\u00f6revden al\u0131nd\u0131, yerine Nev\u015fehir Valisi Ali Fidan atand\u0131. Ayr\u0131ca, Ankara Valisi Vasip \u015eahin yerine Ankara Valili\u011fi&#8217;ne Ayd\u0131n Valisi Yakup Canpolat atand\u0131.<br \/>\nCumhurba\u015fkan\u0131 Recep Tayyip Erdo\u011fan\u2019\u0131n imzas\u0131yla Resmi Gazete\u2019de yay\u0131mlanan atama kararlar\u0131na g\u00f6re, Emniyet Genel M\u00fcd\u00fcr\u00fc Mahmut Demirta\u015f g\u00f6revden al\u0131nd\u0131, yerine Nev\u015fehir Valisi Ali Fidan atand\u0131. Ayr\u0131ca Ankara Valisi Vasip \u015fahin T\u00fcrkiye \u0130nsan Haklar\u0131 ve E\u015fitlik Kurumu Ba\u015fkanl\u0131\u011f\u0131&#8217;na atand\u0131, Ayd\u0131n Valisi Yakup Canbolat, Ankara Valisi olarak atand\u0131. Karar\u0131na g\u00f6re, Ankara \u0130l Emniyet M\u00fcd\u00fcr\u00fc Engin Din\u00e7, Emniyet Genel M\u00fcd\u00fcrl\u00fc\u011f\u00fc emrine al\u0131n\u0131rken, yerine Konya \u0130l Emniyet M\u00fcd\u00fcr\u00fc Maksut Y\u00fcksek atand\u0131. Ad\u0131yaman Valisi Osman Varol Ayd\u0131n Valili\u011fi&#8217;ne, \u0130stanbul G\u00fcng\u00f6ren Kaymakam\u0131 Abdullah K\u00fc\u00e7\u00fck Ad\u0131yaman Valili\u011fi&#8217;ne, G\u00f6\u00e7 \u0130daresi Ba\u015fkan\u0131 H\u00fcseyin K\u00f6k Nev\u015fehir Valili\u011fi&#8217;ne, \u0130\u00e7i\u015fleri Bakanl\u0131\u011f\u0131 Personel Genel M\u00fcd\u00fcr Yard\u0131mc\u0131s\u0131 Mehmet G\u00f6khan Zengin ayn\u0131 yerin Genel M\u00fcd\u00fcrl\u00fc\u011f\u00fc&#8217;ne, N\u00fcfus ve Vatanda\u015fl\u0131k \u0130\u015fleri Genel M\u00fcd\u00fcr Yard\u0131mc\u0131s\u0131 Mehmet Levent Kep\u00e7eli ayn\u0131 yer Genel M\u00fcd\u00fcrl\u00fc\u011f\u00fc&#8217;ne atand\u0131.<br \/>\nAnkara \u0130l Emniyet M\u00fcd\u00fcr\u00fc Engin Din\u00e7 ile beraber Mersin \u0130l Emniyet M\u00fcd\u00fcr\u00fc \u0130dris Y\u0131lmaz ve Siirt \u0130l Emniyet M\u00fcd\u00fcr\u00fc Necmettin \u00d6zt\u00fcrk Emniyet Genel M\u00fcd\u00fcrl\u00fc\u011f\u00fc emrine al\u0131nd\u0131. Yozgat \u0130l Emniyet M\u00fcd\u00fcr\u00fc Necmettin Ko\u00e7, Konya \u0130l Emniyet M\u00fcd\u00fcrl\u00fc\u011f\u00fc&#8217;ne, Manisa \u0130l Emniyet M\u00fcd\u00fcr\u00fc Fahri Akta\u015f, Mersin \u0130l Emniyet M\u00fcd\u00fcrl\u00fc\u011f\u00fc&#8217;ne, Elaz\u0131\u011f \u0130l Emniyet M\u00fcd\u00fcr\u00fc Adnan Karayel, Manisa \u0130l Emniyet M\u00fcd\u00fcrl\u00fc\u011f\u00fc&#8217;ne, Polis Ba\u015fm\u00fcfetti\u015fi Ayd\u0131n Karan, Elaz\u0131\u011f \u0130l Emniyet M\u00fcd\u00fcrl\u00fc\u011f\u00fc&#8217;ne, Polis Ba\u015fm\u00fcfetti\u015fi Tuncay Pekin, Yozgat \u0130l Emniyet M\u00fcd\u00fcrl\u00fc\u011f\u00fc&#8217;ne, Polis Meslek E\u011fitim Merkezi M\u00fcd\u00fcr\u00fc Mehmet \u00d6zdemir ise, Siirt \u0130l Emniyet M\u00fcd\u00fcrl\u00fc\u011f\u00fc&#8217;ne atand\u0131.<br \/>\nAyr\u0131ca Milli G\u00fcvenlik Kurulu Genel Sekreterli\u011fi&#8217;nde a\u00e7\u0131k bulunan Genel Sekreter Yard\u0131mc\u0131l\u0131klar\u0131na F\u00fcsun Arslantosun ve Alper G\u00f6rkem Aksu atand\u0131.<\/p>\n","protected":false},"excerpt":{"rendered":"<p>Resmi Gazete\u2019de yay\u0131mlanan atama karar\u0131na g\u00f6re Emniyet Genel M\u00fcd\u00fcr\u00fc Mahmut Demirta\u015f g\u00f6revden al\u0131nd\u0131, yerine Nev\u015fehir Valisi Ali Fidan atand\u0131. Ayr\u0131ca, Ankara Valisi Vasip \u015eahin yerine Ankara Valili\u011fi&#8217;ne Ayd\u0131n Valisi Yakup Canpolat atand\u0131. Cumhurba\u015fkan\u0131 Recep Tayyip Erdo\u011fan\u2019\u0131n imzas\u0131yla Resmi Gazete\u2019de yay\u0131mlanan atama kararlar\u0131na g\u00f6re, Emniyet Genel M\u00fcd\u00fcr\u00fc Mahmut Demirta\u015f g\u00f6revden al\u0131nd\u0131, yerine Nev\u015fehir Valisi Ali Fidan [&hellip;]<\/p>\n","protected":false},"author":2,"featured_media":131899,"comment_status":"open","ping_status":"open","sticky":false,"template":"","format":"standard","meta":{"footnotes":""},"categories":[1],"tags":[],"class_list":["post-131898","post","type-post","status-publish","format-standard","has-post-thumbnail","hentry","category-gundem"],"views":122,"_links":{"self":[{"href":"https:\/\/mersingazetesi.com\/index.php\/wp-json\/wp\/v2\/posts\/131898","targetHints":{"allow":["GET"]}}],"collection":[{"href":"https:\/\/mersingazetesi.com\/index.php\/wp-json\/wp\/v2\/posts"}],"about":[{"href":"https:\/\/mersingazetesi.com\/index.php\/wp-json\/wp\/v2\/types\/post"}],"author":[{"embeddable":true,"href":"https:\/\/mersingazetesi.com\/index.php\/wp-json\/wp\/v2\/users\/2"}],"replies":[{"embeddable":true,"href":"https:\/\/mersingazetesi.com\/index.php\/wp-json\/wp\/v2\/comments?post=131898"}],"version-history":[{"count":1,"href":"https:\/\/mersingazetesi.com\/index.php\/wp-json\/wp\/v2\/posts\/131898\/revisions"}],"predecessor-version":[{"id":131900,"href":"https:\/\/mersingazetesi.com\/index.php\/wp-json\/wp\/v2\/posts\/131898\/revisions\/131900"}],"wp:featuredmedia":[{"embeddable":true,"href":"https:\/\/mersingazetesi.com\/index.php\/wp-json\/wp\/v2\/media\/131899"}],"wp:attachment":[{"href":"https:\/\/mersingazetesi.com\/index.php\/wp-json\/wp\/v2\/media?parent=131898"}],"wp:term":[{"taxonomy":"category","embeddable":true,"href":"https:\/\/mersingazetesi.com\/index.php\/wp-json\/wp\/v2\/categories?post=131898"},{"taxonomy":"post_tag","embeddable":true,"href":"https:\/\/mersingazetesi.com\/index.php\/wp-json\/wp\/v2\/tags?post=131898"}],"curies":[{"name":"wp","href":"https:\/\/api.w.org\/{rel}","templated":true}]}}