{"id":131877,"date":"2026-04-29T15:54:59","date_gmt":"2026-04-29T12:54:59","guid":{"rendered":"https:\/\/mersingazetesi.com\/?p=131877"},"modified":"2026-04-29T15:54:59","modified_gmt":"2026-04-29T12:54:59","slug":"mersin-1-trilyon-liralik-uretim-hedefine-ulasti","status":"publish","type":"post","link":"https:\/\/mersingazetesi.com\/index.php\/2026\/04\/29\/mersin-1-trilyon-liralik-uretim-hedefine-ulasti\/","title":{"rendered":"\u201cMersin 1 Trilyon Liral\u0131k \u00dcretim Hedefine Ula\u015ft\u0131\u201d"},"content":{"rendered":"<p>Milliyet\u00e7i Hareket Partisi Mersin Milletvekili\u00a0<strong>Levent Uysal<\/strong>, T\u00fcrkiye B\u00fcy\u00fck Millet Meclisi\u2019nde yapt\u0131\u011f\u0131 konu\u015fmada Mersin\u2019in 2025 y\u0131l\u0131 ekonomik performans\u0131n\u0131, kamu yat\u0131r\u0131mlar\u0131n\u0131, ihracat kapasitesini ve istihdam alan\u0131ndaki geli\u015fmelerini de\u011ferlendirdi.<\/p>\n<p>Uysal, konu\u015fmas\u0131nda Mersin\u2019in\u00a0<strong>1 trilyon liral\u0131k \u00fcretim hedefini ger\u00e7ekle\u015ftirdi\u011fini<\/strong>\u00a0belirterek, bu ba\u015far\u0131n\u0131n \u00fcreticilerin gayreti, yat\u0131r\u0131mc\u0131lar\u0131n cesareti, \u00e7al\u0131\u015fanlar\u0131n al\u0131n teri ve devletin kararl\u0131 iradesinin ortak sonucu oldu\u011funu ifade etti. Mersin\u2019in yeni hedefinin\u00a0<strong>2 trilyon liral\u0131k \u00fcretim kapasitesine ula\u015fmak<\/strong>\u00a0oldu\u011funu vurgulayan Uysal, kentin T\u00fcrkiye\u2019nin en b\u00fcy\u00fck 5 ili aras\u0131nda yer almas\u0131 i\u00e7in \u00e7al\u0131\u015fmalar\u0131n kararl\u0131l\u0131kla s\u00fcrd\u00fc\u011f\u00fcn\u00fc s\u00f6yledi.<\/p>\n<p><strong>2025\u2019te Mersin\u2019e 37 Milyar Liral\u0131k Kamu Yat\u0131r\u0131m\u0131<\/strong><\/p>\n<p>Milletvekili Uysal, 2025 y\u0131l\u0131nda Mersin\u2019de toplam b\u00fct\u00e7esi\u00a0<strong>250 milyar lira<\/strong>\u00a0olan\u00a0<strong>400 proje<\/strong>\u00a0i\u00e7in\u00a0<strong>37 milyar lira yat\u0131r\u0131m harcamas\u0131<\/strong>\u00a0yap\u0131ld\u0131\u011f\u0131n\u0131, bu projelerden\u00a0<strong>100\u2019\u00fcn\u00fcn tamamland\u0131\u011f\u0131n\u0131<\/strong>\u00a0a\u00e7\u0131klad\u0131.<\/p>\n<p>2026 y\u0131l\u0131n\u0131n ilk \u00fc\u00e7 ay\u0131nda da yat\u0131r\u0131mlar\u0131n devam etti\u011fini belirten Uysal; DS\u0130 taraf\u0131ndan\u00a0<strong>3 sulama projesinin<\/strong>, Karayollar\u0131 taraf\u0131ndan\u00a0<strong>5 kilometre yol ve 1 t\u00fcnelin<\/strong>, Milli E\u011fitim M\u00fcd\u00fcrl\u00fc\u011f\u00fc taraf\u0131ndan ise\u00a0<strong>5 okul g\u00fc\u00e7lendirme ve 2 yeni okul projesinin<\/strong>\u00a0tamamland\u0131\u011f\u0131n\u0131 ifade etti.<\/p>\n<p>Uysal, Mersin genelinde h\u00e2len\u00a0<strong>65 sulama tesisi<\/strong>,\u00a0<strong>50 okul in\u015faat\u0131<\/strong>,\u00a0<strong>25 trafo santrali<\/strong>,\u00a0<strong>15 hastane<\/strong>,\u00a0<strong>5 toplu konut projesi<\/strong>\u00a0ve\u00a0<strong>5 sosyal hizmet merkezi<\/strong>\u00a0yap\u0131m \u00e7al\u0131\u015fmalar\u0131n\u0131n s\u00fcrd\u00fc\u011f\u00fcn\u00fc belitti.<\/p>\n<p>Sanayi alan\u0131ndaki yat\u0131r\u0131mlara da de\u011finen Uysal,\u00a0<strong>3 bin yeni istihdam<\/strong>\u00a0sa\u011flamas\u0131 beklenen, toplam\u00a0<strong>28 milyar lira b\u00fct\u00e7eli 200 yat\u0131r\u0131m te\u015fvik projesi<\/strong>\u00a0ile Mersin sanayisinin daha da canlanaca\u011f\u0131n\u0131 ifade etti.<\/p>\n<p><strong>Mersin\u2019den T\u00fcrkiye Ekonomisine G\u00fc\u00e7l\u00fc Katk\u0131<\/strong><\/p>\n<p>Mersin ekonomisinin g\u00fc\u00e7lenmesinde \u00f6zel sekt\u00f6r\u00fcn \u00f6nemli bir rol \u00fcstlendi\u011fini dile getiren Uysal, 2025 y\u0131l\u0131nda Mersin\u2019in T\u00fcrkiye ekonomisine\u00a0<strong>8 milyar dolar ihracat geliri<\/strong>\u00a0sa\u011flad\u0131\u011f\u0131n\u0131 a\u00e7\u0131klad\u0131.<\/p>\n<p>Uysal ayr\u0131ca, Mersin Serbest B\u00f6lgesi\u2019nin ticaret hacminin\u00a0<strong>4 milyar dolara<\/strong>\u00a0ula\u015ft\u0131\u011f\u0131n\u0131 belirterek, kentin \u00fcretim ve ticaret potansiyelinin her ge\u00e7en y\u0131l daha da b\u00fcy\u00fcd\u00fc\u011f\u00fcn\u00fc vurgulad\u0131. Milletvekili Uysal, 2025 y\u0131l\u0131nda Mersin\u2019in T\u00fcrkiye b\u00fct\u00e7esine\u00a0<strong>125 milyar lira net katk\u0131<\/strong>\u00a0sundu\u011funu belirtti.<\/p>\n<p><strong>\u0130\u015eKUR Arac\u0131l\u0131\u011f\u0131yla 35 Bin Ki\u015fiye \u0130stihdam<\/strong><\/p>\n<p>\u0130stihdam alan\u0131ndaki geli\u015fmelere de dikkat \u00e7eken Uysal, \u0130\u015eKUR arac\u0131l\u0131\u011f\u0131yla\u00a0<strong>35 bin ki\u015fiye i\u015f imk\u00e2n\u0131<\/strong>\u00a0sa\u011fland\u0131\u011f\u0131n\u0131 s\u00f6yledi.<\/p>\n<p>&nbsp;<\/p>\n<p><strong>\u201cG\u00fcvenli ve Huzurlu Bir Mersin\u2019de Ya\u015f\u0131yoruz\u201d<\/strong><\/p>\n<p>Konu\u015fmas\u0131nda Mersin\u2019in g\u00fcvenlik ve huzur ortam\u0131na da de\u011finen Uysal, kolluk kuvvetlerinin \u00f6zverili \u00e7al\u0131\u015fmalar\u0131 sayesinde g\u00fcvenli ve huzurlu bir Mersin\u2019de ya\u015fand\u0131\u011f\u0131n\u0131 ifade etti.<\/p>\n<p>Uysal; Mersin Valili\u011fi\u2019ne, emniyet te\u015fkilat\u0131na, jandarma komutanl\u0131\u011f\u0131na, il ve il\u00e7e m\u00fcd\u00fcrl\u00fcklerine, belediye ba\u015fkanlar\u0131na, muhtarlara, oda ve borsa ba\u015fkanlar\u0131na ve sivil toplum kurulu\u015fu temsilcilerine te\u015fekk\u00fcr etti.<\/p>\n<p><strong>K\u00fclt\u00fcr Yolu Festivali\u2019ne Davet<\/strong><\/p>\n<p>Mersin Milletvekili Levent Uysal, konu\u015fmas\u0131nda vatanda\u015flar\u0131\u00a0<strong>9-17 May\u0131s tarihleri aras\u0131nda Mersin\u2019de d\u00fczenlenecek K\u00fclt\u00fcr Yolu Festivali\u2019ne<\/strong>\u00a0davet etti.<\/p>\n<p><strong>Mersin \u0130\u00e7in Taleplerini S\u0131ralad\u0131<\/strong><\/p>\n<p>Uysal, Mersin\u2019in daha fazla b\u00fcy\u00fcmesi ve geli\u015fmesi i\u00e7in baz\u0131 talepleri de TBMM g\u00fcndemine ta\u015f\u0131d\u0131. Bu kapsamda;<\/p>\n<p><strong>2B arazilerinin mevcut kullan\u0131c\u0131lar\u0131na sat\u0131lmas\u0131 veya kiralanmas\u0131<\/strong>,<br \/>\n<strong>\u00e7ift\u00e7ilere indirimli su ve enerji sa\u011flanmas\u0131<\/strong>,<br \/>\n<strong>\u00e7ift\u00e7i kad\u0131nlara y\u0131pranma pay\u0131 ve sigorta prim deste\u011fi verilmesi<\/strong>\u00a0gerekti\u011fini ifade etti.<\/p>\n<p>Milletvekili Uysal, konu\u015fmas\u0131n\u0131 \u015fu s\u00f6zlerle tamamlad\u0131:<\/p>\n<p>\u201cG\u00fcndemimiz Mersin, hedefimiz g\u00fc\u00e7l\u00fc T\u00fcrkiye. G\u00fc\u00e7l\u00fc, huzurlu ve g\u00fcvenli Mersin i\u00e7in \u00e7al\u0131\u015fmaya devam edece\u011fiz.\u201d<\/p>\n<p>&nbsp;<\/p>\n<p>Formun \u00dcst\u00fc<\/p>\n<p>&nbsp;<\/p>\n","protected":false},"excerpt":{"rendered":"<p>Milliyet\u00e7i Hareket Partisi Mersin Milletvekili\u00a0Levent Uysal, T\u00fcrkiye B\u00fcy\u00fck Millet Meclisi\u2019nde yapt\u0131\u011f\u0131 konu\u015fmada Mersin\u2019in 2025 y\u0131l\u0131 ekonomik performans\u0131n\u0131, kamu yat\u0131r\u0131mlar\u0131n\u0131, ihracat kapasitesini ve istihdam alan\u0131ndaki geli\u015fmelerini de\u011ferlendirdi. Uysal, konu\u015fmas\u0131nda Mersin\u2019in\u00a01 trilyon liral\u0131k \u00fcretim hedefini ger\u00e7ekle\u015ftirdi\u011fini\u00a0belirterek, bu ba\u015far\u0131n\u0131n \u00fcreticilerin gayreti, yat\u0131r\u0131mc\u0131lar\u0131n cesareti, \u00e7al\u0131\u015fanlar\u0131n al\u0131n teri ve devletin kararl\u0131 iradesinin ortak sonucu oldu\u011funu ifade etti. Mersin\u2019in yeni hedefinin\u00a02 [&hellip;]<\/p>\n","protected":false},"author":2,"featured_media":118151,"comment_status":"open","ping_status":"open","sticky":false,"template":"","format":"standard","meta":{"footnotes":""},"categories":[1],"tags":[],"class_list":["post-131877","post","type-post","status-publish","format-standard","has-post-thumbnail","hentry","category-gundem"],"views":73,"_links":{"self":[{"href":"https:\/\/mersingazetesi.com\/index.php\/wp-json\/wp\/v2\/posts\/131877","targetHints":{"allow":["GET"]}}],"collection":[{"href":"https:\/\/mersingazetesi.com\/index.php\/wp-json\/wp\/v2\/posts"}],"about":[{"href":"https:\/\/mersingazetesi.com\/index.php\/wp-json\/wp\/v2\/types\/post"}],"author":[{"embeddable":true,"href":"https:\/\/mersingazetesi.com\/index.php\/wp-json\/wp\/v2\/users\/2"}],"replies":[{"embeddable":true,"href":"https:\/\/mersingazetesi.com\/index.php\/wp-json\/wp\/v2\/comments?post=131877"}],"version-history":[{"count":1,"href":"https:\/\/mersingazetesi.com\/index.php\/wp-json\/wp\/v2\/posts\/131877\/revisions"}],"predecessor-version":[{"id":131878,"href":"https:\/\/mersingazetesi.com\/index.php\/wp-json\/wp\/v2\/posts\/131877\/revisions\/131878"}],"wp:featuredmedia":[{"embeddable":true,"href":"https:\/\/mersingazetesi.com\/index.php\/wp-json\/wp\/v2\/media\/118151"}],"wp:attachment":[{"href":"https:\/\/mersingazetesi.com\/index.php\/wp-json\/wp\/v2\/media?parent=131877"}],"wp:term":[{"taxonomy":"category","embeddable":true,"href":"https:\/\/mersingazetesi.com\/index.php\/wp-json\/wp\/v2\/categories?post=131877"},{"taxonomy":"post_tag","embeddable":true,"href":"https:\/\/mersingazetesi.com\/index.php\/wp-json\/wp\/v2\/tags?post=131877"}],"curies":[{"name":"wp","href":"https:\/\/api.w.org\/{rel}","templated":true}]}}