{"id":131871,"date":"2026-04-29T13:25:22","date_gmt":"2026-04-29T10:25:22","guid":{"rendered":"https:\/\/mersingazetesi.com\/?p=131871"},"modified":"2026-04-29T13:25:22","modified_gmt":"2026-04-29T10:25:22","slug":"bayram-ikramiyesi-ne-kadar-olacak","status":"publish","type":"post","link":"https:\/\/mersingazetesi.com\/index.php\/2026\/04\/29\/bayram-ikramiyesi-ne-kadar-olacak\/","title":{"rendered":"Bayram ikramiyesi ne kadar olacak?"},"content":{"rendered":"<p>\u00c7al\u0131\u015fma ve Sosyal G\u00fcvenlik Bakan\u0131\u00a0Vedat I\u015f\u0131khan, AKP&#8217;nin grup toplant\u0131s\u0131 \u00f6ncesi bas\u0131n mensuplar\u0131na a\u00e7\u0131klamalarda bulundu.<\/p>\n<p>I\u015f\u0131khan, 27-30 May\u0131s tarihlerindeki\u00a0Kurban Bayram\u0131\u00a0i\u00e7in emeklilere verilecek ikramiyenin miktar\u0131n\u0131 a\u00e7\u0131klad\u0131.<\/p>\n<div id=\"feedbannerslot2\"><\/div>\n<p>Emeklilere bu bayramda da Ramazan bayram\u0131nda oldu\u011fu gibi 4 bin TL \u00f6denecek.<\/p>\n<p>Konuyla ilgili a\u00e7\u0131klama yapan \u00c7al\u0131\u015fma ve Sosyal G\u00fcvenlik Bakan\u0131 Vedat I\u015f\u0131khan,\u00a0&#8220;Kurban bayram\u0131 ikramiyelerini ramazan bayram\u0131nda oldu\u011fu gibi ayn\u0131 miktarda verece\u011fiz. Erken \u00f6denmesiyle ilgili \u00e7al\u0131\u015fma yap\u0131l\u0131r&#8221; dedi.<\/p>\n","protected":false},"excerpt":{"rendered":"<p>\u00c7al\u0131\u015fma ve Sosyal G\u00fcvenlik Bakan\u0131\u00a0Vedat I\u015f\u0131khan, AKP&#8217;nin grup toplant\u0131s\u0131 \u00f6ncesi bas\u0131n mensuplar\u0131na a\u00e7\u0131klamalarda bulundu. I\u015f\u0131khan, 27-30 May\u0131s tarihlerindeki\u00a0Kurban Bayram\u0131\u00a0i\u00e7in emeklilere verilecek ikramiyenin miktar\u0131n\u0131 a\u00e7\u0131klad\u0131. Emeklilere bu bayramda da Ramazan bayram\u0131nda oldu\u011fu gibi 4 bin TL \u00f6denecek. Konuyla ilgili a\u00e7\u0131klama yapan \u00c7al\u0131\u015fma ve Sosyal G\u00fcvenlik Bakan\u0131 Vedat I\u015f\u0131khan,\u00a0&#8220;Kurban bayram\u0131 ikramiyelerini ramazan bayram\u0131nda oldu\u011fu gibi ayn\u0131 miktarda [&hellip;]<\/p>\n","protected":false},"author":2,"featured_media":131872,"comment_status":"open","ping_status":"open","sticky":false,"template":"","format":"standard","meta":{"footnotes":""},"categories":[1],"tags":[],"class_list":["post-131871","post","type-post","status-publish","format-standard","has-post-thumbnail","hentry","category-gundem"],"views":74,"_links":{"self":[{"href":"https:\/\/mersingazetesi.com\/index.php\/wp-json\/wp\/v2\/posts\/131871","targetHints":{"allow":["GET"]}}],"collection":[{"href":"https:\/\/mersingazetesi.com\/index.php\/wp-json\/wp\/v2\/posts"}],"about":[{"href":"https:\/\/mersingazetesi.com\/index.php\/wp-json\/wp\/v2\/types\/post"}],"author":[{"embeddable":true,"href":"https:\/\/mersingazetesi.com\/index.php\/wp-json\/wp\/v2\/users\/2"}],"replies":[{"embeddable":true,"href":"https:\/\/mersingazetesi.com\/index.php\/wp-json\/wp\/v2\/comments?post=131871"}],"version-history":[{"count":1,"href":"https:\/\/mersingazetesi.com\/index.php\/wp-json\/wp\/v2\/posts\/131871\/revisions"}],"predecessor-version":[{"id":131873,"href":"https:\/\/mersingazetesi.com\/index.php\/wp-json\/wp\/v2\/posts\/131871\/revisions\/131873"}],"wp:featuredmedia":[{"embeddable":true,"href":"https:\/\/mersingazetesi.com\/index.php\/wp-json\/wp\/v2\/media\/131872"}],"wp:attachment":[{"href":"https:\/\/mersingazetesi.com\/index.php\/wp-json\/wp\/v2\/media?parent=131871"}],"wp:term":[{"taxonomy":"category","embeddable":true,"href":"https:\/\/mersingazetesi.com\/index.php\/wp-json\/wp\/v2\/categories?post=131871"},{"taxonomy":"post_tag","embeddable":true,"href":"https:\/\/mersingazetesi.com\/index.php\/wp-json\/wp\/v2\/tags?post=131871"}],"curies":[{"name":"wp","href":"https:\/\/api.w.org\/{rel}","templated":true}]}}